{"id":31232,"date":"2025-04-17T08:28:29","date_gmt":"2025-04-17T08:28:29","guid":{"rendered":"https:\/\/www.europesays.com\/fr\/31232\/"},"modified":"2025-04-17T08:28:29","modified_gmt":"2025-04-17T08:28:29","slug":"un-premier-atelier-de-photo-collage-pour-yssingeaux-cite-du-bord-de-mer","status":"publish","type":"post","link":"https:\/\/www.europesays.com\/fr\/31232\/","title":{"rendered":"Un premier atelier de photo-collage pour \u00ab\u00a0Yssingeaux, cit\u00e9 du bord de mer\u00a0\u00bb"},"content":{"rendered":"<p>\t\t\t\t\t\t\t\t\t\t\t\t\t\t\t\t\t\t\t\t\t\t\t\t\t\t\t\t\t\t\t\t\t\t\t\t\t\t\t\t\t\t\t\t\t\t\t\t\t\t\t\t\t\t\t\t\t\t\t\t\t\t\t<a href=\"https:\/\/www.lacommere43.fr\/component\/banners\/click\/1751.html\" target=\"_blank\" title=\"Chevalier Fr\u00e8res avril 2025\" rel=\"nofollow noopener\"><br \/>\n\t\t\t\t\t\t\t<img decoding=\"async\" src=\"https:\/\/www.europesays.com\/fr\/wp-content\/uploads\/2025\/04\/chevalier-fraise.jpg\" alt=\"Chevalier Fr\u00e8res avril 2025\"\/><br \/>\n\t\t\t\t\t\t<\/a><\/p>\n<p>\t\t\t\t\t\t\t\t\t\t\t\t\t\t\t\t\t\t\t\t\t\t\t\t\t\t\t\t\t\t\t\t\t\t\t\t\t\t\t\t\t\t\t\t\t\t\t\t\t\t\t\t\t\t\t\t\t\t\t\t\t\t\t<a href=\"https:\/\/www.lacommere43.fr\/component\/banners\/click\/1756.html\" target=\"_blank\" title=\"Retournac Foire P\u00e2querettes avril 2025\" rel=\"nofollow noopener\"><br \/>\n\t\t\t\t\t\t\t<img decoding=\"async\" src=\"https:\/\/www.europesays.com\/fr\/wp-content\/uploads\/2025\/04\/1744600873_360_paquerettes-2025.gif\" alt=\"Retournac Foire P\u00e2querettes avril 2025\"\/><br \/>\n\t\t\t\t\t\t<\/a><\/p>\n<p><strong>Un projet artistique et participatif, \u00ab\u00a0Yssingeaux, cit\u00e9 du bord de mer\u00a0\u00bb, a d\u00e9but\u00e9 et mardi, une animation de photo-collage \u00e9tait propos\u00e9e au Flow avec Beno\u00eet Gomez-Kaine, l&rsquo;un des quatre artistes.<\/strong><\/p>\n<p>L\u2019objectif est de porter un regard nouveau sur le territoire en transformant l\u2019espace public \u00e0 travers des cr\u00e9ations artistiques inspir\u00e9es du bord de mer. Gr\u00e2ce \u00e0 cette d\u00e9marche, Yssingeaux devient un espace d\u2019imagination et d\u2019\u00e9vasion pour ses habitants.<\/p>\n<p>Mardi, Benoit Gomez-Kaine a rappel\u00e9 le projet en s&rsquo;appuyant sur des travaux r\u00e9alis\u00e9s pr\u00e9c\u00e9demment dans les \u00e9coles. Apr\u00e8s une rapide appropriation des appareils photos avec des prises de vues en int\u00e9rieur, les participants sont partis \u00e0 l&rsquo;ext\u00e9rieur pour incarner un groupe de p\u00eacheurs, des vendeurs de poissons \u00e0 la cri\u00e9e ou encore des clients et serveuses dans un bar.<\/p>\n<p>Ces photos seront tir\u00e9es \u00e0 l&rsquo;imprimante et on rajoutera par collage, les cannes \u00e0 p\u00eache, un paysage de rochers du bord de mer, des \u00e9tals de poisson, un plateau et un verre de Pulco \u00e0 la serveuse dont la terrasse sera ombrag\u00e9e par des palmiers.<\/p>\n<p>Yssingeaux, cit\u00e9 de bord de mer, c&rsquo;est maintenant ! Avec les embruns en prime&#8230;<\/p>\n","protected":false},"excerpt":{"rendered":"Un projet artistique et participatif, \u00ab\u00a0Yssingeaux, cit\u00e9 du bord de mer\u00a0\u00bb, a d\u00e9but\u00e9 et mardi, une animation de&hellip;\n","protected":false},"author":2,"featured_media":31233,"comment_status":"","ping_status":"","sticky":false,"template":"","format":"standard","meta":{"footnotes":""},"categories":[1358],"tags":[2281,1348,1384,1385,1386,58,59,2282,1011,27,2280,2284,2285,2283],"class_list":{"0":"post-31232","1":"post","2":"type-post","3":"status-publish","4":"format-standard","5":"has-post-thumbnail","7":"category-arts-et-design","8":"tag-actualite-43","9":"tag-arts","10":"tag-arts-and-design","11":"tag-arts-et-design","12":"tag-design","13":"tag-divertissement","14":"tag-entertainment","15":"tag-faits-divers-auvergne","16":"tag-fr","17":"tag-france","18":"tag-information-haute-loire","19":"tag-infos-43","20":"tag-journal-haute-loire","21":"tag-la-commere-43"},"share_on_mastodon":{"url":"https:\/\/pubeurope.com\/@fr\/114352364191854301","error":""},"_links":{"self":[{"href":"https:\/\/www.europesays.com\/fr\/wp-json\/wp\/v2\/posts\/31232","targetHints":{"allow":["GET"]}}],"collection":[{"href":"https:\/\/www.europesays.com\/fr\/wp-json\/wp\/v2\/posts"}],"about":[{"href":"https:\/\/www.europesays.com\/fr\/wp-json\/wp\/v2\/types\/post"}],"author":[{"embeddable":true,"href":"https:\/\/www.europesays.com\/fr\/wp-json\/wp\/v2\/users\/2"}],"replies":[{"embeddable":true,"href":"https:\/\/www.europesays.com\/fr\/wp-json\/wp\/v2\/comments?post=31232"}],"version-history":[{"count":0,"href":"https:\/\/www.europesays.com\/fr\/wp-json\/wp\/v2\/posts\/31232\/revisions"}],"wp:featuredmedia":[{"embeddable":true,"href":"https:\/\/www.europesays.com\/fr\/wp-json\/wp\/v2\/media\/31233"}],"wp:attachment":[{"href":"https:\/\/www.europesays.com\/fr\/wp-json\/wp\/v2\/media?parent=31232"}],"wp:term":[{"taxonomy":"category","embeddable":true,"href":"https:\/\/www.europesays.com\/fr\/wp-json\/wp\/v2\/categories?post=31232"},{"taxonomy":"post_tag","embeddable":true,"href":"https:\/\/www.europesays.com\/fr\/wp-json\/wp\/v2\/tags?post=31232"}],"curies":[{"name":"wp","href":"https:\/\/api.w.org\/{rel}","templated":true}]}}