{"id":312326,"date":"2025-08-11T19:47:10","date_gmt":"2025-08-11T19:47:10","guid":{"rendered":"https:\/\/www.europesays.com\/fr\/312326\/"},"modified":"2025-08-11T19:47:10","modified_gmt":"2025-08-11T19:47:10","slug":"les-changements-a-venir-sur-le-per-vont-ils-menacer-votre-epargne-retraite-ce-que-vous-devez-absolument-savoir","status":"publish","type":"post","link":"https:\/\/www.europesays.com\/fr\/312326\/","title":{"rendered":"Les changements \u00e0 venir sur le PER vont-ils menacer votre \u00e9pargne retraite ? Ce que vous devez absolument savoir"},"content":{"rendered":"<p>Depuis son lancement en grande pompe en 2019, le Plan d&rsquo;\u00c9pargne Retraite (PER) s&rsquo;est taill\u00e9 une place de choix dans le paysage de l&rsquo;\u00e9pargne fran\u00e7aise, s\u00e9duisant \u00e0 la fois jeunes actifs et seniors prudents. Mais voil\u00e0 qu&rsquo;en cette deuxi\u00e8me moiti\u00e9 de 2025, aussi dynamique soit-il, le march\u00e9 du PER bruisse de rumeurs : fiscalit\u00e9 repens\u00e9e, conditions de sortie remodel\u00e9es, exigences d&rsquo;investissement responsables&#8230; Faut-il craindre pour son \u00e9pargne durement constitu\u00e9e ? Apr\u00e8s le grand succ\u00e8s de ces derni\u00e8res ann\u00e9es, la question revient en force : les changements \u00e0 venir sur le PER vont-ils d\u00e9stabiliser cette solution devenue incontournable ? Voici ce qu&rsquo;il faut <strong>absolument savoir<\/strong> pour anticiper, ajuster et \u00e9viter les mauvaises surprises alors que les textes r\u00e9glementaires s&rsquo;appr\u00eatent \u00e0 \u00e9voluer.<\/p>\n<p>L&rsquo;essor foudroyant du PER : entre succ\u00e8s populaire et surveillance accrue<br \/>\n Comment le PER est-il devenu le chouchou de l&rsquo;\u00e9pargne retraite ?<\/p>\n<p>Depuis l&rsquo;entr\u00e9e en vigueur de la loi Pacte, le PER individuel s&rsquo;est hiss\u00e9 au sommet des placements pr\u00e9f\u00e9r\u00e9s des Fran\u00e7ais pour pr\u00e9parer leur retraite. Avec des incitations fiscales attractives, une flexibilit\u00e9 modulable \u2013 possibilit\u00e9 de <a href=\"https:\/\/journaldesseniors.20minutes.fr\/retraite\/rente-viagere-ou-retrait-en-capital-ce-que-90-des-retraites-ignorent-sur-le-financement-de-leur-per\/\" target=\"_blank\" rel=\"noopener\">sortie en capital ou en rente<\/a> \u2013 et la possibilit\u00e9 de transf\u00e9rer son \u00e9pargne depuis d&rsquo;anciens dispositifs (Perp, Madelin, article 83), pas \u00e9tonnant que plus de <strong>2,7 millions de contrats<\/strong> aient \u00e9t\u00e9 souscrits en \u00e0 peine six ans. Aujourd&rsquo;hui, le PER attire autant ceux qui souhaitent optimiser leur imp\u00f4t que les \u00e9pargnants soucieux de contr\u00f4ler leurs placements, dans une France o\u00f9 l&rsquo;allongement de la dur\u00e9e de vie soul\u00e8ve plus que jamais la question des ressources \u00e0 la retraite.<\/p>\n<p> L&rsquo;engouement du PER attire-t-il l&rsquo;attention des l\u00e9gislateurs ?<\/p>\n<p>Le revers de la m\u00e9daille n&rsquo;a pas tard\u00e9 : \u00e0 mesure que le PER draine des milliards d&rsquo;euros, il devient le centre d&rsquo;attention des pouvoirs publics. <strong>Objectif double :<\/strong> \u00e9viter les d\u00e9rives fiscales et garantir l&rsquo;\u00e9quilibre entre attractivit\u00e9 pour l&rsquo;\u00e9pargnant et soutenabilit\u00e9 pour l&rsquo;\u00c9tat. Mieux encadrer, ajuster la fiscalit\u00e9, renforcer la transparence&#8230; Les discussions engag\u00e9es depuis d\u00e9but 2025 au Parlement illustrent la volont\u00e9 de poser de nouveaux garde-fous. La r\u00e9glementation envisage aussi de <strong>verdir davantage l&rsquo;\u00e9pargne<\/strong>, dans la droite ligne des engagements ESG.<\/p>\n<p> Quelles sont les nouvelles r\u00e8gles susceptibles de modifier votre strat\u00e9gie d&rsquo;\u00e9pargne retraite ?<br \/>\n Vers une fiscalit\u00e9 moins avantageuse ? Les pistes sur la table<\/p>\n<p>Jusqu&rsquo;\u00e0 aujourd&rsquo;hui, le PER brille par ses avantages fiscaux : d\u00e9duction des versements volontaires du revenu imposable, possibilit\u00e9 de sortir en capital avec un forfait de 10 % sur les gains, exon\u00e9ration totale pour la partie d\u00e9tenue depuis plus de huit ans&#8230; Mais les r\u00e9formes \u00e0 venir promettent de <strong>redessiner les contours<\/strong> de ces privil\u00e8ges. Parmi les mesures phares annonc\u00e9es pour fin 2025 :<\/p>\n<ul>\n<li><strong>R\u00e9duction progressive de la fiscalit\u00e9 lors des retraits en capital<\/strong>, notamment pour les petits retrait\u00e9s ; un soulagement pour les plus modestes.<\/li>\n<li><strong>Harmonisation des plafonds de sortie<\/strong>, \u00e9vitant la double imposition par rapport \u00e0 l&rsquo;assurance-vie.<\/li>\n<li>Incitation accrue \u00e0 opter pour la rente viag\u00e8re gr\u00e2ce \u00e0 un <strong>plancher garanti \u00e0 la sortie<\/strong>.<\/li>\n<\/ul>\n<p>De quoi revaloriser \u2013 ou complexifier selon les profils \u2013 le sch\u00e9ma de sortie pour certains \u00e9pargnants.<\/p>\n<p> Des restrictions \u00e0 pr\u00e9voir sur versements et transferts ?<\/p>\n<p>Les discussions actuelles annoncent \u00e9galement un <strong>durcissement des conditions de transfert<\/strong> entre contrats, pour \u00e9viter une course aux offres les plus agressives. Pour autant, bonne nouvelle pour les \u00e9pargnants fid\u00e8les, tout contrat sup\u00e9rieur \u00e0 2 500 \u20ac b\u00e9n\u00e9ficiera du <strong>remboursement automatique des frais de transfert<\/strong> d\u00e8s 2026. Enfin, la future r\u00e9glementation obligera \u00e0 int\u00e9grer au moins <strong>20 % d&rsquo;actifs labellis\u00e9s ISR (Investissement Socialement Responsable)<\/strong> dans chaque nouveau PER, ce qui implique pour l&rsquo;\u00e9pargnant une veille plus attentive sur la composition de son contrat.<\/p>\n<p>Prot\u00e9ger et optimiser son PER : les mesures \u00e0 adopter sans attendre<br \/>\n Anticiper les modifications pour s\u00e9curiser son \u00e9pargne<\/p>\n<p>Toujours vigilant, l&rsquo;\u00e9pargnant averti prend de l&rsquo;avance : premi\u00e8re \u00e9tape, passer en revue son contrat actuel et examiner ses <strong>modalit\u00e9s de sortie<\/strong> (en capital ou en rente, acc\u00e8s anticip\u00e9 en cas de coup dur). S\u00e9curiser la portabilit\u00e9 avant le renforcement des restrictions, comparer les <strong>clauses de transfert<\/strong> et anticiper les impacts d&rsquo;un \u00e9ventuel changement de l\u00e9gislation fiscale sont les bonnes pratiques \u00e0 adopter d\u00e8s aujourd&rsquo;hui.<\/p>\n<p> Les r\u00e9flexes incontournables pour tirer le meilleur parti de son PER<\/p>\n<p>Un bon gestionnaire de PER privil\u00e9gie d\u00e9sormais la <strong>diversification ESG<\/strong>, afin de r\u00e9pondre aux exigences \u00e0 venir, tout en surveillant de pr\u00e8s la rentabilit\u00e9 et la transparence du reporting climat. Il convient \u00e9galement de <strong>profiter des fen\u00eatres de transfert gratuites<\/strong> avant la fin de l&rsquo;ann\u00e9e si des frais sont encore appliqu\u00e9s. Enfin, la <strong>simulation de plusieurs sc\u00e9narios de sortie<\/strong> (capital versus rente viag\u00e8re) peut affiner votre strat\u00e9gie selon votre future tranche d&rsquo;imposition.<\/p>\n<p>Regarder vers l&rsquo;avenir du PER : quelles cons\u00e9quences pour votre retraite ?<br \/>\n Les sp\u00e9cialistes s&rsquo;accordent sur des \u00e9volutions majeures<\/p>\n<p>Un consensus se d\u00e9gage parmi les experts : le PER post-2025 sera plus <strong>encadr\u00e9, transparent et responsable<\/strong>. Le virage ESG s&rsquo;ancre dans la dur\u00e9e, rassurant les \u00e9pargnants soucieux de donner du sens \u00e0 leur argent. Mais ce renforcement r\u00e9glementaire, s&rsquo;il prot\u00e8ge du greenwashing, suppose aussi pour chacun de rester en alerte sur <strong>la fiscalit\u00e9 et les clauses contractuelles<\/strong> qui \u00e9voluent constamment.<\/p>\n<p> Qui sera le plus concern\u00e9 par les changements ?<\/p>\n<p>Les d\u00e9tenteurs de PER souscrits avant 2026 profiteront, selon les arbitrages, d&rsquo;un r\u00e9gime d&rsquo;ant\u00e9riorit\u00e9 parfois plus avantageux. Les nouveaux souscripteurs \u00e0 partir de janvier 2026 devront composer avec des normes dynamiques : imp\u00e9ratifs ISR, transferts simplifi\u00e9s mais surveill\u00e9s, choix de supports plus encadr\u00e9s&#8230; Quant aux ind\u00e9pendants (ex-Madelin), l&rsquo;harmonisation fiscale facilitera leur sortie en capital ou en rente. Les jeunes actifs, <strong>sensibles \u00e0 la transparence et \u00e0 la durabilit\u00e9<\/strong>, trouveront des contrats plus adapt\u00e9s \u00e0 leurs valeurs mais devront veiller \u00e0 ne pas n\u00e9gliger les aspects fiscaux.<\/p>\n<p>En r\u00e9sum\u00e9 : comment garder l&rsquo;avantage et piloter sa retraite avec s\u00e9r\u00e9nit\u00e9 ?<br \/>\n Les points cl\u00e9s \u00e0 surveiller pour rester aux commandes<\/p>\n<p>Le contexte actuel impose de rester proactif et inform\u00e9 sur les \u00e9volutions r\u00e9glementaires. Les \u00e9pargnants avertis doivent <strong>programmer des bilans r\u00e9guliers<\/strong> de leur PER pour s&rsquo;adapter aux changements. \u00c0 surveiller de pr\u00e8s :<\/p>\n<ul>\n<li>La future fiscalit\u00e9 des retraits : comparer son profil avant et apr\u00e8s r\u00e9forme<\/li>\n<li>La part ISR dans son contrat : plus de transparence et moins de greenwashing<\/li>\n<li>La portabilit\u00e9 et les frais de transfert : profiter des opportunit\u00e9s pour optimiser<\/li>\n<li>Les options de sortie anticip\u00e9e : s\u00e9curit\u00e9 en cas de coup dur ou d&rsquo;achat immobilier<\/li>\n<\/ul>\n<p> Conseils pratiques pour aborder sereinement l&rsquo;avenir du PER<\/p>\n<p>Mieux vaut pr\u00e9venir que gu\u00e9rir : anticiper un transfert si besoin, relire son contrat, demander conseil \u00e0 son gestionnaire financier sur la transition ISR et simuler plusieurs sc\u00e9narios de sortie permettent d&rsquo;\u00e9viter les mauvaises surprises. Un <strong>bon pilotage de son PER garantit une tranquillit\u00e9 d&rsquo;esprit<\/strong> face aux incertitudes r\u00e9glementaires. Le PER \u00e9volue, mais il reste \u2013 bien g\u00e9r\u00e9 \u2013 l&rsquo;atout confiance d&rsquo;une \u00e9pargne retraite moderne.<\/p>\n<tr>\nTh\u00e9matique<br \/>\n\u00c9volutions attendues<br \/>\nCons\u00e9quences pour l&rsquo;\u00e9pargnant<br \/>\n<\/tr>\n<tr>\n<td>Sortie anticip\u00e9e<\/td>\n<td>D\u00e9caissement partiel possible sans p\u00e9nalit\u00e9<\/td>\n<td>Flexibilit\u00e9 accrue pour projet immobilier ou urgence<\/td>\n<\/tr>\n<tr>\n<td>Fiscalit\u00e9 \u00e0 la sortie<\/td>\n<td>R\u00e9gime all\u00e9g\u00e9 au-del\u00e0 des 10 % imposables<\/td>\n<td>Moindre pression fiscale pour retraits mod\u00e9r\u00e9s<\/td>\n<\/tr>\n<tr>\n<td>Exigences ESG\/ISR<\/td>\n<td>Minimum 20 % d&rsquo;actifs labellis\u00e9s, reporting climat<\/td>\n<td>Transparence accrue, risque r\u00e9duit de greenwashing<\/td>\n<\/tr>\n<tr>\n<td>Portabilit\u00e9<\/td>\n<td>Remboursement des frais de transfert au-del\u00e0 de 2 500 \u20ac<\/td>\n<td>Mobilit\u00e9 facilit\u00e9e entre gestionnaires<\/td>\n<\/tr>\n<p>La mutation annonc\u00e9e du PER ne doit pas g\u00e9n\u00e9rer d&rsquo;inqui\u00e9tude mais plut\u00f4t stimuler la vigilance : en privil\u00e9giant la transparence, l&rsquo;agilit\u00e9 et la responsabilit\u00e9, il devient possible de transformer chaque \u00e9volution en opportunit\u00e9. <strong>L&rsquo;\u00e9pargne retraite bien g\u00e9r\u00e9e<\/strong> peut ainsi devenir un v\u00e9ritable pilier de s\u00e9curit\u00e9 financi\u00e8re pour vos ann\u00e9es futures.<\/p>\n","protected":false},"excerpt":{"rendered":"Depuis son lancement en grande pompe en 2019, le Plan d&rsquo;\u00c9pargne Retraite (PER) s&rsquo;est taill\u00e9 une place de&hellip;\n","protected":false},"author":2,"featured_media":312327,"comment_status":"","ping_status":"","sticky":false,"template":"","format":"standard","meta":{"footnotes":""},"categories":[6],"tags":[35,33,34,1011,27,56],"class_list":{"0":"post-312326","1":"post","2":"type-post","3":"status-publish","4":"format-standard","5":"has-post-thumbnail","7":"category-economie","8":"tag-business","9":"tag-economie","10":"tag-economy","11":"tag-fr","12":"tag-france","13":"tag-push"},"share_on_mastodon":{"url":"https:\/\/pubeurope.com\/@fr\/115011862117849823","error":""},"_links":{"self":[{"href":"https:\/\/www.europesays.com\/fr\/wp-json\/wp\/v2\/posts\/312326","targetHints":{"allow":["GET"]}}],"collection":[{"href":"https:\/\/www.europesays.com\/fr\/wp-json\/wp\/v2\/posts"}],"about":[{"href":"https:\/\/www.europesays.com\/fr\/wp-json\/wp\/v2\/types\/post"}],"author":[{"embeddable":true,"href":"https:\/\/www.europesays.com\/fr\/wp-json\/wp\/v2\/users\/2"}],"replies":[{"embeddable":true,"href":"https:\/\/www.europesays.com\/fr\/wp-json\/wp\/v2\/comments?post=312326"}],"version-history":[{"count":0,"href":"https:\/\/www.europesays.com\/fr\/wp-json\/wp\/v2\/posts\/312326\/revisions"}],"wp:featuredmedia":[{"embeddable":true,"href":"https:\/\/www.europesays.com\/fr\/wp-json\/wp\/v2\/media\/312327"}],"wp:attachment":[{"href":"https:\/\/www.europesays.com\/fr\/wp-json\/wp\/v2\/media?parent=312326"}],"wp:term":[{"taxonomy":"category","embeddable":true,"href":"https:\/\/www.europesays.com\/fr\/wp-json\/wp\/v2\/categories?post=312326"},{"taxonomy":"post_tag","embeddable":true,"href":"https:\/\/www.europesays.com\/fr\/wp-json\/wp\/v2\/tags?post=312326"}],"curies":[{"name":"wp","href":"https:\/\/api.w.org\/{rel}","templated":true}]}}