{"id":312333,"date":"2025-08-11T19:51:25","date_gmt":"2025-08-11T19:51:25","guid":{"rendered":"https:\/\/www.europesays.com\/fr\/312333\/"},"modified":"2025-08-11T19:51:25","modified_gmt":"2025-08-11T19:51:25","slug":"roche-la-moliere-au-chateau-le-chantier-de-lentree-et-des-granges-en-passe-daboutir","status":"publish","type":"post","link":"https:\/\/www.europesays.com\/fr\/312333\/","title":{"rendered":"Roche-la-Moli\u00e8re. Au ch\u00e2teau, le chantier de l\u2019entr\u00e9e et des granges en passe d\u2019aboutir"},"content":{"rendered":"<p>C\u2019est officiel\u00a0: les travaux de r\u00e9am\u00e9nagement de l\u2019entr\u00e9e du parc du ch\u00e2teau et de la grange touchent \u00e0 leur fin.<\/p>\n<p>\u00ab\u00a0Il reste quelques finitions pr\u00e9vues pour la fin du mois d\u2019ao\u00fbt, pr\u00e9cise Gilles Epalle, directeur du Centre technique municipal. Principalement en serrurerie et en ma\u00e7onnerie pour l\u2019entr\u00e9e du parc et en menuiserie et en \u00e9lectricit\u00e9 pour la grange du ch\u00e2teau.\u00a0\u00bb<\/p>\n<p>Pour ce qui est du chantier des vo\u00fbtes, les travaux de ma\u00e7onnerie sont termin\u00e9s\u00a0: \u00ab\u00a0Il reste la s\u00e9curisation haute des vo\u00fbtes \u00e0 mettre en place courant septembre, ajoute tout de m\u00eame Gilles Epalle. Et pour tout ce qui est li\u00e9 \u00e0 la v\u00e9g\u00e9talisation, la plantation d\u2019arbres, ou encore la mise en place du gazon, ces op\u00e9rations seront faites fin septembre, ou d\u00e9but octobre.\u00a0\u00bb Les fortes temp\u00e9ratures ne permettant pas de planter quoi que ce soit pour le moment.<\/p>\n<p>\u00ab\u00a0Les travaux de&#8230;                        <\/p>\n","protected":false},"excerpt":{"rendered":"C\u2019est officiel\u00a0: les travaux de r\u00e9am\u00e9nagement de l\u2019entr\u00e9e du parc du ch\u00e2teau et de la grange touchent \u00e0&hellip;\n","protected":false},"author":2,"featured_media":312334,"comment_status":"","ping_status":"","sticky":false,"template":"","format":"standard","meta":{"footnotes":""},"categories":[9653],"tags":[1111,11,2430,7539,436,1777,674,1011,27,12,25,12490,12491,4001],"class_list":{"0":"post-312333","1":"post","2":"type-post","3":"status-publish","4":"format-standard","5":"has-post-thumbnail","7":"category-saint-etienne","8":"tag-actu","9":"tag-actualites","10":"tag-auvergne-rhone-alpes","11":"tag-edition-loire-sud","12":"tag-environnement","13":"tag-eu","14":"tag-europe","15":"tag-fr","16":"tag-france","17":"tag-news","18":"tag-republique-francaise","19":"tag-roche-la-moliere","20":"tag-roche-la-moliere-bassin","21":"tag-saint-etienne"},"share_on_mastodon":{"url":"https:\/\/pubeurope.com\/@fr\/115011877930150046","error":""},"_links":{"self":[{"href":"https:\/\/www.europesays.com\/fr\/wp-json\/wp\/v2\/posts\/312333","targetHints":{"allow":["GET"]}}],"collection":[{"href":"https:\/\/www.europesays.com\/fr\/wp-json\/wp\/v2\/posts"}],"about":[{"href":"https:\/\/www.europesays.com\/fr\/wp-json\/wp\/v2\/types\/post"}],"author":[{"embeddable":true,"href":"https:\/\/www.europesays.com\/fr\/wp-json\/wp\/v2\/users\/2"}],"replies":[{"embeddable":true,"href":"https:\/\/www.europesays.com\/fr\/wp-json\/wp\/v2\/comments?post=312333"}],"version-history":[{"count":0,"href":"https:\/\/www.europesays.com\/fr\/wp-json\/wp\/v2\/posts\/312333\/revisions"}],"wp:featuredmedia":[{"embeddable":true,"href":"https:\/\/www.europesays.com\/fr\/wp-json\/wp\/v2\/media\/312334"}],"wp:attachment":[{"href":"https:\/\/www.europesays.com\/fr\/wp-json\/wp\/v2\/media?parent=312333"}],"wp:term":[{"taxonomy":"category","embeddable":true,"href":"https:\/\/www.europesays.com\/fr\/wp-json\/wp\/v2\/categories?post=312333"},{"taxonomy":"post_tag","embeddable":true,"href":"https:\/\/www.europesays.com\/fr\/wp-json\/wp\/v2\/tags?post=312333"}],"curies":[{"name":"wp","href":"https:\/\/api.w.org\/{rel}","templated":true}]}}