{"id":312341,"date":"2025-08-11T19:56:14","date_gmt":"2025-08-11T19:56:14","guid":{"rendered":"https:\/\/www.europesays.com\/fr\/312341\/"},"modified":"2025-08-11T19:56:14","modified_gmt":"2025-08-11T19:56:14","slug":"mercer-veut-marcher-dans-les-pas-de-wilkinson-et-gagner-le-brennus-et-la-champions-cup","status":"publish","type":"post","link":"https:\/\/www.europesays.com\/fr\/312341\/","title":{"rendered":"Mercer veut marcher dans les pas de Wilkinson et \u00ab gagner le Brennus et la Champions Cup \u00bb"},"content":{"rendered":"<p>Zach Mercer est sans conteste l\u2019une des recrues les plus attendues de la nouvelle saison de Top 14. Elu meilleur joueur du championnat en 2022 lors du sacre du MHR, le troisi\u00e8me-ligne centre avait d\u00e9cid\u00e9 de rentrer au pays pour tenter de s\u2019imposer avec le XV de la Rose. Un pari rat\u00e9 et qui l\u2019a conduit \u00e0 retrouver le Top 14 en s\u2019engageant avec Toulon.<\/p>\n<p>\u00ab\u00a0Si j\u2019accomplis ne serait-ce que la moiti\u00e9 de ce qu\u2019a r\u00e9alis\u00e9 Jonny\u00a0\u00bb<\/p>\n<p>Sur les bords de la Rade, l\u2019Anglais aura pour mission d\u2019aider le RCT \u00e0 poursuivre sa reconstruction et \u00e0 venir concurrencer le Stade Toulousain ou l\u2019Union Bordeaux-B\u00e8gles. Dans les colonnes de <a href=\"https:\/\/www.varmatin.com\/rugby\/j-aurais-ete-dingue-de-ne-pas-signer-au-rct-zach-mercer-raconte-sa-signature-a-toulon-997588\" rel=\"nofollow noopener\" target=\"_blank\">Var-Matin<\/a>, Zach Mercer n\u2019a pas cach\u00e9 ses ambitions de marcher dans les pas d\u2019un illustre compatriote, \u00e0 savoir Jonny Wilkinson, vainqueur de deux Coupes d\u2019Europes avec les Toulonnais.<\/p>\n<blockquote>\n<p>\u00ab\u00a0Par que Toulon, pour un Anglais, \u00e7a rime avec Jonny [Wilkinson], c\u2019est bien \u00e7a\u00a0? Bon, je suis lucide, si j\u2019accomplis ne serait-ce que la moiti\u00e9 de ce qu\u2019a r\u00e9alis\u00e9 Jonny ici, ce sera d\u00e9j\u00e0 extraordinaire. Moi, je veux gagner le Brennus et la Champions Cup.\u00a0\u00bb<\/p>\n<\/blockquote>\n<p>Handicap\u00e9 par une grave blessure au genou gauche la saison pass\u00e9e, Zach Mercer tient \u00e0 rassurer les supporters sur son \u00e9tat et pense m\u00eame que cette pause va lui \u00eatre b\u00e9n\u00e9fique.<\/p>\n<blockquote>\n<p>\u00ab\u00a0Je sens comme un renouveau. Dans la t\u00eate, dans le corps. Je vais m\u00eame aller plus loin, mais avec un peu de recul, je pense que la blessure au genou m\u2019a fait du bien. C\u2019est dur d\u2019\u00eatre \u00e9loign\u00e9 des terrains sept mois mais il faut comprendre que, depuis mes 18 ans, je n\u2019avais jamais pu me mettre sur le bord de la route. Bath, Montpellier, Gloucester, des matches tous les week-ends\u2026 L\u00e0, j\u2019ai fait du frais, et j\u2019ai plus faim encore.\u00a0\u00bb<\/p>\n<\/blockquote>\n<p>Partagez cette info avec vos amis et vos proches en cliquant ici<br \/>Pour r\u00e9sumer<\/p>\n<p>Zach Mercer s\u2019est confi\u00e9 pour Var-Martin sur ses premiers pas avec le Rugby Club Toulonnais. Meilleur joueur du Top 14 en 2022, l\u2019Anglais d\u00e9barque plein d\u2019ambitions et veut marcher dans les pas de Jonny Wilkinson, l\u00e9gende du RCT.<\/p>\n<p> <img decoding=\"async\" width=\"76\" height=\"76\" loading=\"lazy\" src=\"https:\/\/www.europesays.com\/fr\/wp-content\/uploads\/2025\/04\/avatar-quinze.png\" alt=\"Arnaud D\u00e9chelotte\"\/><\/p>\n","protected":false},"excerpt":{"rendered":"Zach Mercer est sans conteste l\u2019une des recrues les plus attendues de la nouvelle saison de Top 14.&hellip;\n","protected":false},"author":2,"featured_media":312342,"comment_status":"","ping_status":"","sticky":false,"template":"","format":"standard","meta":{"footnotes":""},"categories":[9619],"tags":[1111,11,1777,674,1011,27,12,882,25,2310],"class_list":{"0":"post-312341","1":"post","2":"type-post","3":"status-publish","4":"format-standard","5":"has-post-thumbnail","7":"category-toulon","8":"tag-actu","9":"tag-actualites","10":"tag-eu","11":"tag-europe","12":"tag-fr","13":"tag-france","14":"tag-news","15":"tag-provence-alpes-cote-dazur","16":"tag-republique-francaise","17":"tag-toulon"},"share_on_mastodon":{"url":"https:\/\/pubeurope.com\/@fr\/115011897545628295","error":""},"_links":{"self":[{"href":"https:\/\/www.europesays.com\/fr\/wp-json\/wp\/v2\/posts\/312341","targetHints":{"allow":["GET"]}}],"collection":[{"href":"https:\/\/www.europesays.com\/fr\/wp-json\/wp\/v2\/posts"}],"about":[{"href":"https:\/\/www.europesays.com\/fr\/wp-json\/wp\/v2\/types\/post"}],"author":[{"embeddable":true,"href":"https:\/\/www.europesays.com\/fr\/wp-json\/wp\/v2\/users\/2"}],"replies":[{"embeddable":true,"href":"https:\/\/www.europesays.com\/fr\/wp-json\/wp\/v2\/comments?post=312341"}],"version-history":[{"count":0,"href":"https:\/\/www.europesays.com\/fr\/wp-json\/wp\/v2\/posts\/312341\/revisions"}],"wp:featuredmedia":[{"embeddable":true,"href":"https:\/\/www.europesays.com\/fr\/wp-json\/wp\/v2\/media\/312342"}],"wp:attachment":[{"href":"https:\/\/www.europesays.com\/fr\/wp-json\/wp\/v2\/media?parent=312341"}],"wp:term":[{"taxonomy":"category","embeddable":true,"href":"https:\/\/www.europesays.com\/fr\/wp-json\/wp\/v2\/categories?post=312341"},{"taxonomy":"post_tag","embeddable":true,"href":"https:\/\/www.europesays.com\/fr\/wp-json\/wp\/v2\/tags?post=312341"}],"curies":[{"name":"wp","href":"https:\/\/api.w.org\/{rel}","templated":true}]}}