{"id":312347,"date":"2025-08-11T20:01:11","date_gmt":"2025-08-11T20:01:11","guid":{"rendered":"https:\/\/www.europesays.com\/fr\/312347\/"},"modified":"2025-08-11T20:01:11","modified_gmt":"2025-08-11T20:01:11","slug":"ce-chateau-medieval-plonge-les-visiteurs-au-temps-des-vikings","status":"publish","type":"post","link":"https:\/\/www.europesays.com\/fr\/312347\/","title":{"rendered":"ce ch\u00e2teau m\u00e9di\u00e9val plonge les visiteurs au temps des Vikings"},"content":{"rendered":"<p>            Par<br \/>\n        <strong><br \/>\n            <a href=\"https:\/\/actu.fr\/auteur\/le-journal-delbeuf\" title=\"Consulter tous les articles de R\u00e9daction Elbeuf\" rel=\"nofollow noopener\" target=\"_blank\">R\u00e9daction Elbeuf<\/a><br \/>\n        <\/strong><\/p>\n<p>        Publi\u00e9 le<\/p>\n<p>            11 ao\u00fbt 2025 \u00e0 21h39        <\/p>\n<p>Samedi 2 et dimanche 3 ao\u00fbt 2025, dans les <b>douves<\/b> et autour du ch\u00e2teau Robert Le Diable, \u00e0 <a href=\"https:\/\/actu.fr\/normandie\/moulineaux_76457\" rel=\"nofollow noopener\" target=\"_blank\">Moulineaux<\/a> (Seine-Maritime), pr\u00e8s de <b>4\u2009300\u00a0visiteurs<\/b> se sont m\u00eal\u00e9s aux reconstitueurs vikings, d\u00e9ambulant entre campements, ateliers d\u2019artisans et animations.<\/p>\n<p>\u00ab\u2009Elle fait partie de notre histoire\u2009\u00bb<\/p>\n<p class=\" wall-content\">Pourquoi faire revivre cette \u00e9poque\u2009? \u00ab\u2009Elle fait partie de notre <b>histoire<\/b>. On reconstitue bien la Seconde Guerre mondiale, alors pourquoi pas les Vikings\u2009?\u2009\u00bb, lance un des acteurs.<\/p>\n<p class=\" wall-content\">Pour le maire de Moulineaux, Frederik Le Goff, l\u2019\u00e9v\u00e9nement est avant tout un rendez-vous <b>f\u00e9d\u00e9rateur<\/b>\u2009: \u00ab\u2009C\u2019est un des <b>moments rassembleurs<\/b> de la commune. Ces deux jours sont organis\u00e9s par la M\u00e9tropole. Moulineaux, pour sa part, se f\u00e9licite de l\u2019engagement de tous les <b>b\u00e9n\u00e9voles<\/b> du comit\u00e9 des f\u00eates, de la commune ou non, sans oublier les agents municipaux. Cette f\u00eate attire de nombreux visiteurs, surtout lorsque le soleil s\u2019y invite comme aujourd\u2019hui.\u2009\u00bb<\/p>\n<p>Une parenth\u00e8se hors du temps<\/p>\n<p class=\" wall-content\">Les visiteurs pouvaient assister \u00e0 diverses <b>d\u00e9monstrations\u2009<\/b>: musiciens, combats, artisanat, batailles entre enfants ravis de manier <b>\u00e9p\u00e9es<\/b> et <b>boucliers<\/b>.<\/p>\n<p class=\" wall-content\">Assis \u00e0 une table pour d\u00e9jeuner ou entre deux stands, certains visiteurs savourent l\u2019instant\u2009: \u00ab\u2009La f\u00eate est sympa, on vit quelques heures \u00e0 une autre <b>\u00e9poque<\/b>.\u2009\u00bb<\/p>\n<p>    <img   decoding=\"async\" loading=\"lazy\" class=\"size-large\" src=\"https:\/\/www.europesays.com\/fr\/wp-content\/uploads\/2025\/08\/805d3b3bf1986806d3b3bf198c66d3v-960x640.jpg\" alt=\"Pendant deux journ\u00e9es, les visiteurs ont v\u00e9cu dans une ambiance Viking, au milieu de musiciens et artisans.\" width=\"960\" height=\"640\"\/><br \/>\n    Toutes les g\u00e9n\u00e9rations \u00e9taient r\u00e9unies. \u00a9Le Journal d\u2019ElbeufVid\u00e9os : en ce moment sur Actu<\/p>\n<p class=\" wall-content\">D\u2019autres regrettent un manque d\u2019informations\u2009: \u00ab\u2009Il manque quelque chose. La M\u00e9tropole ne fournit pas de <b>programme<\/b>, le site est grand et on ne sait pas ce qu\u2019il va se passer et o\u00f9.\u2009\u00bb<\/p>\n<p class=\" wall-content\">En fin de week-end, le site vid\u00e9 de ses <b>visiteurs<\/b>, b\u00e9n\u00e9voles et agents municipaux s\u2019activaient encore pour ranger<b> <\/b>tables, bancs et mat\u00e9riel.<\/p>\n<p class=\" wall-content\">Suivez toute l\u2019actualit\u00e9 de vos villes et m\u00e9dias favoris en vous inscrivant \u00e0 <a href=\"https:\/\/moncompte.actu.fr\" title=\"D\u00e9couvez Mon Actu\" rel=\"nofollow noopener\" data-trk=\"{&quot;cta&quot;:{&quot;action&quot;:&quot;https:\\\/\\\/moncompte.actu.fr&quot;,&quot;category&quot;:&quot;mon compte&quot;,&quot;from&quot;:&quot;article footer&quot;,&quot;name&quot;:&quot;Mon actu&quot;,&quot;type&quot;:&quot;cta&quot;}}\" target=\"_blank\">Mon Actu<\/a>.<\/p>\n","protected":false},"excerpt":{"rendered":"Par R\u00e9daction Elbeuf Publi\u00e9 le 11 ao\u00fbt 2025 \u00e0 21h39 Samedi 2 et dimanche 3 ao\u00fbt 2025, dans&hellip;\n","protected":false},"author":2,"featured_media":312348,"comment_status":"","ping_status":"","sticky":false,"template":"","format":"standard","meta":{"footnotes":""},"categories":[9587],"tags":[1111,11,1777,674,1011,27,937,12,5161,25,9590,104],"class_list":{"0":"post-312347","1":"post","2":"type-post","3":"status-publish","4":"format-standard","5":"has-post-thumbnail","7":"category-rouen","8":"tag-actu","9":"tag-actualites","10":"tag-eu","11":"tag-europe","12":"tag-fr","13":"tag-france","14":"tag-histoire","15":"tag-news","16":"tag-normandie","17":"tag-republique-francaise","18":"tag-rouen","19":"tag-societe"},"share_on_mastodon":{"url":"https:\/\/pubeurope.com\/@fr\/115011917328603214","error":""},"_links":{"self":[{"href":"https:\/\/www.europesays.com\/fr\/wp-json\/wp\/v2\/posts\/312347","targetHints":{"allow":["GET"]}}],"collection":[{"href":"https:\/\/www.europesays.com\/fr\/wp-json\/wp\/v2\/posts"}],"about":[{"href":"https:\/\/www.europesays.com\/fr\/wp-json\/wp\/v2\/types\/post"}],"author":[{"embeddable":true,"href":"https:\/\/www.europesays.com\/fr\/wp-json\/wp\/v2\/users\/2"}],"replies":[{"embeddable":true,"href":"https:\/\/www.europesays.com\/fr\/wp-json\/wp\/v2\/comments?post=312347"}],"version-history":[{"count":0,"href":"https:\/\/www.europesays.com\/fr\/wp-json\/wp\/v2\/posts\/312347\/revisions"}],"wp:featuredmedia":[{"embeddable":true,"href":"https:\/\/www.europesays.com\/fr\/wp-json\/wp\/v2\/media\/312348"}],"wp:attachment":[{"href":"https:\/\/www.europesays.com\/fr\/wp-json\/wp\/v2\/media?parent=312347"}],"wp:term":[{"taxonomy":"category","embeddable":true,"href":"https:\/\/www.europesays.com\/fr\/wp-json\/wp\/v2\/categories?post=312347"},{"taxonomy":"post_tag","embeddable":true,"href":"https:\/\/www.europesays.com\/fr\/wp-json\/wp\/v2\/tags?post=312347"}],"curies":[{"name":"wp","href":"https:\/\/api.w.org\/{rel}","templated":true}]}}