{"id":312349,"date":"2025-08-11T20:02:35","date_gmt":"2025-08-11T20:02:35","guid":{"rendered":"https:\/\/www.europesays.com\/fr\/312349\/"},"modified":"2025-08-11T20:02:35","modified_gmt":"2025-08-11T20:02:35","slug":"voici-ou-il-va-faire-le-plus-chaud-3","status":"publish","type":"post","link":"https:\/\/www.europesays.com\/fr\/312349\/","title":{"rendered":"voici o\u00f9 il va faire le plus chaud"},"content":{"rendered":"<p>            Par<br \/>\n        <strong><br \/>\n            <a href=\"https:\/\/actu.fr\/auteur\/redaction-grenoble\" title=\"Consulter tous les articles de R\u00e9daction Grenoble\" target=\"_blank\" rel=\"noopener\">R\u00e9daction Grenoble<\/a><br \/>\n        <\/strong><\/p>\n<p>        Publi\u00e9 le<\/p>\n<p>            11 ao\u00fbt 2025 \u00e0 12h10        <\/p>\n<p>Les <a href=\"https:\/\/actu.fr\/meteo\/canicule-le-record-de-chaleur-de-france-peut-il-etre-battu-ce-lundi-voici-les-temperatures-attendues_63020553.html\" target=\"_blank\" rel=\"noopener\">records de chaleur en ao\u00fbt<\/a> ne sont pas tomb\u00e9s massivement ce week-end en <a href=\"https:\/\/actu.fr\/auvergne-rhone-alpes\/isere_38\" target=\"_blank\" rel=\"noopener\">Is\u00e8re<\/a>, sauf \u00e0 Coublevie o\u00f9 le thermom\u00e8tre a affich\u00e9 <strong>39.8\u00b0C<\/strong>, soit 0.1\u00b0C de plus que le pr\u00e9c\u00e9dent record qui datait d\u2019ao\u00fbt 2023, d\u2019apr\u00e8s les relev\u00e9s sortis par <a href=\"https:\/\/www.facebook.com\/meteocentreisere\" target=\"_blank\" rel=\"noopener\">M\u00e9t\u00e9o-Centre Is\u00e8re<\/a>.<\/p>\n<p>    <a href=\"https:\/\/www.facebook.com\/plugins\/post.php?href=https%3A%2F%2Fwww.facebook.com%2Fmeteocentreisere%2Fposts%2Fpfbid0m9H8EwRYF8NYqF2Me1tkQcqv6VbQ2GPJQAUWNCPh9Sb91C1S4QQLY6oXyB3bbsdYl&amp;show_text=true&amp;width=350\" title=\"Ouvrie le lien\" target=\"_blank\" rel=\"noopener\">Cliquez ici pour visualiser le contenu<\/a><\/p>\n<p class=\" wall-content\">Le d\u00e9partement est plac\u00e9 depuis vendredi 8 ao\u00fbt en <a href=\"https:\/\/actu.fr\/meteo\/canicule-meteo-france-place-l-isere-en-vigilance-orange-les-temperatures-continuent-de-grimper_63011253.html\" target=\"_blank\" rel=\"noopener\">vigilance orange canicule<\/a>, tout comme une large partie du sud du pays. Selon les derni\u00e8res pr\u00e9visions de M\u00e9t\u00e9o-France, le mercure pourrait encore <strong>fr\u00f4ler les 40\u00b0C<\/strong> vers <a href=\"https:\/\/actu.fr\/auvergne-rhone-alpes\/roussillon_38344\" target=\"_blank\" rel=\"noopener\">Roussillon<\/a> et aux portes du bassin lyonnais ce lundi apr\u00e8s-midi.<\/p>\n<p class=\" wall-content\">\u00c0 <a href=\"https:\/\/actu.fr\/auvergne-rhone-alpes\/grenoble_38185\" target=\"_blank\" rel=\"noopener\">Grenoble<\/a>, le maximum est annonc\u00e9 \u00e0 38\u00b0C avec des temp\u00e9ratures qui ne redescendront pas en dessous de 22\u00b0C au plus frais dans la nuit. Et cela ne devrait pas s\u2019arranger les prochains jours.<\/p>\n<p>\u00a0<\/p>\n<p>Pic de chaleur \u00ab\u00a0entre lundi et mardi\u00a0\u00bb<\/p>\n<p class=\" wall-content\">Dans son dernier bulletin, M\u00e9t\u00e9o-France pr\u00e9vient : le pic de cette nouvelle canicule est \u00ab\u00a0attendu entre lundi et mardi \u00e0 l\u2019\u00e9chelle nationale\u00a0\u00bb. En Is\u00e8re, les 40\u00b0C devraient \u00eatre d\u00e9pass\u00e9s mardi 12 ao\u00fbt \u00e0 Grenoble, mais aussi le long du Rh\u00f4ne, comme \u00e0 <a href=\"https:\/\/actu.fr\/auvergne-rhone-alpes\/vienne_38544\" target=\"_blank\" rel=\"noopener\">Vienne<\/a> o\u00f9 <strong>jusqu\u2019\u00e0 42\u00b0C<\/strong> sont attendus.<\/p>\n<p class=\" wall-content\">Des records pourraient ainsi \u00eatre battus, en particulier \u00e0 l\u2019ouest du d\u00e9partement : pour <strong>Reventin-Vaugris<\/strong> (commune limitrophe de Vienne), le pr\u00e9c\u00e9dent record pour un mois d\u2019ao\u00fbt date de 2023 et est de 41.2\u00b0C. \u00c0 <a href=\"https:\/\/actu.fr\/auvergne-rhone-alpes\/bourgoin-jallieu_38053\" target=\"_blank\" rel=\"noopener\">Bourgoin-Jallieu<\/a>, jusqu\u2019\u00e0 41\u00b0C sont annonc\u00e9s pour mardi, quand il a \u00e9t\u00e9 mesur\u00e9 40\u00b0C lors de la canicule de 2003.<\/p>\n<p>Des temp\u00e9ratures \u00ab\u00a0caniculaires\u00a0\u00bb toute la semaine<\/p>\n<p class=\" wall-content\">La journ\u00e9e de mercredi 13 ao\u00fbt restera tout aussi chaude avant une (l\u00e9g\u00e8re) baisse attendue d\u00e8s jeudi, bien que les temp\u00e9ratures \u00ab\u00a0resteront caniculaires\u00a0\u00bb, pr\u00e9vient M\u00e9t\u00e9o-Centre Is\u00e8re.<\/p>\n<p>    <a href=\"https:\/\/www.facebook.com\/plugins\/post.php?href=https%3A%2F%2Fwww.facebook.com%2Fmeteocentreisere%2Fposts%2Fpfbid0kd8tb17k1nrG7yoZoNEJ4c4XDBqR2cWwkjrgDWHdnYJb4nsBRzzc4G5zfoYF5qMXl&amp;show_text=true&amp;width=350\" title=\"Ouvrie le lien\" target=\"_blank\" rel=\"noopener\">Cliquez ici pour visualiser le contenu<\/a><\/p>\n<p class=\" wall-content\">Si toutefois vous souhaitez voir le thermom\u00e8tre revenir \u00e0 des niveaux inf\u00e9rieurs, il va falloir \u00eatre patient : les fortes chaleurs devraient \u00ab\u00a0<strong>durer jusqu\u2019en fin de semaine<\/strong>, au moins\u00a0\u00bb, soit pile pendant le long week-end du 15 ao\u00fbt, d\u00e9crit M\u00e9t\u00e9o-France.<\/p>\n<p class=\" wall-content\">Suivez toute l\u2019actualit\u00e9 de vos villes et m\u00e9dias favoris en vous inscrivant \u00e0 <a href=\"https:\/\/moncompte.actu.fr\" title=\"D\u00e9couvez Mon Actu\" rel=\"nofollow noopener\" data-trk=\"{&quot;cta&quot;:{&quot;action&quot;:&quot;https:\\\/\\\/moncompte.actu.fr&quot;,&quot;category&quot;:&quot;mon compte&quot;,&quot;from&quot;:&quot;article footer&quot;,&quot;name&quot;:&quot;Mon actu&quot;,&quot;type&quot;:&quot;cta&quot;}}\" target=\"_blank\">Mon Actu<\/a>.<\/p>\n","protected":false},"excerpt":{"rendered":"Par R\u00e9daction Grenoble Publi\u00e9 le 11 ao\u00fbt 2025 \u00e0 12h10 Les records de chaleur en ao\u00fbt ne sont&hellip;\n","protected":false},"author":2,"featured_media":312350,"comment_status":"","ping_status":"","sticky":false,"template":"","format":"standard","meta":{"footnotes":""},"categories":[9566],"tags":[1111,11,2430,6698,1777,674,1011,27,2731,2487,2357,12,25],"class_list":{"0":"post-312349","1":"post","2":"type-post","3":"status-publish","4":"format-standard","5":"has-post-thumbnail","7":"category-grenoble","8":"tag-actu","9":"tag-actualites","10":"tag-auvergne-rhone-alpes","11":"tag-canicule","12":"tag-eu","13":"tag-europe","14":"tag-fr","15":"tag-france","16":"tag-grenoble","17":"tag-meteo","18":"tag-meteo-france","19":"tag-news","20":"tag-republique-francaise"},"share_on_mastodon":{"url":"https:\/\/pubeurope.com\/@fr\/115011921191246837","error":""},"_links":{"self":[{"href":"https:\/\/www.europesays.com\/fr\/wp-json\/wp\/v2\/posts\/312349","targetHints":{"allow":["GET"]}}],"collection":[{"href":"https:\/\/www.europesays.com\/fr\/wp-json\/wp\/v2\/posts"}],"about":[{"href":"https:\/\/www.europesays.com\/fr\/wp-json\/wp\/v2\/types\/post"}],"author":[{"embeddable":true,"href":"https:\/\/www.europesays.com\/fr\/wp-json\/wp\/v2\/users\/2"}],"replies":[{"embeddable":true,"href":"https:\/\/www.europesays.com\/fr\/wp-json\/wp\/v2\/comments?post=312349"}],"version-history":[{"count":0,"href":"https:\/\/www.europesays.com\/fr\/wp-json\/wp\/v2\/posts\/312349\/revisions"}],"wp:featuredmedia":[{"embeddable":true,"href":"https:\/\/www.europesays.com\/fr\/wp-json\/wp\/v2\/media\/312350"}],"wp:attachment":[{"href":"https:\/\/www.europesays.com\/fr\/wp-json\/wp\/v2\/media?parent=312349"}],"wp:term":[{"taxonomy":"category","embeddable":true,"href":"https:\/\/www.europesays.com\/fr\/wp-json\/wp\/v2\/categories?post=312349"},{"taxonomy":"post_tag","embeddable":true,"href":"https:\/\/www.europesays.com\/fr\/wp-json\/wp\/v2\/tags?post=312349"}],"curies":[{"name":"wp","href":"https:\/\/api.w.org\/{rel}","templated":true}]}}