{"id":312351,"date":"2025-08-11T20:03:19","date_gmt":"2025-08-11T20:03:19","guid":{"rendered":"https:\/\/www.europesays.com\/fr\/312351\/"},"modified":"2025-08-11T20:03:19","modified_gmt":"2025-08-11T20:03:19","slug":"savoie-un-vetetiste-de-30-ans-evacue-a-grenoble-apres-une-lourde-chute-a-pralognan-la-vanoise","status":"publish","type":"post","link":"https:\/\/www.europesays.com\/fr\/312351\/","title":{"rendered":"Savoie. Un v\u00e9t\u00e9tiste de 30 ans \u00e9vacu\u00e9 \u00e0 Grenoble apr\u00e8s une lourde chute \u00e0 Pralognan-la-Vanoise"},"content":{"rendered":"<p>Ce lundi 11\u00a0ao\u00fbt, le d\u00e9tachement de la Compagnie r\u00e9publicaine de s\u00e9curit\u00e9 (CRS) Alpes bas\u00e9 \u00e0 Courchevel est intervenu au niveau du Roc de la P\u00eache, sur la commune de Pralognan-la-Vanoise.<\/p>\n<p>Arriv\u00e9 \u00e0 grande vitesse sur une bosse, un v\u00e9t\u00e9tiste a chut\u00e9 lourdement et est tomb\u00e9 sur la t\u00eate. Le choc est tel que l\u2019homme, \u00e2g\u00e9 de 30 ans, a perdu connaissance. D\u00e9p\u00each\u00e9s sur place, les secours constatent un traumatisme cr\u00e2nien, assez grave pour h\u00e9liporter le v\u00e9t\u00e9tiste vers le centre hospitalier universitaire (CHU) de Grenoble.<\/p>\n<p>Ce contenu est bloqu\u00e9 car vous n&rsquo;avez pas accept\u00e9 les cookies et autres traceurs.<\/p>\n<p>En cliquant sur \u00ab J\u2019accepte \u00bb, les cookies et autres traceurs seront d\u00e9pos\u00e9s et vous pourrez visualiser les contenus  (<a href=\"\" class=\"consentModule_policy\" target=\"_blank\" title=\"Consulter la politique de protection des donn\u00e9es du fournisseur\">plus d&rsquo;informations<\/a>).<\/p>\n<p>En cliquant sur \u00ab J\u2019accepte tous les cookies \u00bb, vous autorisez des d\u00e9p\u00f4ts de cookies et autres traceurs pour le stockage de vos donn\u00e9es sur nos sites et applications \u00e0 des fins de personnalisation et de ciblage publicitaire.<\/p>\n<p class=\"consentModule_secondaryText\">Vous gardez la possibilit\u00e9 de retirer votre consentement \u00e0 tout moment en consultant notre <a href=\"https:\/\/www.ledauphine.com\/protection-des-donnees\" target=\"_blank\" title=\"Consulter notre politique de protection des donn\u00e9es\" rel=\"noopener\">politique de protection des donn\u00e9es<\/a>. <br \/>&#13;<br \/>\n            <a href=\"https:\/\/www.ledauphine.com\/faits-divers-justice\/2025\/08\/11\/javascript:Didomi.notice.show()\" class=\"consentModule_cmp\" target=\"_blank\" rel=\"noopener\">G\u00e9rer mes choix<\/a>&#13;\n        <\/p>\n<p>&#13;<br \/>\n                        J&rsquo;accepte&#13;<br \/>\n            J&rsquo;accepte tous les cookies&#13;\n        <\/p>\n<p>L\u2019h\u00e9licopt\u00e8re Dragon 73 s\u2019est \u00e0 nouveau d\u00e9plac\u00e9 pour un autre traumatisme cr\u00e2nien sur un restaurant d\u2019altitude de la station de La\u00a0Plagne.<\/p>\n<p>Alors en plein m\u00e9nage, un jeune homme \u00e2g\u00e9 de 23 ans est tomb\u00e9 dans les escaliers. Bless\u00e9 \u00e0 la t\u00eate, il est rapatri\u00e9 \u00e0 l\u2019h\u00f4pital de Bourg-Saint-Maurice pour des examens compl\u00e9mentaires.<\/p>\n<p>Enfin, la CRS a port\u00e9 secours \u00e0 un parapentiste qui s\u2019est fractur\u00e9 les deux chevilles apr\u00e8s un d\u00e9part rat\u00e9 \u00e0\u00a0Montgellafrey sur la commune de Saint-Fran\u00e7ois-Longchamp. Le jeune homme a \u00e9t\u00e9 h\u00e9liport\u00e9 \u00e0 l\u2019h\u00f4pital de Saint-Jean-de-Maurienne.<\/p>\n","protected":false},"excerpt":{"rendered":"Ce lundi 11\u00a0ao\u00fbt, le d\u00e9tachement de la Compagnie r\u00e9publicaine de s\u00e9curit\u00e9 (CRS) Alpes bas\u00e9 \u00e0 Courchevel est intervenu&hellip;\n","protected":false},"author":2,"featured_media":312352,"comment_status":"","ping_status":"","sticky":false,"template":"","format":"standard","meta":{"footnotes":""},"categories":[9566],"tags":[119,1111,11,2430,34503,7003,1777,674,274,107,1011,27,2731,27803,45218,12,45217,25,5508],"class_list":{"0":"post-312351","1":"post","2":"type-post","3":"status-publish","4":"format-standard","5":"has-post-thumbnail","7":"category-grenoble","8":"tag-accident","9":"tag-actu","10":"tag-actualites","11":"tag-auvergne-rhone-alpes","12":"tag-beaufortain","13":"tag-edition-tarentaise-maurienne","14":"tag-eu","15":"tag-europe","16":"tag-faits-divers-justice","17":"tag-fil-info","18":"tag-fr","19":"tag-france","20":"tag-grenoble","21":"tag-la-plagne","22":"tag-montgellafrey","23":"tag-news","24":"tag-pralognan-la-vanoise","25":"tag-republique-francaise","26":"tag-savoie"},"share_on_mastodon":{"url":"https:\/\/pubeurope.com\/@fr\/115011925150770099","error":""},"_links":{"self":[{"href":"https:\/\/www.europesays.com\/fr\/wp-json\/wp\/v2\/posts\/312351","targetHints":{"allow":["GET"]}}],"collection":[{"href":"https:\/\/www.europesays.com\/fr\/wp-json\/wp\/v2\/posts"}],"about":[{"href":"https:\/\/www.europesays.com\/fr\/wp-json\/wp\/v2\/types\/post"}],"author":[{"embeddable":true,"href":"https:\/\/www.europesays.com\/fr\/wp-json\/wp\/v2\/users\/2"}],"replies":[{"embeddable":true,"href":"https:\/\/www.europesays.com\/fr\/wp-json\/wp\/v2\/comments?post=312351"}],"version-history":[{"count":0,"href":"https:\/\/www.europesays.com\/fr\/wp-json\/wp\/v2\/posts\/312351\/revisions"}],"wp:featuredmedia":[{"embeddable":true,"href":"https:\/\/www.europesays.com\/fr\/wp-json\/wp\/v2\/media\/312352"}],"wp:attachment":[{"href":"https:\/\/www.europesays.com\/fr\/wp-json\/wp\/v2\/media?parent=312351"}],"wp:term":[{"taxonomy":"category","embeddable":true,"href":"https:\/\/www.europesays.com\/fr\/wp-json\/wp\/v2\/categories?post=312351"},{"taxonomy":"post_tag","embeddable":true,"href":"https:\/\/www.europesays.com\/fr\/wp-json\/wp\/v2\/tags?post=312351"}],"curies":[{"name":"wp","href":"https:\/\/api.w.org\/{rel}","templated":true}]}}