{"id":312353,"date":"2025-08-11T20:04:11","date_gmt":"2025-08-11T20:04:11","guid":{"rendered":"https:\/\/www.europesays.com\/fr\/312353\/"},"modified":"2025-08-11T20:04:11","modified_gmt":"2025-08-11T20:04:11","slug":"fusillades-a-rennes-comment-les-narcotrafiquants-marseillais-ont-essaye-de-simplanter-en-bretagne-exclusif","status":"publish","type":"post","link":"https:\/\/www.europesays.com\/fr\/312353\/","title":{"rendered":"Fusillades \u00e0 Rennes\u00a0: comment les narcotrafiquants marseillais ont essay\u00e9 de s\u2019implanter en Bretagne [Exclusif]"},"content":{"rendered":"<p>La torpeur de l\u2019\u00e9t\u00e9 berce la capitale bretonne. H\u00e9bergeant de nombreux \u00e9tudiants &#8211; ils sont 70 000 \u00e0 Rennes-, le quartier de Villejean tourne particuli\u00e8rement au ralenti\u2026 Cette tranquillit\u00e9 pourrait presque faire oublier que, quelques mois auparavant, le quartier a plong\u00e9 dans une profonde angoisse.<\/p>\n<p>Pendant d\u00e9but 2025, Villejean a \u00e9t\u00e9 le th\u00e9\u00e2tre d\u2019une guerre sanglante entre deux \u00e9quipes de trafiquants de drogue. Le pr\u00e9fet et la maire \u00e9taient avertis d\u00e8s la nuit de la Saint Sylvestre de \u00ab l\u2019extr\u00eame inqui\u00e9tude \u00bb des forces de l\u2019ordre vis-\u00e0-vis de la situation. Les paroles du directeur de la police nationale sont devenues proph\u00e9tie.<\/p>\n<p>Quelques mois plus tard, les forces de l\u2019ordre \u00e9tablissent un faisceau d\u2019indices qui d\u00e9montre qu\u2019une \u00e9quipe affili\u00e9e au <a href=\"https:\/\/www.letelegramme.fr\/france\/narcobanditisme-le-chef-presume-du-clan-yoda-extrade-depuis-le-maroc-est-arrive-en-france-6746121.php\" target=\"_blank\" rel=\"nofollow noopener\">clan Yoda<\/a>, l\u2019un des plus puissants groupes de narcotrafiquants marseillais, a tent\u00e9 de s\u2019implanter dans la capitale bretonne.<\/p>\n<p>Tentatives d\u00e8s 2024<\/p>\n<p>Affaibli par les arrestations polici\u00e8res et la guerre contre la <a href=\"https:\/\/www.letelegramme.fr\/france\/la-dz-mafia-groupe-criminel-le-plus-dangereux-du-siecle-selon-un-criminologue-6741866.php\" target=\"_blank\" rel=\"nofollow noopener\">DZ Mafia<\/a> en 2023*, le clan Yoda cherche \u00e0 \u00ab \u00e9tendre son influence \u00bb ailleurs en France, analyse la Direction nationale de la police judiciaire, dans un rapport sur \u00ab l\u2019influence du crime organis\u00e9 marseillais dans toute la France \u00bb. Yoda aurait notamment souhait\u00e9 r\u00e9cup\u00e9rer le juteux point de deal du Bourbonnais \u00e0 Villejean.<\/p>\n<p>La situation d\u00e9rape \u00e0 l\u2019automne 2024. <a href=\"https:\/\/www.letelegramme.fr\/ille-et-vilaine\/rennes-35000\/coups-de-feu-et-coups-de-couteau-dans-le-quartier-de-villejean-a-rennes-dimanche-soir-6733081.php\" target=\"_blank\" rel=\"nofollow noopener\">Les 29 et 30 d\u00e9cembre, sur le point de deal du Bourbonnais<\/a>, deux r\u00e8glements de compte par arme \u00e0 feu permettent \u00e0 un narcotrafiquant \u00e9tabli dans les Yvelines &#8211; probablement alli\u00e9 du clan Yoda &#8211; de reprendre le point de deal du Bourbonnais. L\u2019\u00e9quipe de Rennais-Nantais, qui l\u2019exploitait jusque-l\u00e0, ne se laisse pas faire.<\/p>\n<p>Commanditaire des Yvelines<\/p>\n<p>Plusieurs \u00e9pisodes de violence ont lieu dans les semaines qui suivent, <a href=\"https:\/\/www.letelegramme.fr\/ille-et-vilaine\/rennes-35000\/ce-qui-est-a-cesar-reste-a-cesar-a-rennes-des-dealers-postent-des-images-de-tirs-sur-les-reseaux-sociaux-video-6736718.php\" target=\"_blank\" rel=\"nofollow noopener\">dont plusieurs s\u00e9ries de tirs<\/a>. <a href=\"https:\/\/www.letelegramme.fr\/ille-et-vilaine\/rennes-35000\/touches-par-des-balles-perdues-a-rennes-que-sait-on-des-deux-blesses-victimes-collaterales-du-narcotrafic-6739608.php\" target=\"_blank\" rel=\"nofollow noopener\">Le 11 janvier, deux habitants du quartier sont bless\u00e9s<\/a>. En mars, les forces de l\u2019ordre \u00e9tablissent formellement que le bras droit de F\u00e9lix Bingui**, patron du clan Yoda, est pr\u00e9sent sur la dalle de Villejean. <a href=\"https:\/\/www.letelegramme.fr\/ille-et-vilaine\/rennes-35000\/fusillade-a-rennes-le-recit-detaille-de-lattaque-6801353.php\" target=\"_blank\" rel=\"nofollow noopener\">Le 15 avril, suite \u00e0 de nouveaux tirs, l\u2019\u00e9quipe alli\u00e9e au clan Yoda doit battre en retrait<\/a>. Ce qui d\u00e9clenche la col\u00e8re du commanditaire des Yvelines qui souhaite reprendre le point de deal du Bourbonnais. Par message, il ordonne que des t\u00eates soient coup\u00e9es.<\/p>\n<p>Les ordres du Parisien sont suivis \u00e0 la lettre. Le 17 avril, quatre individus ouvrent le feu square des Flandres et percutent une premi\u00e8re \u00ab cible \u00bb appartenant \u00e0 l\u2019\u00e9quipe locale. Le laissant pour mort sur la chauss\u00e9e, ils font marche arri\u00e8re pour prendre en photo son corps gisant par terre.<\/p>\n<p>Fusillade dans un Subway<\/p>\n<p>Les quatre mercenaires ouvrent ensuite le feu dans le fast-food Subway, sur la dalle, o\u00f9 d\u00e9briefent <a href=\"https:\/\/www.letelegramme.fr\/ille-et-vilaine\/rennes-35000\/ils-etaient-a-cote-des-tireurs-deux-elus-rennais-ont-echappe-a-la-mort-lors-de-la-fusillade-de-villejean-6801095.php\" target=\"_blank\" rel=\"nofollow noopener\">Charles Compagnon, le leader de l\u2019opposition municipale, et Nicolas Boucher, conseiller municipal d\u2019opposition<\/a>. Quelques heures plus tard, la police interpelle les assaillants. L\u2019un est retrouv\u00e9 \u00e0 Vezin-le-Coquet \u00e0 c\u00f4t\u00e9 de la voiture \u00e0 bord de laquelle ils ont pris la fuite. Les trois autres sont interpell\u00e9s dans la nuit dans un appartement rue de Paris. L\u2019\u00e9pisode d\u2019une gravit\u00e9 particuli\u00e8re est retransmis par toutes les chaines fran\u00e7aises d\u2019information continue. Mais permet \u00e0 l\u2019\u00e9quipe affil\u00e9e au camp Yoda de ne pas perdre possession du Bourbonnais. <\/p>\n<p>La r\u00e9plique ne tarde pas. <a href=\"https:\/\/www.letelegramme.fr\/ille-et-vilaine\/rennes-35000\/fusillade-a-villejean-trois-jeunes-de-19-a-21-ans-mis-en-examen-et-incarceres-6812991.php\" target=\"_blank\" rel=\"nofollow noopener\">Le 3 mai, rue du Nivernais \u00e0 Villejean,<\/a> une fusillade \u00e0 l\u2019arme automatique \u00e9clate de nouveau : trois hommes sont bless\u00e9s. Eux aussi paraissent bien proches de Yoda. Habitants d\u2019Aix en provence, l\u2019un est en relation permanente avec la famille d\u2019un lieutenant du clan. L\u2019autre a d\u00e9j\u00e0 \u00e9t\u00e9 condamn\u00e9 pour avoir vendu des stup\u00e9fiants sur un point de deal d\u2019Aix, pour le compte de\u2026 Yoda.<\/p>\n<p>Jusqu\u2019ici \u00e0 Rennes, il n\u2019\u00e9tait pas rare de croiser des \u00ab\u00a0int\u00e9rimaires\u00a0\u00bb form\u00e9s dans la cit\u00e9 phoc\u00e9enne. \u00ab\u00a0Les petites mains du trafic, qui font tourner les points de deal, sont tr\u00e8s mobiles, soufflait, <a href=\"https:\/\/www.letelegramme.fr\/ille-et-vilaine\/rennes-35000\/la-dz-mafia-a-rennes-la-verite-sur-limplantation-de-ce-groupe-criminel-en-bretagne-6680526.php\" target=\"_blank\" rel=\"nofollow noopener\">en octobre 2024 une source judiciaire<\/a>. Certaines ont donc pu \u0153uvrer \u00e0 Marseille, voire purger des peines de prisons aux Baumettes.\u00a0\u00bb Mais aucun lien n\u2019avait jamais \u00e9t\u00e9 \u00e9tabli entre les pontes de la criminalit\u00e9 organis\u00e9e marseillaise et la capitale bretonne. De quoi inqui\u00e9ter un peu plus, une ville devenue\ufeff, ces derniers mois, un point rouge sur la carte du narcotrafic en France.<\/p>\n<p class=\"note\">*49 morts li\u00e9s au narcobanditisme en 2023 \u00e0 Marseille.<\/p>\n<p class=\"note\">**Felix Bingui, chef du clan Yoda, surnomm\u00e9 \u00ab Le Chat \u00bb, a \u00e9t\u00e9 arr\u00eat\u00e9 le 8 mars 2024 \u00e0 Casablanca (Maroc).<\/p>\n","protected":false},"excerpt":{"rendered":"La torpeur de l\u2019\u00e9t\u00e9 berce la capitale bretonne. H\u00e9bergeant de nombreux \u00e9tudiants &#8211; ils sont 70 000 \u00e0&hellip;\n","protected":false},"author":2,"featured_media":312354,"comment_status":"","ping_status":"","sticky":false,"template":"","format":"standard","meta":{"footnotes":""},"categories":[2821],"tags":[1111,11,829,765,1777,674,118,3383,1011,27,848,12,584,25],"class_list":{"0":"post-312353","1":"post","2":"type-post","3":"status-publish","4":"format-standard","5":"has-post-thumbnail","7":"category-rennes","8":"tag-actu","9":"tag-actualites","10":"tag-bretagne","11":"tag-en-continu","12":"tag-eu","13":"tag-europe","14":"tag-faits-divers","15":"tag-faits-divers-a-rennes","16":"tag-fr","17":"tag-france","18":"tag-ille-et-vilaine","19":"tag-news","20":"tag-rennes","21":"tag-republique-francaise"},"share_on_mastodon":{"url":"https:\/\/pubeurope.com\/@fr\/115011929067155773","error":""},"_links":{"self":[{"href":"https:\/\/www.europesays.com\/fr\/wp-json\/wp\/v2\/posts\/312353","targetHints":{"allow":["GET"]}}],"collection":[{"href":"https:\/\/www.europesays.com\/fr\/wp-json\/wp\/v2\/posts"}],"about":[{"href":"https:\/\/www.europesays.com\/fr\/wp-json\/wp\/v2\/types\/post"}],"author":[{"embeddable":true,"href":"https:\/\/www.europesays.com\/fr\/wp-json\/wp\/v2\/users\/2"}],"replies":[{"embeddable":true,"href":"https:\/\/www.europesays.com\/fr\/wp-json\/wp\/v2\/comments?post=312353"}],"version-history":[{"count":0,"href":"https:\/\/www.europesays.com\/fr\/wp-json\/wp\/v2\/posts\/312353\/revisions"}],"wp:featuredmedia":[{"embeddable":true,"href":"https:\/\/www.europesays.com\/fr\/wp-json\/wp\/v2\/media\/312354"}],"wp:attachment":[{"href":"https:\/\/www.europesays.com\/fr\/wp-json\/wp\/v2\/media?parent=312353"}],"wp:term":[{"taxonomy":"category","embeddable":true,"href":"https:\/\/www.europesays.com\/fr\/wp-json\/wp\/v2\/categories?post=312353"},{"taxonomy":"post_tag","embeddable":true,"href":"https:\/\/www.europesays.com\/fr\/wp-json\/wp\/v2\/tags?post=312353"}],"curies":[{"name":"wp","href":"https:\/\/api.w.org\/{rel}","templated":true}]}}