{"id":312355,"date":"2025-08-11T20:05:13","date_gmt":"2025-08-11T20:05:13","guid":{"rendered":"https:\/\/www.europesays.com\/fr\/312355\/"},"modified":"2025-08-11T20:05:13","modified_gmt":"2025-08-11T20:05:13","slug":"quelles-ambitions-doivent-avoir-rennes-et-strasbourg","status":"publish","type":"post","link":"https:\/\/www.europesays.com\/fr\/312355\/","title":{"rendered":"Quelles ambitions doivent avoir Rennes et Strasbourg ?"},"content":{"rendered":"<p>Ligue 1 : Quelles ambitions doivent avoir Rennes et Strasbourg ? Sur le m\u00eame sujet<a href=\"https:\/\/rmcsport.bfmtv.com\/replay-emissions\/after-foot\/video-ligue-1-quelles-ambitions-doivent-avoir-rennes-et-strasbourg_VN-202508110524.html\" title=\"Ligue 1 : Quelles ambitions doivent avoir Rennes et Strasbourg ?\" rel=\"nofollow noopener\" target=\"_blank\"><img class=\"lozad\"  width=\"16\" height=\"9\" alt=\"Ligue 1 : Quelles ambitions doivent avoir Rennes et Strasbourg ?\"\/>en lectureLigue 1 : Quelles ambitions doivent avoir Rennes et Strasbourg ?<\/a><a href=\"https:\/\/rmcsport.bfmtv.com\/replay-emissions\/after-foot\/video-ol-losc-nice-strasbourg-la-valse-des-gardiens-est-elle-inquietante_VN-202508110519.html\" title=\"OL, Losc, Nice, Strasbourg... la valse des gardiens est-elle inqui\u00e9tante ? \" rel=\"nofollow noopener\" target=\"_blank\"><img class=\"lozad\"  width=\"16\" height=\"9\" alt=\"OL, Losc, Nice, Strasbourg... la valse des gardiens est-elle inqui\u00e9tante ? \"\/>11:12OL, Losc, Nice, Strasbourg&#8230; la valse des gardiens est-elle inqui\u00e9tante ?<\/a><a href=\"https:\/\/rmcsport.bfmtv.com\/replay-emissions\/after-foot\/video-psg-donnarumma-ecarte-ineluctable-mais-triste-et-dur-pour-lui-estime-acherchour_VN-202508110508.html\" title=\"PSG : Donnarumma \u00e9cart\u00e9, &quot;in\u00e9luctable mais triste et dur pour lui&quot;, estime Acherchour\" rel=\"nofollow noopener\" target=\"_blank\"><img class=\"lozad\"  width=\"16\" height=\"9\" alt=\"PSG : Donnarumma \u00e9cart\u00e9, &quot;in\u00e9luctable mais triste et dur pour lui&quot;, estime Acherchour\"\/>13:56PSG : Donnarumma \u00e9cart\u00e9, \u00ab\u00a0in\u00e9luctable mais triste et dur pour lui\u00a0\u00bb, estime Acherchour<\/a><a href=\"https:\/\/rmcsport.bfmtv.com\/replay-emissions\/after-foot\/video-om-ramener-un-mec-qui-te-titille-quel-numero-9-entre-gouri-et-aubameyang_VN-202508110271.html\" title=\"OM : &quot;Ramener un mec qui te titille&quot;, quel num\u00e9ro 9 entre Gouri et Aubameyang ?\" rel=\"nofollow noopener\" target=\"_blank\"><img class=\"lozad\"  width=\"16\" height=\"9\" alt=\"OM : &quot;Ramener un mec qui te titille&quot;, quel num\u00e9ro 9 entre Gouri et Aubameyang ?\"\/>0:52OM : \u00ab\u00a0Ramener un mec qui te titille\u00a0\u00bb, quel num\u00e9ro 9 entre Gouri et Aubameyang ?<\/a><a href=\"https:\/\/rmcsport.bfmtv.com\/replay-emissions\/after-foot\/video-om-s-ils-ont-pris-aubameyang-c-est-qu-ils-ont-un-petit-doute-sur-gouiri-observe-acherchour_VN-202508100309.html\" title=\"OM : &quot;S&#039;ils ont pris Aubameyang, c&#039;est qu&#039;ils ont un petit doute sur Gouiri&quot; observe Acherchour\" rel=\"nofollow noopener\" target=\"_blank\"><img class=\"lozad\"  width=\"16\" height=\"9\" alt=\"OM : &quot;S'ils ont pris Aubameyang, c'est qu'ils ont un petit doute sur Gouiri&quot; observe Acherchour\"\/>9:54OM : \u00ab\u00a0S&rsquo;ils ont pris Aubameyang, c&rsquo;est qu&rsquo;ils ont un petit doute sur Gouiri\u00a0\u00bb observe Acherchour<\/a><a href=\"https:\/\/rmcsport.bfmtv.com\/replay-emissions\/after-foot\/video-psg-a-la-place-de-donnarumma-je-ne-suis-pas-sur-de-partir-precise-acherchour_VN-202508100301.html\" title=\"PSG : &quot;\u00c0 la place de Donnarumma, je ne suis pas s\u00fbr de partir&quot; pr\u00e9cise Acherchour\" rel=\"nofollow noopener\" target=\"_blank\"><img class=\"lozad\"  width=\"16\" height=\"9\" alt=\"PSG : &quot;\u00c0 la place de Donnarumma, je ne suis pas s\u00fbr de partir&quot; pr\u00e9cise Acherchour\"\/>9:54PSG : \u00ab\u00a0\u00c0 la place de Donnarumma, je ne suis pas s\u00fbr de partir\u00a0\u00bb pr\u00e9cise Acherchour<\/a><a href=\"https:\/\/rmcsport.bfmtv.com\/replay-emissions\/after-foot\/video-psg-dembele-hakimi-le-ballon-d-or-peut-il-perturber-le-vestiaire-parisien_VN-202508100297.html\" title=\"PSG : Demb\u00e9l\u00e9, Hakimi... Le Ballon d&#039;or peut-il perturber le vestiaire parisien ?\" rel=\"nofollow noopener\" target=\"_blank\"><img class=\"lozad\"  width=\"16\" height=\"9\" alt=\"PSG : Demb\u00e9l\u00e9, Hakimi... Le Ballon d'or peut-il perturber le vestiaire parisien ?\"\/>13:36PSG : Demb\u00e9l\u00e9, Hakimi&#8230; Le Ballon d&rsquo;or peut-il perturber le vestiaire parisien ?<\/a><a href=\"https:\/\/rmcsport.bfmtv.com\/replay-emissions\/after-foot\/video-premier-league-pas-d-mbiance-en-angleterre-gros-desaccord-entre-brisbois-et-diaz_VN-202508100288.html\" title=\"Premier League : Pas d&#039;ambiance en Angleterre ? Gros d\u00e9saccord entre Brisbois et Diaz\" rel=\"nofollow noopener\" target=\"_blank\"><img class=\"lozad\"  width=\"16\" height=\"9\" alt=\"Premier League : Pas d'ambiance en Angleterre ? Gros d\u00e9saccord entre Brisbois et Diaz\"\/>5:57Premier League : Pas d&rsquo;ambiance en Angleterre ? Gros d\u00e9saccord entre Brisbois et Diaz<\/a><a href=\"https:\/\/rmcsport.bfmtv.com\/replay-emissions\/after-foot\/video-ligue-2-ce-n-est-pas-si-facile-pour-les-gros-clubs-comme-montpellier-ou-l-asse-assure-diaz_VN-202508100130.html\" title=\"Ligue 2 : &quot;Ce n\u2019est pas si facile pour les gros clubs comme Montpellier ou l\u2019ASSE&quot;, assure Diaz\" rel=\"nofollow noopener\" target=\"_blank\"><img class=\"lozad\"  width=\"16\" height=\"9\" alt=\"Ligue 2 : &quot;Ce n\u2019est pas si facile pour les gros clubs comme Montpellier ou l\u2019ASSE&quot;, assure Diaz\"\/>24:35Ligue 2 : \u00ab\u00a0Ce n\u2019est pas si facile pour les gros clubs comme Montpellier ou l\u2019ASSE\u00a0\u00bb, assure Diaz<\/a><a href=\"https:\/\/rmcsport.bfmtv.com\/replay-emissions\/after-foot\/video-om-ol-losc-comment-se-sont-passes-les-derniers-amicaux-avant-la-reprise-de-la-ligue-1_VN-202508090305.html\" title=\"OM, OL, Losc\u2026 comment se sont pass\u00e9s les derniers amicaux avant la reprise de la Ligue 1 ?\" rel=\"nofollow noopener\" target=\"_blank\"><img class=\"lozad\"  width=\"16\" height=\"9\" alt=\"OM, OL, Losc\u2026 comment se sont pass\u00e9s les derniers amicaux avant la reprise de la Ligue 1 ?\"\/>51:14OM, OL, Losc\u2026 comment se sont pass\u00e9s les derniers amicaux avant la reprise de la Ligue 1 ?<\/a><a href=\"https:\/\/rmcsport.bfmtv.com\/replay-emissions\/after-foot\/video-ligue-1-pogba-nouveau-gardien-ldc-quelles-ambitions-pour-monaco_VN-202508080508.html\" title=\"Ligue 1 : Pogba, nouveau gardien, LDC\u2026 quelles ambitions pour Monaco ?\" rel=\"nofollow noopener\" target=\"_blank\"><img class=\"lozad\"  width=\"16\" height=\"9\" alt=\"Ligue 1 : Pogba, nouveau gardien, LDC\u2026 quelles ambitions pour Monaco ?\"\/>25:53Ligue 1 : Pogba, nouveau gardien, LDC\u2026 quelles ambitions pour Monaco ?<\/a><a href=\"https:\/\/rmcsport.bfmtv.com\/replay-emissions\/after-foot\/video-tarifs-abonnements-contenus-toutes-les-dernieres-infos-sur-ligue-1_VN-202508080482.html\" title=\"Tarifs, abonnements, contenus\u2026 toutes les derni\u00e8res infos sur Ligue 1+\" rel=\"nofollow noopener\" target=\"_blank\"><img class=\"lozad\"  width=\"16\" height=\"9\" alt=\"Tarifs, abonnements, contenus\u2026 toutes les derni\u00e8res infos sur Ligue 1+\"\/>8:48Tarifs, abonnements, contenus\u2026 toutes les derni\u00e8res infos sur Ligue 1+<\/a><a href=\"https:\/\/rmcsport.bfmtv.com\/replay-emissions\/after-foot\/video-ballon-d-or-sans-barcola-ni-pacho-mais-avec-haaland-et-vinicius-l-after-s-etonne_VN-202508080211.html\" title=\"Ballon d&#039;Or : Sans Barcola ni Pacho mais avec Haaland et Vinicius, l&#039;After s&#039;\u00e9tonne\" rel=\"nofollow noopener\" target=\"_blank\"><img class=\"lozad\"  width=\"16\" height=\"9\" alt=\"Ballon d'Or : Sans Barcola ni Pacho mais avec Haaland et Vinicius, l'After s'\u00e9tonne\"\/>10:04Ballon d&rsquo;Or : Sans Barcola ni Pacho mais avec Haaland et Vinicius, l&rsquo;After s&rsquo;\u00e9tonne<\/a><a href=\"https:\/\/rmcsport.bfmtv.com\/football\/ligue-1\/video-david-chevalier-diakite-zhegrova-genesio-a-t-il-raison-de-s-inquieter-de-la-saignee-au-losc_VN-202508070490.html\" title=\"David, Chevalier, Diakit\u00e9, Zhegrova... Genesio a-t-il raison de s&#039;inqui\u00e9ter de la saign\u00e9e au LOSC ?\" rel=\"nofollow noopener\" target=\"_blank\"><img class=\"lozad\"  width=\"16\" height=\"9\" alt=\"David, Chevalier, Diakit\u00e9, Zhegrova... Genesio a-t-il raison de s'inqui\u00e9ter de la saign\u00e9e au LOSC ?\"\/>11:09David, Chevalier, Diakit\u00e9, Zhegrova&#8230; Genesio a-t-il raison de s&rsquo;inqui\u00e9ter de la saign\u00e9e au LOSC ?<\/a><a class=\"jumpToVideo\" target=\"_blank\"><img class=\"thumbnailPreview\"\/><\/a><\/p>\n","protected":false},"excerpt":{"rendered":"Ligue 1 : Quelles ambitions doivent avoir Rennes et Strasbourg ? Sur le m\u00eame sujeten lectureLigue 1 :&hellip;\n","protected":false},"author":2,"featured_media":312356,"comment_status":"","ping_status":"","sticky":false,"template":"","format":"standard","meta":{"footnotes":""},"categories":[2821],"tags":[1111,11,829,1777,674,1011,27,12,584,25],"class_list":{"0":"post-312355","1":"post","2":"type-post","3":"status-publish","4":"format-standard","5":"has-post-thumbnail","7":"category-rennes","8":"tag-actu","9":"tag-actualites","10":"tag-bretagne","11":"tag-eu","12":"tag-europe","13":"tag-fr","14":"tag-france","15":"tag-news","16":"tag-rennes","17":"tag-republique-francaise"},"share_on_mastodon":{"url":"https:\/\/pubeurope.com\/@fr\/115011933185335500","error":""},"_links":{"self":[{"href":"https:\/\/www.europesays.com\/fr\/wp-json\/wp\/v2\/posts\/312355","targetHints":{"allow":["GET"]}}],"collection":[{"href":"https:\/\/www.europesays.com\/fr\/wp-json\/wp\/v2\/posts"}],"about":[{"href":"https:\/\/www.europesays.com\/fr\/wp-json\/wp\/v2\/types\/post"}],"author":[{"embeddable":true,"href":"https:\/\/www.europesays.com\/fr\/wp-json\/wp\/v2\/users\/2"}],"replies":[{"embeddable":true,"href":"https:\/\/www.europesays.com\/fr\/wp-json\/wp\/v2\/comments?post=312355"}],"version-history":[{"count":0,"href":"https:\/\/www.europesays.com\/fr\/wp-json\/wp\/v2\/posts\/312355\/revisions"}],"wp:featuredmedia":[{"embeddable":true,"href":"https:\/\/www.europesays.com\/fr\/wp-json\/wp\/v2\/media\/312356"}],"wp:attachment":[{"href":"https:\/\/www.europesays.com\/fr\/wp-json\/wp\/v2\/media?parent=312355"}],"wp:term":[{"taxonomy":"category","embeddable":true,"href":"https:\/\/www.europesays.com\/fr\/wp-json\/wp\/v2\/categories?post=312355"},{"taxonomy":"post_tag","embeddable":true,"href":"https:\/\/www.europesays.com\/fr\/wp-json\/wp\/v2\/tags?post=312355"}],"curies":[{"name":"wp","href":"https:\/\/api.w.org\/{rel}","templated":true}]}}