{"id":312357,"date":"2025-08-11T20:06:44","date_gmt":"2025-08-11T20:06:44","guid":{"rendered":"https:\/\/www.europesays.com\/fr\/312357\/"},"modified":"2025-08-11T20:06:44","modified_gmt":"2025-08-11T20:06:44","slug":"pendant-3-mois-circuler-sur-lavenue-de-colmar-sannonce-complique","status":"publish","type":"post","link":"https:\/\/www.europesays.com\/fr\/312357\/","title":{"rendered":"pendant 3 mois, circuler sur l\u2019avenue de Colmar s&rsquo;annonce compliqu\u00e9 !"},"content":{"rendered":"<p>    <img loading=\"lazy\" width=\"1800\" height=\"900\" src=\"https:\/\/www.europesays.com\/fr\/wp-content\/uploads\/2025\/04\/jeanne-callthepolice.jpg\" class=\"attachment-full size-full\" alt=\"\" id=\"imageLove\" decoding=\"async\"  \/><\/p>\n<p id=\"breadcrumbs\"><a href=\"https:\/\/pokaa.fr\/\" target=\"_blank\" rel=\"noopener\">Accueil<\/a> \/ <a href=\"https:\/\/pokaa.fr\/categories\/actu\/\" target=\"_blank\" rel=\"noopener\">Info locale<\/a> \/ Strasbourg en travaux : pendant 3 mois, circuler sur l\u2019avenue de Colmar s\u2019annonce compliqu\u00e9 !<\/p>\n<p>                    Info locale<\/p>\n<p class=\"p1\"><b>Depuis le 4 ao\u00fbt et pendant trois mois, l\u2019avenue de Colmar est en travaux. Un chantier de r\u00e9paration du r\u00e9seau de chaleur qui se conjugue avec ceux de la piste cyclable de la Colmarienne. De grosses perturbations sont donc au programme pour les mois \u00e0 venir. <\/b><\/p>\n<p>Strasbourg l\u2019\u00e9t\u00e9, Strasbourg en chantier. Cette ann\u00e9e, sans doute plus que d\u2019habitude, la ville vit au rythme des nombreux travaux lanc\u00e9s par la municipalit\u00e9 et l\u2019Eurom\u00e9tropole. Parmi eux, <b>ceux sur l\u2019avenue de Colmar pour la cr\u00e9ation de la Colmarienne, future piste cyclable de 3,9 km reliant le Baggersee au NHC<\/b>.<\/p>\n<p>                <a href=\"https:\/\/pokaa.fr\/2025\/04\/04\/la-colmarienne-une-piste-cyclable-de-4-km-va-relier-le-centre-de-strasbourg-au-baggersee\/\" target=\"_blank\" rel=\"noopener\"><br \/>\n                    <img width=\"450\" height=\"270\" src=\"https:\/\/www.europesays.com\/fr\/wp-content\/uploads\/2025\/04\/123-450x270.png\" class=\"attachment-card-horizontal--same-subject size-card-horizontal--same-subject wp-post-image\" alt=\"\" decoding=\"async\" loading=\"lazy\"\/>                <\/a><\/p>\n<p class=\"p1\">Depuis le 4 ao\u00fbt, ce chantier cons\u00e9quent est accompagn\u00e9 de travaux parall\u00e8les sur l\u2019avenue de Colmar. Et comme souvent \u00e0 Strasbourg, c\u2019est une question de r\u00e9seau de chaleur : <b>selon l\u2019Eurom\u00e9tropole, l\u2019entreprise S\u00e9nerval, exploitante du r\u00e9seau de chaleur avenue de Colmar, a constat\u00e9 \u00e0 la fin de l\u2019hiver que les conduites \u00e9taient endommag\u00e9es au niveau de la station de tram \u00c9mile-Mathis<\/b>.<\/p>\n<p class=\"p1\">\u00c0 ce moment-l\u00e0, le transport d\u2019eau chaude a \u00e9t\u00e9 interrompu, et apr\u00e8s enqu\u00eate,<b> il a fallu d\u00e9cider d\u2019une remise en \u00e9tat le plus vite possible pour pr\u00e9parer l\u2019hiver 2025<\/b>. Les r\u00e9parations n\u00e9cessaires ont donc \u00e9t\u00e9 lanc\u00e9es le 4 ao\u00fbt dernier, et se d\u00e9rouleront sur plusieurs phases jusqu\u2019au mois d\u2019octobre.<\/p>\n<p>    <img width=\"800\" height=\"600\" src=\"https:\/\/www.europesays.com\/fr\/wp-content\/uploads\/2025\/08\/img-0755-grande-800x600.jpeg\" class=\"attachment-image-size-L size-image-size-L\" alt=\"avenue colmar\" decoding=\"async\" loading=\"lazy\"  \/>         \u00a9 Nicolas Kaspar \/ Pokaa <\/p>\n<p>De gros travaux \u00e0 pr\u00e9voir<\/p>\n<p class=\"p1\">Concr\u00e8tement, apr\u00e8s une premi\u00e8re p\u00e9riode allant du 4 au 9 ao\u00fbt, <b>les travaux sur le r\u00e9seau de chaleur, combin\u00e9s \u00e0 ceux de la Colmarienne, impliqueront plusieurs grosses perturbations sur l\u2019axe de l\u2019avenue de Colmar<\/b>. Dans le d\u00e9tail :<\/p>\n<ul class=\"ul1\">\n<li class=\"li1\">Du 25 au 31 ao\u00fbt, l\u2019avenue de Colmar sera enti\u00e8rement ferm\u00e9e dans le sens nord-sud.<\/li>\n<li class=\"li1\">Du 1er\u00a0septembre au 30 octobre, l\u2019avenue de Colmar sera ferm\u00e9e dans les deux sens de circulation.<\/li>\n<\/ul>\n<p>    <img width=\"480\" height=\"600\" src=\"https:\/\/www.europesays.com\/fr\/wp-content\/uploads\/2025\/08\/image001-480x600.png\" class=\"attachment-image-size-M size-image-size-M\" alt=\"travaux avenue de colmar\" decoding=\"async\" loading=\"lazy\"  \/>         \u00a9 Eurom\u00e9tropole de Strasbourg \/ Document remis <\/p>\n<p>                <img width=\"667\" height=\"500\" src=\"https:\/\/www.europesays.com\/fr\/wp-content\/uploads\/2025\/08\/img-0758-grande-667x500.jpeg\" class=\"attachment-gallery size-gallery\" alt=\"avenue de colmar\" data-full-url=\"https:\/\/pokaa.fr\/wp-content\/uploads\/2025\/08\/11\/img-0758-grande.jpeg\" decoding=\"async\" loading=\"lazy\"  \/>            <\/p>\n<p>                <img width=\"667\" height=\"500\" src=\"https:\/\/www.europesays.com\/fr\/wp-content\/uploads\/2025\/08\/img-0757-grande-667x500.jpeg\" class=\"attachment-gallery size-gallery\" alt=\"avenue de colmar\" data-full-url=\"https:\/\/pokaa.fr\/wp-content\/uploads\/2025\/08\/11\/img-0757-grande.jpeg\" decoding=\"async\" loading=\"lazy\"  \/>            <\/p>\n<p>                <img width=\"667\" height=\"500\" src=\"https:\/\/www.europesays.com\/fr\/wp-content\/uploads\/2025\/04\/img-7964-grande-667x500.jpeg\" class=\"attachment-gallery size-gallery\" alt=\"colmarienne avenue de colmar piste cyclable\" data-full-url=\"https:\/\/pokaa.fr\/wp-content\/uploads\/2025\/04\/03\/img-7964-grande.jpeg\" decoding=\"async\" loading=\"lazy\"  \/>            <\/p>\n<p>                    \u00a9 Nicolas Kaspar \/ Pokaa<\/p>\n<p class=\"p1\">L\u2019Eurom\u00e9tropole indique que <b>\u00ab\u00a0des itin\u00e9raires de d\u00e9viation seront mis en place pour les automobilistes et les transports en commun tout au long du chantier\u00a0\u00bb<\/b> et que \u00ab les acc\u00e8s aux riverain(e)s, comme la circulation du tram, seront maintenus \u00bb. Des stations seront d\u00e9vi\u00e9es, et les informations seront disponibles sur le site de la CTS. Par ailleurs, le parking-v\u00e9lo Schulthfeld (tram A et E) est inaccessible depuis le 8 ao\u00fbt et pour au moins 2 mois.<\/p>\n<p class=\"p1\">Des donn\u00e9es \u00e0 prendre en compte, puisque le Racing Club de Strasbourg d\u00e9bute sa saison de Ligue 1 le 24 ao\u00fbt prochain. <b>Durant la derni\u00e8re phase de travaux, le club jouera pas moins de 4 rencontres \u00e0 domicile, ce qui impliquera des difficult\u00e9s de circulation en voiture<\/b>. Alors pourquoi pas se rabattre sur le v\u00e9lo, <a href=\"https:\/\/www.rcstrasbourgalsace.fr\/les-trains-bleus-sont-de-retour-fluo-grand-est-transporte-les-supporters-du-racing-club-de-strasbourg-alsace\/\" target=\"_blank\" rel=\"noopener\">ou sur les \u00ab\u00a0trains bleus\u00a0\u00bb<\/a>, dispositif remis en place pour relier la gare de Krimmeri-Meinau depuis la gare de Strasbourg, via un syst\u00e8me de correspondance.<\/p>\n<p>                <img width=\"667\" height=\"500\" src=\"https:\/\/www.europesays.com\/fr\/wp-content\/uploads\/2025\/08\/img-0761-grande-667x500.jpeg\" class=\"attachment-gallery size-gallery\" alt=\"gare krimmeri\" data-full-url=\"https:\/\/pokaa.fr\/wp-content\/uploads\/2025\/08\/11\/img-0761-grande.jpeg\" decoding=\"async\" loading=\"lazy\"  \/>            <\/p>\n<p>                <img width=\"667\" height=\"500\" src=\"https:\/\/www.europesays.com\/fr\/wp-content\/uploads\/2025\/08\/img-0756-grande-667x500.jpeg\" class=\"attachment-gallery size-gallery\" alt=\"avenue de colmar\" data-full-url=\"https:\/\/pokaa.fr\/wp-content\/uploads\/2025\/08\/11\/img-0756-grande.jpeg\" decoding=\"async\" loading=\"lazy\"  \/>            <\/p>\n<p>                    \u00a9 Nicolas Kaspar \/ Pokaa<\/p>\n<p>Le rappel des travaux de la Colmarienne<\/p>\n<p class=\"p1\">Selon l\u2019Eurom\u00e9tropole, les travaux de r\u00e9paration sur le r\u00e9seau de chaleur avenue de Colmar n\u2019auront aucune incidence sur la livraison de la Colmarienne. Pour le moment, le tron\u00e7on de la route de l\u2019H\u00f4pital est d\u00e9j\u00e0 accessible, tandis que les travaux de la place du Schluthfeld \u00e0 la rue du Lazaret sont en cours, <b>tout comme le gros morceau des abords du stade de la Meinau<\/b>.<\/p>\n<p class=\"p1\">Concr\u00e8tement, les travaux se finiront vers le Baggersee en passant par l\u2019avenue de Colmar avec une voie bien s\u00e9par\u00e9e de la chauss\u00e9e qui sera d\u00e9di\u00e9e \u00e0 la piste cyclable, tandis qu\u2019une jonction vers le lyc\u00e9e Couffignal et la Plaine des Bouchers sera am\u00e9nag\u00e9e. <b>Le rendu esp\u00e9r\u00e9 est \u00e9galement pour la fin octobre, comme le chantier du r\u00e9seau de chaleur<\/b>. En attendant, courage pour les trois mois de perturbations.<\/p>\n<p>                <img width=\"667\" height=\"500\" src=\"https:\/\/www.europesays.com\/fr\/wp-content\/uploads\/2025\/04\/img-7961-grande-667x500.jpeg\" class=\"attachment-gallery size-gallery\" alt=\"colmarienne neudorf piste cyclable\" data-full-url=\"https:\/\/pokaa.fr\/wp-content\/uploads\/2025\/04\/03\/img-7961-grande.jpeg\" decoding=\"async\" loading=\"lazy\"  \/>            <\/p>\n<p>                <img width=\"667\" height=\"500\" src=\"https:\/\/www.europesays.com\/fr\/wp-content\/uploads\/2025\/08\/img-0764-grande-667x500.jpeg\" class=\"attachment-gallery size-gallery\" alt=\"la colmarienne\" data-full-url=\"https:\/\/pokaa.fr\/wp-content\/uploads\/2025\/08\/11\/img-0764-grande.jpeg\" decoding=\"async\" loading=\"lazy\"  \/>            <\/p>\n<p>                <img width=\"667\" height=\"500\" src=\"https:\/\/www.europesays.com\/fr\/wp-content\/uploads\/2025\/04\/img-7960-grande-667x500.jpeg\" class=\"attachment-gallery size-gallery\" alt=\"colmarienne carrefour voitures\" data-full-url=\"https:\/\/pokaa.fr\/wp-content\/uploads\/2025\/04\/03\/img-7960-grande.jpeg\" decoding=\"async\" loading=\"lazy\"  \/>            <\/p>\n<p>                <img width=\"667\" height=\"500\" src=\"https:\/\/www.europesays.com\/fr\/wp-content\/uploads\/2025\/08\/img-0765-grande-667x500.jpeg\" class=\"attachment-gallery size-gallery\" alt=\"la colmarienne\" data-full-url=\"https:\/\/pokaa.fr\/wp-content\/uploads\/2025\/08\/11\/img-0765-grande.jpeg\" decoding=\"async\" loading=\"lazy\"  \/>            <\/p>\n<p>                <img width=\"667\" height=\"500\" src=\"https:\/\/www.europesays.com\/fr\/wp-content\/uploads\/2025\/08\/img-0760-grande-667x500.jpeg\" class=\"attachment-gallery size-gallery\" alt=\"la colmarienne stade de la meinau\" data-full-url=\"https:\/\/pokaa.fr\/wp-content\/uploads\/2025\/08\/11\/img-0760-grande.jpeg\" decoding=\"async\" loading=\"lazy\"  \/>            <\/p>\n<p>                <img width=\"667\" height=\"500\" src=\"https:\/\/www.europesays.com\/fr\/wp-content\/uploads\/2025\/04\/img-7970-grande-667x500.jpeg\" class=\"attachment-gallery size-gallery\" alt=\"colmarienne stade de la meinau piste cyclable\" data-full-url=\"https:\/\/pokaa.fr\/wp-content\/uploads\/2025\/04\/03\/img-7970-grande.jpeg\" decoding=\"async\" loading=\"lazy\"  \/>            <\/p>\n<p>                    Avant\/apr\u00e8s. \u00a9 Nicolas Kaspar \/ Pokaa<\/p>\n","protected":false},"excerpt":{"rendered":"Accueil \/ Info locale \/ Strasbourg en travaux : pendant 3 mois, circuler sur l\u2019avenue de Colmar s\u2019annonce&hellip;\n","protected":false},"author":2,"featured_media":312358,"comment_status":"","ping_status":"","sticky":false,"template":"","format":"standard","meta":{"footnotes":""},"categories":[2820],"tags":[1111,11,45219,45220,1777,674,1011,27,775,12,25,640,2086],"class_list":{"0":"post-312357","1":"post","2":"type-post","3":"status-publish","4":"format-standard","5":"has-post-thumbnail","7":"category-strasbourg","8":"tag-actu","9":"tag-actualites","10":"tag-avenue-de-colmar","11":"tag-colmarienne","12":"tag-eu","13":"tag-europe","14":"tag-fr","15":"tag-france","16":"tag-grand-est","17":"tag-news","18":"tag-republique-francaise","19":"tag-strasbourg","20":"tag-travaux"},"share_on_mastodon":{"url":"https:\/\/pubeurope.com\/@fr\/115011937257176145","error":""},"_links":{"self":[{"href":"https:\/\/www.europesays.com\/fr\/wp-json\/wp\/v2\/posts\/312357","targetHints":{"allow":["GET"]}}],"collection":[{"href":"https:\/\/www.europesays.com\/fr\/wp-json\/wp\/v2\/posts"}],"about":[{"href":"https:\/\/www.europesays.com\/fr\/wp-json\/wp\/v2\/types\/post"}],"author":[{"embeddable":true,"href":"https:\/\/www.europesays.com\/fr\/wp-json\/wp\/v2\/users\/2"}],"replies":[{"embeddable":true,"href":"https:\/\/www.europesays.com\/fr\/wp-json\/wp\/v2\/comments?post=312357"}],"version-history":[{"count":0,"href":"https:\/\/www.europesays.com\/fr\/wp-json\/wp\/v2\/posts\/312357\/revisions"}],"wp:featuredmedia":[{"embeddable":true,"href":"https:\/\/www.europesays.com\/fr\/wp-json\/wp\/v2\/media\/312358"}],"wp:attachment":[{"href":"https:\/\/www.europesays.com\/fr\/wp-json\/wp\/v2\/media?parent=312357"}],"wp:term":[{"taxonomy":"category","embeddable":true,"href":"https:\/\/www.europesays.com\/fr\/wp-json\/wp\/v2\/categories?post=312357"},{"taxonomy":"post_tag","embeddable":true,"href":"https:\/\/www.europesays.com\/fr\/wp-json\/wp\/v2\/tags?post=312357"}],"curies":[{"name":"wp","href":"https:\/\/api.w.org\/{rel}","templated":true}]}}