{"id":312369,"date":"2025-08-11T20:14:11","date_gmt":"2025-08-11T20:14:11","guid":{"rendered":"https:\/\/www.europesays.com\/fr\/312369\/"},"modified":"2025-08-11T20:14:11","modified_gmt":"2025-08-11T20:14:11","slug":"plusieurs-records-de-chaleurs-battus-ce-lundi","status":"publish","type":"post","link":"https:\/\/www.europesays.com\/fr\/312369\/","title":{"rendered":"plusieurs records de chaleurs battus ce lundi"},"content":{"rendered":"<p>16 d\u00e9partements \u00e9taient plac\u00e9s en alerte rouge canicule ce lundi notamment dans le sud-ouest de la France o\u00f9 le thermom\u00e8tre affichait par endroits plus de 40 degr\u00e9s.<\/p>\n<p class=\"fig-paragraph\">La France traverse actuellement une nouvelle vague de chaleur en ce d\u00e9but de semaine. Une grande partie du pays (65 d\u00e9partements) \u00e9tait d\u2019ailleurs plac\u00e9e en vigilance orange canicule ce lundi, seul le quart nord-ouest de la France \u00e9tant \u00e9pargn\u00e9. Mais dans le Sud-Ouest, o\u00f9 12 d\u00e9partements \u00e9taient plac\u00e9s en\u00a0<a href=\"http:\/\/www.lefigaro.fr\/meteo\/une-chaleur-d-un-niveau-exceptionnel-attendue-12-departements-en-vigilance-rouge-canicule-ce-lundi-et-mardi-20250811\" data-fig-type=\"NewsFlash\" data-gtm-custom-categorie=\"navigation\" data-gtm-custom-action=\"crossclick\" data-gtm-custom-label=\"Contextuel\" data-gtm-event=\"customEventSPE\" data-fig-domain=\"LEFIGARO\" target=\"_blank\" rel=\"noopener\">vigilance rouge canicule<\/a>, les temp\u00e9ratures \u00e9taient difficilement supportables.<\/p>\n<p class=\"fig-paragraph\">Lundi apr\u00e8s-midi, plusieurs records de chaleur ont \u00e9t\u00e9 battus en Nouvelle-Aquitaine comme \u00e0 Bergerac, o\u00f9 il faisait 42,1\u00b0C et \u00e0 Bordeaux, o\u00f9 le thermom\u00e8tre affichait 41,6\u00b0C, selon les relev\u00e9s de\u00a0<a href=\"https:\/\/actualite.lachainemeteo.com\/alerte-meteo\/8684-canicule-de-grande-ampleur-intensite-historique\" target=\"_blank\" rel=\"sponsored noopener\" data-gtm-custom-categorie=\"navigation\" data-gtm-custom-action=\"crossclick\" data-gtm-custom-label=\"Contextuel\" data-gtm-event=\"customEventSPE\">La cha\u00eene m\u00e9t\u00e9o*<\/a>. Toujours en Gironde, les 41,5\u00b0C qui ont \u00e9t\u00e9 enregistr\u00e9s \u00e0 Saint-\u00c9milion ont effac\u00e9 les 41,3\u00b0C relev\u00e9s le 4 ao\u00fbt 2003. Un record de chaleur a aussi \u00e9t\u00e9 battu \u00e0 Angoul\u00eame avec 42,1\u00b0C contre 41,1\u00b0C en 2003.<\/p>\n<p>                                    <a class=\"fig-a11y-skip a11y-hidden\" href=\"#fig-a11y-skip-main-inarticle\"><br \/>\n        Passer la publicit\u00e9<br \/>\n    <\/a><\/p>\n<p class=\"fig-paragraph\">C\u00f4t\u00e9 Occitanie, la ville de Saint-Girons (Ari\u00e8ge) a battu son record de temp\u00e9rature, avec 39,8\u00b0C, au-del\u00e0 des 39,2\u00b0C relev\u00e9s en 2023. Dans le village de Gavarnie (Hautes-Pyr\u00e9n\u00e9es), situ\u00e9 \u00e0 1400 m\u00e8tres d\u2019altitude, la temp\u00e9rature est mont\u00e9e jusqu\u2019\u00e0 35,1\u00b0C, effa\u00e7ant le record de 34,2\u00b0C\u00a0<a href=\"http:\/\/lefigaro.fr\/meteo\/canicule-ou-a-t-il-fait-le-plus-chaud-ce-dimanche-en-france-20250810\" target=\"_blank\" rel=\"sponsored noopener\" data-gtm-custom-categorie=\"navigation\" data-gtm-custom-action=\"crossclick\" data-gtm-custom-label=\"Contextuel\" data-gtm-event=\"customEventSPE\">\u00e9tabli dimanche<\/a>. Il a \u00e9galement fait plus de 40\u00b0C \u00e0 Toulouse, Carcassonne, Montauban, Auch ou encore Castelnaudary. Au niveau national, la temp\u00e9rature la plus \u00e9lev\u00e9e est d\u00e9tenue par la station de Captieux, en Gironde, avec 43,1\u00b0C. Il a \u00e9galement fait plus de 40 degr\u00e9s \u00e0 Auch et \u00e0 Castelnaudary.<\/p>\n<p>Chaleur toute la semaine<\/p>\n<p class=\"fig-paragraph\">Mardi, la chaleur extr\u00eame devrait persister au sud et s\u2019\u00e9tendre vers le nord et l\u2019est, avec de 36 \u00e0 38 \u00b0C du Val-de-Loire au Grand-Est, et jusqu\u2019\u00e0 41 \u00b0C en vall\u00e9e du Rh\u00f4ne, o\u00f9 quatre d\u00e9partements \u00e9taient d\u00e9j\u00e0 en vigilance rouge ce lundi (le Rh\u00f4ne, l\u2019Is\u00e8re, la Dr\u00f4me et l\u2019Ard\u00e8che). \u00c0 Paris, la journ\u00e9e la plus chaude de la semaine est attendue, avec des temp\u00e9ratures allant jusqu\u2019\u00e0 36 degr\u00e9s.<\/p>\n<p class=\"fig-paragraph\">Cette vague de chaleur devrait persister toute la semaine sur la quasi-totalit\u00e9 du pays. Les temp\u00e9ratures resteront \u00e9lev\u00e9es mercredi et jeudi, notamment autour de la M\u00e9diterran\u00e9e o\u00f9 les valeurs pourront atteindre 38 \u00e0 40\u00b0C. De m\u00eame pour le sud-ouest et la vall\u00e9e de la Garonne avec des pointes \u00e0 37\u00b0C. Selon La cha\u00eene m\u00e9t\u00e9o, la canicule devrait frapper de nouveau ce week-end, notamment au sud de la Loire. Un pic de chaleur est attendu samedi avec des maximales autour de 38\u00b0C voire localement un peu plus, jusqu\u2019\u00e0 40\u00b0C de nouveau.<\/p>\n<p class=\"fig-paragraph\">*La Cha\u00eene m\u00e9t\u00e9o est une propri\u00e9t\u00e9 du Groupe Figaro.<\/p>\n","protected":false},"excerpt":{"rendered":"16 d\u00e9partements \u00e9taient plac\u00e9s en alerte rouge canicule ce lundi notamment dans le sud-ouest de la France o\u00f9&hellip;\n","protected":false},"author":2,"featured_media":312370,"comment_status":"","ping_status":"","sticky":false,"template":"","format":"standard","meta":{"footnotes":""},"categories":[2817],"tags":[1111,11,8371,1997,13208,1777,674,1011,27,2487,12,2219,25],"class_list":{"0":"post-312369","1":"post","2":"type-post","3":"status-publish","4":"format-standard","5":"has-post-thumbnail","7":"category-bordeaux","8":"tag-actu","9":"tag-actualites","10":"tag-bergerac","11":"tag-bordeaux","12":"tag-chaleur","13":"tag-eu","14":"tag-europe","15":"tag-fr","16":"tag-france","17":"tag-meteo","18":"tag-news","19":"tag-nouvelle-aquitaine","20":"tag-republique-francaise"},"share_on_mastodon":{"url":"https:\/\/pubeurope.com\/@fr\/115011968366708180","error":""},"_links":{"self":[{"href":"https:\/\/www.europesays.com\/fr\/wp-json\/wp\/v2\/posts\/312369","targetHints":{"allow":["GET"]}}],"collection":[{"href":"https:\/\/www.europesays.com\/fr\/wp-json\/wp\/v2\/posts"}],"about":[{"href":"https:\/\/www.europesays.com\/fr\/wp-json\/wp\/v2\/types\/post"}],"author":[{"embeddable":true,"href":"https:\/\/www.europesays.com\/fr\/wp-json\/wp\/v2\/users\/2"}],"replies":[{"embeddable":true,"href":"https:\/\/www.europesays.com\/fr\/wp-json\/wp\/v2\/comments?post=312369"}],"version-history":[{"count":0,"href":"https:\/\/www.europesays.com\/fr\/wp-json\/wp\/v2\/posts\/312369\/revisions"}],"wp:featuredmedia":[{"embeddable":true,"href":"https:\/\/www.europesays.com\/fr\/wp-json\/wp\/v2\/media\/312370"}],"wp:attachment":[{"href":"https:\/\/www.europesays.com\/fr\/wp-json\/wp\/v2\/media?parent=312369"}],"wp:term":[{"taxonomy":"category","embeddable":true,"href":"https:\/\/www.europesays.com\/fr\/wp-json\/wp\/v2\/categories?post=312369"},{"taxonomy":"post_tag","embeddable":true,"href":"https:\/\/www.europesays.com\/fr\/wp-json\/wp\/v2\/tags?post=312369"}],"curies":[{"name":"wp","href":"https:\/\/api.w.org\/{rel}","templated":true}]}}