{"id":312376,"date":"2025-08-11T20:19:11","date_gmt":"2025-08-11T20:19:11","guid":{"rendered":"https:\/\/www.europesays.com\/fr\/312376\/"},"modified":"2025-08-11T20:19:11","modified_gmt":"2025-08-11T20:19:11","slug":"en-recidive-pour-trafic-de-drogue-un-marseillais-de-20-ans-condamne-a-16-mois-de-prison","status":"publish","type":"post","link":"https:\/\/www.europesays.com\/fr\/312376\/","title":{"rendered":"En r\u00e9cidive pour trafic de drogue, un Marseillais de 20 ans condamn\u00e9 \u00e0 16 mois de prison"},"content":{"rendered":"<p>Abdelkader O, la petite vingtaine, a \u00e9t\u00e9 pris en flagrant d\u00e9lit ce 14\u00a0juillet\u00a02025 par les policiers d\u2019Aix-en-Provence. Il \u00e9changeait au volant de sa voiture une petite bonbonne blanche contre des billets de banque dont le propri\u00e9taire, dans son propre v\u00e9hicule stationn\u00e9 en bordure de la route de Berre, a reconnu qu\u2019il s\u2019agissait d\u20191,9\u00a0g de coca\u00efne achet\u00e9 70\u00a0\u20ac.<\/p>\n<p>\u00c0 la barre du <a href=\"https:\/\/www.laprovence.com\/article\/faits-divers-justice\/3045362800566714\/au-tribunal-d-aix-le-serial-cambrioleur-remercie-la-magistrate-qui-le-condamne-a-deux-ans-de-prison-ferme\" target=\"_blank\" rel=\"noopener\">tribunal d\u2019Aix-en-Provence<\/a>, Abdelkader reconna\u00eet qu\u2019il n\u2019a pas r\u00e9fl\u00e9chi beaucoup\u00a0: \u00ab\u00a0Je voulais arrondir mes fins de mois\u00a0\u00bb, dit le jeune homme h\u00e9berg\u00e9 par ses parents, qui dit \u00eatre l\u2019a\u00een\u00e9 de trois fr\u00e8res et ne gagner que 1\u00a0400\u00a0\u20ac par moi dans un commerce alimentaire. Il y travaillait de 6 h \u00e0 13\u00a0h du mardi au samedi. Il restait donc deux jours pour dealer moyennant 150\u00a0\u20ac quotidiens.<\/p>\n<p>C\u2019est d\u2019autant pas tr\u00e8s malin que le Marseillais, qui a une formation de m\u00e9canicien bateau, allait entamer un stage \u00e0 <a href=\"https:\/\/www.laprovence.com\/article\/economie\/20010425737340\/les-chantiers-navals-de-la-ciotat-visite-d-un-site-historique-qui-a-fait-la-grandeur-de-cette-ville\" target=\"_blank\" rel=\"noopener\">La Ciotat<\/a> et a sur la t\u00eate la menace d\u2019une peine de prison ferme, ayant \u00e9cop\u00e9 de sursis pour des faits similaires.<\/p>\n<p>Des explications entendues, mais \u00ab\u00a0pas re\u00e7ues\u00a0\u00bb<\/p>\n<p>\u00ab\u00a0Vous avez plant\u00e9 tout ce que vous aviez lanc\u00e9\u00a0\u00bb, regrette le pr\u00e9sident Guillaume Durr, qui insiste\u00a0: cela aurait \u00e9t\u00e9 bien de r\u00e9fl\u00e9chir avant. L\u2019accus\u00e9 qui vient de passer un mois en pr\u00e9ventive au <a href=\"https:\/\/www.laprovence.com\/article\/faits-divers-justice\/3802357457268314\/a-aix-un-detenu-de-la-prison-de-luynes-avait-profere-des-menaces-a-l-encontre-d-un-agent-penitentiaire\" target=\"_blank\" rel=\"noopener\">centre p\u00e9nitentiaire de Luynes<\/a> argumentait\u00a0: \u00ab\u00a0Je ne m\u2019y sens pas \u00e0 ma place\u00a0\u00bb, surtout en entendant untel revenir du tribunal avec une condamnation de 15\u00a0ans ou tel autre parler de la <a href=\"https:\/\/www.laprovence.com\/article\/faits-divers-justice\/2255992170656814\/un-commando-de-la-dz-mafia-neutralise-par-la-police-judiciaire-apres-deux-fusillades-a-marseille\" target=\"_blank\" rel=\"noopener\">DZ Mafia<\/a>. Il insiste\u00a0: sa premi\u00e8re condamnation, c\u2019\u00e9tait une p\u00e9riode difficile entre deuil et addiction \u00e0 la coca\u00efne, \u00ab\u00a0je voulais tourner la page\u00a0\u00bb. \u00ab\u00a0Sauf que vous risquez 6 mois suppl\u00e9mentaires pour ces nouveaux faits et r\u00e9vocation du sursis\u00a0\u00bb, poursuit le pr\u00e9sident, relevant qu\u2019Abdelkader a tr\u00e8s moyennement respect\u00e9 les consignes des services de probation.<\/p>\n","protected":false},"excerpt":{"rendered":"Abdelkader O, la petite vingtaine, a \u00e9t\u00e9 pris en flagrant d\u00e9lit ce 14\u00a0juillet\u00a02025 par les policiers d\u2019Aix-en-Provence. Il&hellip;\n","protected":false},"author":2,"featured_media":312377,"comment_status":"","ping_status":"","sticky":false,"template":"","format":"standard","meta":{"footnotes":""},"categories":[2814],"tags":[17,1111,11,1764,8652,1052,1777,674,274,1011,27,761,884,2561,12,882,41210,25,1097],"class_list":{"0":"post-312376","1":"post","2":"type-post","3":"status-publish","4":"format-standard","5":"has-post-thumbnail","7":"category-marseille","8":"tag-17","9":"tag-actu","10":"tag-actualites","11":"tag-ans","12":"tag-condamne","13":"tag-drogue","14":"tag-eu","15":"tag-europe","16":"tag-faits-divers-justice","17":"tag-fr","18":"tag-france","19":"tag-marseillais","20":"tag-marseille","21":"tag-mois","22":"tag-news","23":"tag-provence-alpes-cote-dazur","24":"tag-recidive","25":"tag-republique-francaise","26":"tag-trafic"},"share_on_mastodon":{"url":"https:\/\/pubeurope.com\/@fr\/115011988031494501","error":""},"_links":{"self":[{"href":"https:\/\/www.europesays.com\/fr\/wp-json\/wp\/v2\/posts\/312376","targetHints":{"allow":["GET"]}}],"collection":[{"href":"https:\/\/www.europesays.com\/fr\/wp-json\/wp\/v2\/posts"}],"about":[{"href":"https:\/\/www.europesays.com\/fr\/wp-json\/wp\/v2\/types\/post"}],"author":[{"embeddable":true,"href":"https:\/\/www.europesays.com\/fr\/wp-json\/wp\/v2\/users\/2"}],"replies":[{"embeddable":true,"href":"https:\/\/www.europesays.com\/fr\/wp-json\/wp\/v2\/comments?post=312376"}],"version-history":[{"count":0,"href":"https:\/\/www.europesays.com\/fr\/wp-json\/wp\/v2\/posts\/312376\/revisions"}],"wp:featuredmedia":[{"embeddable":true,"href":"https:\/\/www.europesays.com\/fr\/wp-json\/wp\/v2\/media\/312377"}],"wp:attachment":[{"href":"https:\/\/www.europesays.com\/fr\/wp-json\/wp\/v2\/media?parent=312376"}],"wp:term":[{"taxonomy":"category","embeddable":true,"href":"https:\/\/www.europesays.com\/fr\/wp-json\/wp\/v2\/categories?post=312376"},{"taxonomy":"post_tag","embeddable":true,"href":"https:\/\/www.europesays.com\/fr\/wp-json\/wp\/v2\/tags?post=312376"}],"curies":[{"name":"wp","href":"https:\/\/api.w.org\/{rel}","templated":true}]}}