{"id":312378,"date":"2025-08-11T20:20:13","date_gmt":"2025-08-11T20:20:13","guid":{"rendered":"https:\/\/www.europesays.com\/fr\/312378\/"},"modified":"2025-08-11T20:20:13","modified_gmt":"2025-08-11T20:20:13","slug":"on-na-plus-rien-la-colere-des-sinistres-un-mois-apres-les-incendies-destructeurs-a-marseille","status":"publish","type":"post","link":"https:\/\/www.europesays.com\/fr\/312378\/","title":{"rendered":"\u00ab\u00a0On n&rsquo;a plus rien\u00a0\u00bb : la col\u00e8re des sinistr\u00e9s, un mois apr\u00e8s les incendies destructeurs \u00e0 Marseille"},"content":{"rendered":"<ul class=\"jsx-862013697 ArticleChapo__List\">\n<li class=\"jsx-862013697 ArticleChapo__List_Item flex\">Le 8 juillet, un incendie a ravag\u00e9 750 hectares entre les Pennes-Mirabeau et l\u2019Estaque, au nord de Marseille (Bouches-du-Rh\u00f4ne), d\u00e9truisant 51 habitations.<\/li>\n<li class=\"jsx-862013697 ArticleChapo__List_Item flex\">Un mois plus tard, certains sinistr\u00e9s sont d\u00e9pourvus de logement et d\u00e9sormais \u00e0 la rue.<\/li>\n<li class=\"jsx-862013697 ArticleChapo__List_Item flex\">Une \u00e9quipe de TF1 est all\u00e9e \u00e0 leur rencontre.<\/li>\n<\/ul>\n<p><a href=\"https:\/\/www.tf1info.fr\/actualite\/incendie-dans-l-aude-2-000-hectares-parcourus-par-l-incendie-14315\/\" rel=\"noopener\" class=\"jsx-484472199 Link jsx-1428418400 jsx-27126556\" target=\"_blank\"><\/p>\n<p style=\"font-weight:400\" class=\"jsx-1837267516\">Suivez la couverture compl\u00e8te<\/p>\n<p style=\"font-weight:800\" class=\"jsx-1837267516\">Incendies en France : l&rsquo;\u00e9t\u00e9 2025 de tous les dangers<\/p>\n<p><\/a><\/p>\n<p data-module=\"article-paragraph\" class=\"jsx-3046738180 Paragraph\">\u00ab\u00a0On n&rsquo;a plus rien\u00a0\u00bb, lance Alexandra Lacroix, dont l&rsquo;appartement a \u00e9t\u00e9 d\u00e9truit, lisant une inscription \u00e0 la craie sur un mur noirci par les flammes. \u00ab\u00a0\u00c7a, c&rsquo;est ma petite fille, Paloma, qui l&rsquo;a \u00e9crit. Et elle a raison, alors qu&rsquo;elle n&rsquo;a que 10 ans\u00a0\u00bb, d\u00e9plore-t-elle, entour\u00e9e d&rsquo;habitations en ruines. \u00ab\u00a0On verra bien, dans le futur, ce que va devenir notre vie. Je ne sais pas\u00a0\u00bb, t\u00e9moigne la sinistr\u00e9e dans le reportage de TF1 en t\u00eate de cet article.<\/p>\n<p data-module=\"article-paragraph\" class=\"jsx-3046738180 Paragraph Paragraph__End\">Celle qui vivait dans cet appartement depuis 25 ans n&rsquo;a plus de nouvelles de son assurance depuis le passage des experts. \u00ab\u00a0On ne sait rien du tout de ce qu&rsquo;ils vont faire de nos maisons. Moi, je veux revenir ici\u00a0\u00bb, alerte-t-elle.\u00a0<\/p>\n<p><a href=\"https:\/\/www.tf1info.fr\/justice-faits-divers\/verif-incendies-un-habitant-a-t-il-porte-plainte-contre-les-pompiers-qui-se-sont-servis-dans-sa-piscine-2385874.html\" rel=\"noopener\" class=\"jsx-3308031228 Link flex\" target=\"_blank\"><img decoding=\"async\" src=\"https:\/\/www.europesays.com\/fr\/wp-content\/uploads\/2025\/08\/verif-piscine-pompiers-marseille-90d414-0@1x.jpeg\" alt=\"Cette vid\u00e9o montre un h\u00e9licopt\u00e8re se servir dans une piscine\" loading=\"lazy\" importance=\"low\" fetchpriority=\"low\" class=\"\" aria-hidden=\"true\"\/><\/p>\n<p class=\"jsx-3657663356 ReadMoreArticle__Title\">Lire aussi<\/p>\n<p class=\"jsx-3657663356\">V\u00c9RIF&rsquo; &#8211; Incendies \u00e0 Marseille : un habitant a-t-il port\u00e9 plainte contre les pompiers qui se sont servis dans sa piscine ?<\/p>\n<p><\/a><\/p>\n<p data-module=\"article-paragraph\" class=\"jsx-3046738180 Paragraph\">Il y a un mois, le 8 juillet, <a href=\"https:\/\/www.tf1info.fr\/meteo\/bouches-du-rhone-un-incendie-parcourt-30-hectares-aux-portes-de-marseille-l-aeroport-ferme-2381697.html\" target=\"_blank\" rel=\"noopener\">un incendie a ravag\u00e9 750 hectares<\/a> et touch\u00e9 plus de 90 habitations des Pennes-Mirabeau \u00e0 Marseille. Au total, <a href=\"https:\/\/www.tf1info.fr\/environnement-ecologie\/video-les-flammes-faisaient-10-metres-pres-de-marseille-des-habitants-surpris-en-pleine-nuit-par-un-important-incendie-2381129.html\" target=\"_blank\" rel=\"noopener\">51 habitations ont \u00e9t\u00e9 totalement d\u00e9truites<\/a>. Parmi elles, l&rsquo;appartement de Jean-Raymond Casini, selon qui il est impossible de trouver un nouveau logement en plein \u00e9t\u00e9. Il a ainsi entass\u00e9 matelas et coussins dans le coffre de sa voiture, en guise de maison. \u00ab\u00a0On vit ici \u00e0 trois. Moi, ma femme, et ma fille, 15 ans\u00a0\u00bb, se d\u00e9sole-t-il, la gorge nou\u00e9e.\u00a0<\/p>\n<p data-module=\"article-paragraph\" class=\"jsx-3046738180 Paragraph Paragraph__End\">Leur assurance ne leur a propos\u00e9 aucune solution durable pour les reloger. \u00ab\u00a0Pour nous pr\u00e9lever, ils savent faire. Mais quand on en a besoin, ils ne savent pas. On n&rsquo;a pas de sanitaires, on revient au Moyen \u00c2ge\u00a0\u00bb, poursuit-il. Des conditions poussant d&rsquo;autres sinistr\u00e9s \u00e0 ouvrir les bornes d&rsquo;incendie pour simplement se doucher. \u00ab\u00a0Ce n&rsquo;est pas agr\u00e9able. L&rsquo;eau est tr\u00e8s tr\u00e8s froide\u00a0\u00bb, souligne l&rsquo;un d&rsquo;entre eux. Une pratique pourtant strictement interdite.\u00a0<\/p>\n<blockquote class=\"jsx-2786790838 Quote__Text\"><p>Forc\u00e9ment un manquement<\/p><\/blockquote>\n<p>Emmanuel Franc, repr\u00e9sentant du collectif de l\u2019incendie du 8-Juillet<\/p>\n<p data-module=\"article-paragraph\" class=\"jsx-3046738180 Paragraph\">Plus de 500 personnes ont d\u00e9j\u00e0 sollicit\u00e9 de l&rsquo;aide de la Mairie de Marseille. Mais alors qu&rsquo;<a href=\"https:\/\/www.tf1info.fr\/meteo\/incendies-dans-le-sud-feux-marseille-on-va-avoir-un-ete-particulierement-dangereux-alerte-le-porte-parole-des-sapeurs-pompiers-de-france-2381830.html\" target=\"_blank\" rel=\"noopener\">un millier de pompiers \u00e9tait mobilis\u00e9<\/a>, la fa\u00e7on dont le feu a pu toucher autant d&rsquo;habitations<a href=\"https:\/\/www.tf1info.fr\/regions\/video-reportage-on-est-completement-sequestres-a-marseille-la-colere-des-habitants-bloques-malgre-la-fin-des-incendies-2382131.html\" target=\"_blank\" rel=\"noopener\"> interpelle<\/a>. \u00ab\u00a0Personne n&rsquo;a vu un seul pompier dans nos chemins. Il y a forc\u00e9ment eu un manquement quelque part. Tr\u00e8s certainement au niveau de l&rsquo;\u00c9tat-major, et\/ou de la pr\u00e9fecture\u00a0\u00bb, souligne Emmanuel Franc, repr\u00e9sentant du collectif de l\u2019incendie du 8-Juillet. Dans l&rsquo;attente de r\u00e9ponses, une centaine d&rsquo;habitants ont d\u00e9pos\u00e9 plainte.\u00a0<\/p>\n<p data-module=\"article-paragraph\" class=\"jsx-3046738180 Paragraph Paragraph__End\">Dans un communiqu\u00e9, le pr\u00e9fet des Bouches-du-Rh\u00f4ne, Georges-Fran\u00e7ois Leclerc, a tenu \u00e0 \u00ab\u00a0assumer toutes les d\u00e9cisions prises\u2009\u00a0\u00bb lors de la gestion de l&rsquo;incendie. Les artisans, eux, voient les chantiers se multiplier. Des travaux qui pourraient durer des mois. En attendant, la Ville de Marseille a d\u00e9bloqu\u00e9 une aide d&rsquo;un million d&rsquo;euros pour les sinistr\u00e9s.\u00a0<\/p>\n<p>M.T | Reportage Tristan VARTANIAN, Etienne BONNOT<\/p>\n","protected":false},"excerpt":{"rendered":"Le 8 juillet, un incendie a ravag\u00e9 750 hectares entre les Pennes-Mirabeau et l\u2019Estaque, au nord de Marseille&hellip;\n","protected":false},"author":2,"featured_media":312379,"comment_status":"","ping_status":"","sticky":false,"template":"","format":"standard","meta":{"footnotes":""},"categories":[2814],"tags":[1111,11,1921,1777,674,1011,27,37774,1922,2952,884,12,882,25,133,5010],"class_list":{"0":"post-312378","1":"post","2":"type-post","3":"status-publish","4":"format-standard","5":"has-post-thumbnail","7":"category-marseille","8":"tag-actu","9":"tag-actualites","10":"tag-article-video","11":"tag-eu","12":"tag-europe","13":"tag-fr","14":"tag-france","15":"tag-incendies-en-france-lete-2025-de-tous-les-dangers","16":"tag-info","17":"tag-le-20h","18":"tag-marseille","19":"tag-news","20":"tag-provence-alpes-cote-dazur","21":"tag-republique-francaise","22":"tag-video","23":"tag-video-sujets-de-societe"},"share_on_mastodon":{"url":"https:\/\/pubeurope.com\/@fr\/115011991912881153","error":""},"_links":{"self":[{"href":"https:\/\/www.europesays.com\/fr\/wp-json\/wp\/v2\/posts\/312378","targetHints":{"allow":["GET"]}}],"collection":[{"href":"https:\/\/www.europesays.com\/fr\/wp-json\/wp\/v2\/posts"}],"about":[{"href":"https:\/\/www.europesays.com\/fr\/wp-json\/wp\/v2\/types\/post"}],"author":[{"embeddable":true,"href":"https:\/\/www.europesays.com\/fr\/wp-json\/wp\/v2\/users\/2"}],"replies":[{"embeddable":true,"href":"https:\/\/www.europesays.com\/fr\/wp-json\/wp\/v2\/comments?post=312378"}],"version-history":[{"count":0,"href":"https:\/\/www.europesays.com\/fr\/wp-json\/wp\/v2\/posts\/312378\/revisions"}],"wp:featuredmedia":[{"embeddable":true,"href":"https:\/\/www.europesays.com\/fr\/wp-json\/wp\/v2\/media\/312379"}],"wp:attachment":[{"href":"https:\/\/www.europesays.com\/fr\/wp-json\/wp\/v2\/media?parent=312378"}],"wp:term":[{"taxonomy":"category","embeddable":true,"href":"https:\/\/www.europesays.com\/fr\/wp-json\/wp\/v2\/categories?post=312378"},{"taxonomy":"post_tag","embeddable":true,"href":"https:\/\/www.europesays.com\/fr\/wp-json\/wp\/v2\/tags?post=312378"}],"curies":[{"name":"wp","href":"https:\/\/api.w.org\/{rel}","templated":true}]}}