{"id":312380,"date":"2025-08-11T20:21:10","date_gmt":"2025-08-11T20:21:10","guid":{"rendered":"https:\/\/www.europesays.com\/fr\/312380\/"},"modified":"2025-08-11T20:21:10","modified_gmt":"2025-08-11T20:21:10","slug":"apres-oullins-pierre-benite-la-ville-de-caluire-et-cuire-rend-sa-piscine-gratuite-face-a-la-canicule","status":"publish","type":"post","link":"https:\/\/www.europesays.com\/fr\/312380\/","title":{"rendered":"Apr\u00e8s Oullins-Pierre-B\u00e9nite, la Ville de Caluire-et-Cuire rend sa piscine gratuite face \u00e0 la canicule"},"content":{"rendered":"<p itemprop=\"description\"><strong>Les habitants de Caluire-et-Cuire vont pouvoir se rafra\u00eechir gratuitement.<\/strong><\/p>\n<p>Le nouveau maire de la commune <a href=\"https:\/\/www.lyonmag.com\/profil-personnalite-lyonnaise\/690\/bastien-joint\" target=\"_blank\" rel=\"noopener nofollow\">Bastien Joint<\/a> a annonc\u00e9 avoir pris exemple sur Oullins-Pierre-B\u00e9nite et d\u00e9cide d&rsquo;ouvrir les portes de la piscine municipale Isabelle Jouffroy situ\u00e9e avenue Elie Vignal.<\/p>\n<p>Les Caluirards sur pr\u00e9sentation d&rsquo;un justificatif de domicile, mais aussi les femmes enceintes et les personnes en situation de handicap, pourront s&rsquo;y rendre gratuitement \u00e0 compter de ce mardi.<\/p>\n<p>La piscine de Caluire est ouverte tous les jours, de 10h \u00e0 19h.<\/p>\n<p>La mesure de gratuit\u00e9 durera \u00ab\u00a0pendant toute la dur\u00e9e de l&rsquo;alerte de vigilance rouge\u00a0\u00bb.<\/p>\n<p>\u00ab\u00a0Notre priorit\u00e9 est de prot\u00e9ger la sant\u00e9 de tous et de proposer des solutions concr\u00e8tes et imm\u00e9diates pour affronter cette canicule\u00a0\u00bb, souligne Bastien Joint dans un communiqu\u00e9.<\/p>\n<p>Pendant ce temps, \u00e0 Lyon\u2026<\/p>\n<blockquote class=\"twitter-tweet\"><p>&#13;<\/p>\n<p dir=\"ltr\" lang=\"fr\">\u203c\ufe0f\ud83d\udea8 Alerte Canicule \ud83d\udc47<\/p>\n<p>\ud83d\udebf\ud83d\udca7\ud83d\udca6 \ud83c\udfca\u200d\u2642\ufe0f <\/p>\n<p>D\u00e8s demain, mardi 12 ao\u00fbt, et pendant toute la dur\u00e9e de cette alerte de vigilance rouge, l\u2019entr\u00e9e de la piscine municipale sera gratuite pour tous les habitants de <a href=\"https:\/\/twitter.com\/hashtag\/CaluireetCuire?src=hash&amp;ref_src=twsrc%5Etfw\" rel=\"nofollow noopener\" target=\"_blank\">#CaluireetCuire<\/a>, femmes enceintes et personnes en situation de handicap. <a href=\"https:\/\/t.co\/VMUYnxwuc6\" rel=\"nofollow\">pic.twitter.com\/VMUYnxwuc6<\/a><\/p>\n<p>&#13;<br \/>\n\u2014 Bastien Joint (@BastienJoint) <a href=\"https:\/\/twitter.com\/BastienJoint\/status\/1954953751959310387?ref_src=twsrc%5Etfw\" rel=\"nofollow noopener\" target=\"_blank\">August 11, 2025<\/a><\/p><\/blockquote>\n<p>\t\t  <script async src=\"https:\/\/platform.twitter.com\/widgets.js\" charset=\"utf-8\"><\/script><\/p>\n","protected":false},"excerpt":{"rendered":"Les habitants de Caluire-et-Cuire vont pouvoir se rafra\u00eechir gratuitement. Le nouveau maire de la commune Bastien Joint a&hellip;\n","protected":false},"author":2,"featured_media":312381,"comment_status":"","ping_status":"","sticky":false,"template":"","format":"standard","meta":{"footnotes":""},"categories":[1889],"tags":[1111,11,2813,2190,2430,1109,251,1112,2811,1777,674,118,1011,27,1922,1110,1114,2428,2810,12,241,316,25,2812,517,800],"class_list":{"0":"post-312380","1":"post","2":"type-post","3":"status-publish","4":"format-standard","5":"has-post-thumbnail","7":"category-lyon","8":"tag-actu","9":"tag-actualites","10":"tag-article","11":"tag-asvel","12":"tag-auvergne-rhone-alpes","13":"tag-breves","14":"tag-culture","15":"tag-depeches","16":"tag-economique","17":"tag-eu","18":"tag-europe","19":"tag-faits-divers","20":"tag-fr","21":"tag-france","22":"tag-info","23":"tag-informations","24":"tag-infos","25":"tag-lyon","26":"tag-lyonmag","27":"tag-news","28":"tag-ol","29":"tag-politique","30":"tag-republique-francaise","31":"tag-sociale","32":"tag-sport","33":"tag-transports"},"share_on_mastodon":{"url":"https:\/\/pubeurope.com\/@fr\/115011995778793645","error":""},"_links":{"self":[{"href":"https:\/\/www.europesays.com\/fr\/wp-json\/wp\/v2\/posts\/312380","targetHints":{"allow":["GET"]}}],"collection":[{"href":"https:\/\/www.europesays.com\/fr\/wp-json\/wp\/v2\/posts"}],"about":[{"href":"https:\/\/www.europesays.com\/fr\/wp-json\/wp\/v2\/types\/post"}],"author":[{"embeddable":true,"href":"https:\/\/www.europesays.com\/fr\/wp-json\/wp\/v2\/users\/2"}],"replies":[{"embeddable":true,"href":"https:\/\/www.europesays.com\/fr\/wp-json\/wp\/v2\/comments?post=312380"}],"version-history":[{"count":0,"href":"https:\/\/www.europesays.com\/fr\/wp-json\/wp\/v2\/posts\/312380\/revisions"}],"wp:featuredmedia":[{"embeddable":true,"href":"https:\/\/www.europesays.com\/fr\/wp-json\/wp\/v2\/media\/312381"}],"wp:attachment":[{"href":"https:\/\/www.europesays.com\/fr\/wp-json\/wp\/v2\/media?parent=312380"}],"wp:term":[{"taxonomy":"category","embeddable":true,"href":"https:\/\/www.europesays.com\/fr\/wp-json\/wp\/v2\/categories?post=312380"},{"taxonomy":"post_tag","embeddable":true,"href":"https:\/\/www.europesays.com\/fr\/wp-json\/wp\/v2\/tags?post=312380"}],"curies":[{"name":"wp","href":"https:\/\/api.w.org\/{rel}","templated":true}]}}