{"id":312382,"date":"2025-08-11T20:22:18","date_gmt":"2025-08-11T20:22:18","guid":{"rendered":"https:\/\/www.europesays.com\/fr\/312382\/"},"modified":"2025-08-11T20:22:18","modified_gmt":"2025-08-11T20:22:18","slug":"pagaille-en-cours-a-la-gare-sncf-lyon-part-dieu-de-gros-retards-ce-quil-se-passe","status":"publish","type":"post","link":"https:\/\/www.europesays.com\/fr\/312382\/","title":{"rendered":"Pagaille en cours \u00e0 la gare SNCF Lyon Part-Dieu, de gros retards : ce qu\u2019il se passe"},"content":{"rendered":"<p>            Par<br \/>\n        <strong><br \/>\n            <a href=\"https:\/\/actu.fr\/auteur\/redaction-lyon\" title=\"Consulter tous les articles de R\u00e9daction Lyon\" target=\"_blank\" rel=\"noopener\">R\u00e9daction Lyon<\/a><br \/>\n        <\/strong><\/p>\n<p>        Publi\u00e9 le<\/p>\n<p>            11 ao\u00fbt 2025 \u00e0 18h57<br \/>\n        ; mis \u00e0 jour le 11 ao\u00fbt 2025 \u00e0 19h19    <\/p>\n<p>Pagaille estivale \u00e0 la gare SNCF <a href=\"https:\/\/actu.fr\/tag\/lyon-part-dieu\" target=\"_blank\" rel=\"noopener\">Lyon Part-Dieu<\/a> ce lundi 11 ao\u00fbt dans la soir\u00e9e. En pleine <a href=\"https:\/\/actu.fr\/auvergne-rhone-alpes\/lyon_69123\/lyon-une-canicule-interminable-le-departement-du-rhone-passe-en-vigilance-orange_63013176.html\" target=\"_blank\" rel=\"noopener\">canicule<\/a> \u00e9touffante, plusieurs trains affichent d\u2019importants retards dans la gare encore bien fr\u00e9quent\u00e9e pour un lundi en toute fin d\u2019apr\u00e8s-midi.\u00a0<\/p>\n<p class=\" wall-content\">Des bagages abandonn\u00e9s ainsi qu\u2019une panne d\u2019aiguillage dans <a href=\"https:\/\/actu.fr\/auvergne-rhone-alpes\/lyon_69123\" target=\"_blank\" rel=\"noopener\">Lyon<\/a> sont en cause et provoquent des retards au d\u00e9part comme \u00e0 l\u2019arriv\u00e9e \u00e0 Part-Dieu o\u00f9 des centaines de passagers attendent dans une chaleur \u00e9touffante dans les diff\u00e9rents halls ou sous un soleil violent sur les quais.\u00a0<\/p>\n<p class=\" wall-content\">\n<p>Retards de plus d\u2019une heure pour des TGV<\/p>\n<p class=\" wall-content\">Un TGV \u00e0 destination de Montpellier Saint-Roch affiche 1h40 de retard, un pour Marseille et Nice pr\u00e8s d\u2019une heure. Un autre pour Toulouse est aussi en retard d\u2019une heure depuis la Part-Dieu.\u00a0<\/p>\n<p class=\" wall-content\">Des retards plus limit\u00e9s de 10 \u00e0 30 minutes sont affich\u00e9s pour des TGV ou TER vers Lille, Grenoble, Bruxelles-Midi.\u00a0<\/p>\n<p class=\" wall-content\">A l\u2019arriv\u00e9e des retards sont aussi \u00e0 d\u00e9plorer : un train depuis Nancy et Strasbourg affichent 1h, 15 minutes depuis Marseille, 35 minutes Grenoble et 25 minutes Paris-Bercy ou Avignon.\u00a0<\/p>\n<p class=\" wall-content\">Suivez toute l\u2019actualit\u00e9 de vos villes et m\u00e9dias favoris en vous inscrivant \u00e0 <a href=\"https:\/\/moncompte.actu.fr\" title=\"D\u00e9couvez Mon Actu\" rel=\"nofollow noopener\" data-trk=\"{&quot;cta&quot;:{&quot;action&quot;:&quot;https:\\\/\\\/moncompte.actu.fr&quot;,&quot;category&quot;:&quot;mon compte&quot;,&quot;from&quot;:&quot;article footer&quot;,&quot;name&quot;:&quot;Mon actu&quot;,&quot;type&quot;:&quot;cta&quot;}}\" target=\"_blank\">Mon Actu<\/a>.<\/p>\n","protected":false},"excerpt":{"rendered":"Par R\u00e9daction Lyon Publi\u00e9 le 11 ao\u00fbt 2025 \u00e0 18h57 ; mis \u00e0 jour le 11 ao\u00fbt 2025&hellip;\n","protected":false},"author":2,"featured_media":312383,"comment_status":"","ping_status":"","sticky":false,"template":"","format":"standard","meta":{"footnotes":""},"categories":[1889],"tags":[1111,11,2430,1777,674,1011,27,2428,6178,12,25,2215,104,2214],"class_list":{"0":"post-312382","1":"post","2":"type-post","3":"status-publish","4":"format-standard","5":"has-post-thumbnail","7":"category-lyon","8":"tag-actu","9":"tag-actualites","10":"tag-auvergne-rhone-alpes","11":"tag-eu","12":"tag-europe","13":"tag-fr","14":"tag-france","15":"tag-lyon","16":"tag-lyon-part-dieu","17":"tag-news","18":"tag-republique-francaise","19":"tag-sncf","20":"tag-societe","21":"tag-tgv"},"share_on_mastodon":{"url":"https:\/\/pubeurope.com\/@fr\/115011999685779572","error":""},"_links":{"self":[{"href":"https:\/\/www.europesays.com\/fr\/wp-json\/wp\/v2\/posts\/312382","targetHints":{"allow":["GET"]}}],"collection":[{"href":"https:\/\/www.europesays.com\/fr\/wp-json\/wp\/v2\/posts"}],"about":[{"href":"https:\/\/www.europesays.com\/fr\/wp-json\/wp\/v2\/types\/post"}],"author":[{"embeddable":true,"href":"https:\/\/www.europesays.com\/fr\/wp-json\/wp\/v2\/users\/2"}],"replies":[{"embeddable":true,"href":"https:\/\/www.europesays.com\/fr\/wp-json\/wp\/v2\/comments?post=312382"}],"version-history":[{"count":0,"href":"https:\/\/www.europesays.com\/fr\/wp-json\/wp\/v2\/posts\/312382\/revisions"}],"wp:featuredmedia":[{"embeddable":true,"href":"https:\/\/www.europesays.com\/fr\/wp-json\/wp\/v2\/media\/312383"}],"wp:attachment":[{"href":"https:\/\/www.europesays.com\/fr\/wp-json\/wp\/v2\/media?parent=312382"}],"wp:term":[{"taxonomy":"category","embeddable":true,"href":"https:\/\/www.europesays.com\/fr\/wp-json\/wp\/v2\/categories?post=312382"},{"taxonomy":"post_tag","embeddable":true,"href":"https:\/\/www.europesays.com\/fr\/wp-json\/wp\/v2\/tags?post=312382"}],"curies":[{"name":"wp","href":"https:\/\/api.w.org\/{rel}","templated":true}]}}