{"id":312386,"date":"2025-08-11T20:25:13","date_gmt":"2025-08-11T20:25:13","guid":{"rendered":"https:\/\/www.europesays.com\/fr\/312386\/"},"modified":"2025-08-11T20:25:13","modified_gmt":"2025-08-11T20:25:13","slug":"les-forages-de-contrex-et-hepar-contamines-aux-microplastiques","status":"publish","type":"post","link":"https:\/\/www.europesays.com\/fr\/312386\/","title":{"rendered":"Les forages de Contrex et H\u00e9par\u00a0contamin\u00e9s aux microplastiques"},"content":{"rendered":"\n<p class=\"c-chapo \">\n  En novembre prochain, le groupe Nestl\u00e9 compara\u00eetra pour avoir \u00ab\u00a0abandonn\u00e9 ill\u00e9galement\u00a0\u00bb des d\u00e9chets aux abords de ses sites d&#8217;embouteillage vosgiens. Comme le d\u00e9voile Mediapart, ces d\u00e9p\u00f4ts sauvages ont contamin\u00e9 aux microplastiques les terres et les nappes souterraines utilis\u00e9es pour les eaux min\u00e9rales. Mais l&rsquo;enqu\u00eate judiciaire n&rsquo;\u00e9tablit pas de lien entre la pollution des nappes et la pr\u00e9sence de microplastiques dans les bouteilles commercialis\u00e9es.\n<\/p>\n<p>            lire plus tard<\/p>\n<p id=\"dialog__title\" class=\"dialog__title\">Pour sauvegarder cet article, connectez-vous ou cr\u00e9ez un compte franceinfo<\/p>\n<p class=\"dialog__description\">Sans paiement. Sans abonnement.<\/p>\n<p>        Fermer la fen\u00eatre d\u2019activation des notifications France Info<\/p>\n<p>            cr\u00e9er votre compte<\/p>\n<p>            se connecter<\/p>\n<p>        Fermer la fen\u00eatre de pr\u00e9sentation<\/p>\n<p>    <img loading=\"lazy\" decoding=\"async\" class=\"signature__image lazyload\" width=\"100\" height=\"100\" data- alt=\"\" src=\"https:\/\/www.europesays.com\/fr\/wp-content\/uploads\/2025\/06\/marie-dupin-1-65e60355f08c8891747267.png\"\/><\/p>\n<p>    Publi\u00e9 le 11\/08\/2025 20:32<\/p>\n<p>        Temps de lecture : 5min<\/p>\n<p>    <img decoding=\"async\"  alt=\"\u00a0 (JEAN-CHRISTOPHE VERHAEGEN \/ AFP)\" width=\"432\" height=\"243\" src=\"https:\/\/www.europesays.com\/fr\/wp-content\/uploads\/2025\/08\/000-par7601107-689a354f45508593578729.jpg\" fetchpriority=\"high\"\/><\/p>\n<p>      \u00a0 (JEAN-CHRISTOPHE VERHAEGEN \/ AFP)<\/p>\n<p dir=\"ltr\">They-sous-Montfort, Contrex\u00e9ville, Saint-Ouen-L\u00e8s-Parey, Crainvilliers\u00a0: Dans toutes ces communes, proches de la c\u00e9l\u00e8bre ville thermale de Vittel, le groupe Nestl\u00e9 est accus\u00e9 d&rsquo;avoir \u00ab\u00a0abandonn\u00e9 ill\u00e9galement\u00a0\u00bb et conserv\u00e9 des d\u00e9charges sauvages\u00a0: des centaines de milliers de m\u00e8tres cubes de d\u00e9chets plastique sous forme de bouteilles, stock\u00e9s de mani\u00e8re occulte et dissimul\u00e9s, \u00e0 m\u00eame les sols, sans imperm\u00e9abilisation des terres, et sans suivi des percolations, et de l&rsquo;instabilit\u00e9 des sols subissant les ravages du temps et des intemp\u00e9ries climatiques.<\/p>\n<p dir=\"ltr\">Plusieurs documents, d\u00e9voil\u00e9s par <a href=\"https:\/\/www.mediapart.fr\/journal\/france\/090825\/les-eaux-contrex-et-hepar-contaminees-aux-microplastiques-par-les-decharges-sauvages-de-nestle\" target=\"_blank\" rel=\"noopener nofollow\">Mediapart<\/a> et que franceinfo a pu consulter, prouvent que ces d\u00e9charges ont contamin\u00e9 les sols, mais aussi les nappes phr\u00e9atiques dans lesquelles sont puis\u00e9es les eaux utilis\u00e9es pour produire les marques H\u00e9par et Contrex. Il s&rsquo;agit notamment d&rsquo;un rapport d&rsquo;enqu\u00eate de l&rsquo;Office fran\u00e7ais de la biodiversit\u00e9 (OFB), mais aussi des r\u00e9quisitions du parquet de Nancy, telles qu&rsquo;elles devaient \u00eatre pr\u00e9sent\u00e9es \u00e0 <a href=\"https:\/\/www.franceinfo.fr\/environnement\/pollution\/le-groupe-nestle-waters-sera-juge-en-mai-pour-des-decharges-sauvages-de-dechets-dans-les-vosges_7045361.html\" rel=\"nofollow noopener\" target=\"_blank\">l&rsquo;audience en mai dernier, avant le renvoi du proc\u00e8s fin novembre<\/a>.<\/p>\n<p dir=\"ltr\">Dans son r\u00e9quisitoire, le minist\u00e8re public accuse la soci\u00e9t\u00e9 Nestl\u00e9 d&rsquo;avoir, en connaissance de cause, g\u00e9r\u00e9 sans agr\u00e9ment les d\u00e9charges. Selon la justice, \u00ab\u00a0Nestl\u00e9 ne s&rsquo;est pas content\u00e9 d&rsquo;\u00eatre d\u00e9tentrice de la d\u00e9charge, la soci\u00e9t\u00e9 ayant r\u00e9alis\u00e9 des actes de gestion\u00a0\u00bb sans aucune autorisation pr\u00e9fectorale. La multinationale est \u00e9galement poursuivie pour avoir \u00ab\u00a0pollu\u00e9 en laissant s&rsquo;\u00e9couler dans les milieux naturels des microplastiques en grande quantit\u00e9\u00a0\u00bb. En effet, \u00ab\u00a0les mat\u00e9riaux aux compositions chimiques maintenus sous terre, en contact direct avec les sols et les eaux ruisselantes, sont incompatibles avec la biodiversit\u00e9 et les \u00e9cosyst\u00e8mes\u00a0\u00bb.<\/p>\n<p dir=\"ltr\">Dans le cadre de leurs investigations, les enqu\u00eateurs ont r\u00e9alis\u00e9 des fouilles et des pr\u00e9l\u00e8vements d&rsquo;eau sur deux forages exploit\u00e9s par la soci\u00e9t\u00e9 Nestl\u00e9 pour produire les eaux des marques Contrex et H\u00e9par. Ces pr\u00e9l\u00e8vements ont \u00e9t\u00e9 r\u00e9alis\u00e9s par un employ\u00e9 de Nestl\u00e9 en pr\u00e9sence des enqu\u00eateurs, d\u00e9but juin 2024.<\/p>\n<p dir=\"ltr\">Les r\u00e9sultats des analyses sont sans \u00e9quivoque\u00a0: 515 particules de microplastique par litre pour H\u00e9par\u00a0; 2\u00a0096 pour Contrex. \u00c0 titre de comparaison, l&rsquo;In\u00e9ris, cit\u00e9 par les enqu\u00eateurs dans un proc\u00e8s-verbal que franceinfo a pu consulter, \u00e9valuait en 2018 la pr\u00e9sence moyenne de ces particules dans l&rsquo;eau douce entre 10 et 300 par m\u00e8tre cube (un m\u00e8tre cube contenant 1\u00a0000 litres, ndlr). <\/p>\n<p dir=\"ltr\">Les sources proches des d\u00e9charges, encore utilis\u00e9es par Nestl\u00e9, affichent donc des concentrations jusqu&rsquo;\u00e0 pr\u00e8s de 7\u00a0000 fois sup\u00e9rieures \u00ab\u00a0\u00e0 la normale\u00a0\u00bb selon un proc\u00e8s-verbal du dossier judiciaire consult\u00e9 par franceinfo. Le r\u00e9quisitoire du parquet fait quant \u00e0 lui \u00e9tat de particules \u00ab\u00a0jusqu&rsquo;\u00e0 1,3 millions de fois sup\u00e9rieures aux taux de la Seine\u00a0\u00bb.<\/p>\n<p dir=\"ltr\">Si la pollution des nappes utilis\u00e9es pour produire de l&rsquo;eau en bouteille semble av\u00e9r\u00e9e par les diff\u00e9rents \u00e9l\u00e9ments de l&rsquo;enqu\u00eate, ces donn\u00e9es resteront pourtant en marge du proc\u00e8s\u00a0: les conclusions de la justice n&rsquo;\u00e9tablissent en effet aucun lien entre les concentrations relev\u00e9es dans les forages et celles des eaux mises en bouteille. \u00ab\u00a0Malheureusement, ce lien n&rsquo;a pas pu \u00eatre mat\u00e9rialis\u00e9\u00a0\u00bb faute d&rsquo;une investigation plus pouss\u00e9e, confie une source proche de l&rsquo;enqu\u00eate. Alors que les travaux scientifiques se multiplient sur les effets d\u00e9l\u00e9t\u00e8res des microplastiques pour la sant\u00e9, la r\u00e9glementation ne pr\u00e9voit d&rsquo;ailleurs aucun seuil, ni aucune obligation de contr\u00f4le des microplastiques dans les eaux destin\u00e9es \u00e0 la consommation humaine.<\/p>\n<p dir=\"ltr\">De son c\u00f4t\u00e9, Nestl\u00e9 assure avoir demand\u00e9 \u00e0 trois laboratoires sp\u00e9cialis\u00e9s des contre-analyses, qui \u00ab\u00a0montrent, sans \u00e9quivoque,<strong> <\/strong>l&rsquo;absence de microplastiques dans l&rsquo;eau de nos forages\u00a0\u00bb<strong>. <\/strong>S&rsquo;agissant des d\u00e9charges sauvages, Nestl\u00e9 assure que \u00ab\u00a0la majorit\u00e9 des sites a d\u00e9j\u00e0 \u00e9t\u00e9 nettoy\u00e9e\u00a0\u00bb et dit \u00ab\u00a0attendre les pr\u00e9conisations des pouvoirs publics quant aux mesures de rem\u00e9diation \u00e0 mettre en \u0153uvre\u00a0\u00bb pour les \u00ab\u00a0sites aux profils plus complexes\u00a0\u00bb. Mais pour Bernard Schmitt, pr\u00e9sident de l&rsquo;association environnementale Eau 88, le constat reste alarmant\u00a0: \u00ab\u00a0Dans ce contexte, la pr\u00e9fecture vient d&rsquo;autoriser Nestl\u00e9 Waters \u00e0 r\u00e9aliser cinq forages exploratoires pour la marque H\u00e9par, sans aucune \u00e9tude d&rsquo;impact environnemental, et situ\u00e9s \u00e0 proximit\u00e9 imm\u00e9diate de la d\u00e9charge sauvage de They-sous-Montfort.\u00a0\u00bb<\/p>\n<p dir=\"ltr\">Ces d\u00e9charges ill\u00e9gales continuent de relarguer lentement leurs compos\u00e9s chimiques dans le sol, dans les nappes, et dans l&rsquo;eau que l&rsquo;on boit.<\/p>\n","protected":false},"excerpt":{"rendered":"En novembre prochain, le groupe Nestl\u00e9 compara\u00eetra pour avoir \u00ab\u00a0abandonn\u00e9 ill\u00e9galement\u00a0\u00bb des d\u00e9chets aux abords de ses sites&hellip;\n","protected":false},"author":2,"featured_media":312387,"comment_status":"","ping_status":"","sticky":false,"template":"","format":"standard","meta":{"footnotes":""},"categories":[1888],"tags":[1111,1928,11,1927,1777,674,1011,27,12,1926,626,1925,25],"class_list":{"0":"post-312386","1":"post","2":"type-post","3":"status-publish","4":"format-standard","5":"has-post-thumbnail","7":"category-paris","8":"tag-actu","9":"tag-actu-paris","10":"tag-actualites","11":"tag-actualites-paris","12":"tag-eu","13":"tag-europe","14":"tag-fr","15":"tag-france","16":"tag-news","17":"tag-news-paris","18":"tag-paris","19":"tag-paris-news","20":"tag-republique-francaise"},"share_on_mastodon":{"url":"https:\/\/pubeurope.com\/@fr\/115012011604614141","error":""},"_links":{"self":[{"href":"https:\/\/www.europesays.com\/fr\/wp-json\/wp\/v2\/posts\/312386","targetHints":{"allow":["GET"]}}],"collection":[{"href":"https:\/\/www.europesays.com\/fr\/wp-json\/wp\/v2\/posts"}],"about":[{"href":"https:\/\/www.europesays.com\/fr\/wp-json\/wp\/v2\/types\/post"}],"author":[{"embeddable":true,"href":"https:\/\/www.europesays.com\/fr\/wp-json\/wp\/v2\/users\/2"}],"replies":[{"embeddable":true,"href":"https:\/\/www.europesays.com\/fr\/wp-json\/wp\/v2\/comments?post=312386"}],"version-history":[{"count":0,"href":"https:\/\/www.europesays.com\/fr\/wp-json\/wp\/v2\/posts\/312386\/revisions"}],"wp:featuredmedia":[{"embeddable":true,"href":"https:\/\/www.europesays.com\/fr\/wp-json\/wp\/v2\/media\/312387"}],"wp:attachment":[{"href":"https:\/\/www.europesays.com\/fr\/wp-json\/wp\/v2\/media?parent=312386"}],"wp:term":[{"taxonomy":"category","embeddable":true,"href":"https:\/\/www.europesays.com\/fr\/wp-json\/wp\/v2\/categories?post=312386"},{"taxonomy":"post_tag","embeddable":true,"href":"https:\/\/www.europesays.com\/fr\/wp-json\/wp\/v2\/tags?post=312386"}],"curies":[{"name":"wp","href":"https:\/\/api.w.org\/{rel}","templated":true}]}}