{"id":312392,"date":"2025-08-11T20:28:11","date_gmt":"2025-08-11T20:28:11","guid":{"rendered":"https:\/\/www.europesays.com\/fr\/312392\/"},"modified":"2025-08-11T20:28:11","modified_gmt":"2025-08-11T20:28:11","slug":"le-parquet-de-paris-ouvre-une-enquete-liberation","status":"publish","type":"post","link":"https:\/\/www.europesays.com\/fr\/312392\/","title":{"rendered":"le parquet de Paris ouvre une enqu\u00eate \u2013 Lib\u00e9ration"},"content":{"rendered":"<p class=\"sc-ksZaOG ehjQrN text-element\">Cheveux courts et visage fatigu\u00e9, Mariam Traor\u00e9 ne veut pas s\u2019attarder sur les \u00e9v\u00e9nements du week-end. \u00abVous devriez porter plainte !\u00bb l\u2019incite un b\u00e9n\u00e9vole. \u00abJe suis fatigu\u00e9e\u00bb, lui r\u00e9pond la jeune femme de 22 ans. En se r\u00e9veillant brusquement, dans la nuit du samedi 9 au dimanche 10 ao\u00fbt, l\u2019Ivoirienne a senti que les couettes sur laquelle elle et ses deux enfants dorment depuis six jours \u00e9taient mouill\u00e9es. Deux hommes venaient d\u2019uriner sur elle et ses deux filles, \u00e2g\u00e9es de 6 ans et 14 mois. Allong\u00e9e \u00e0 c\u00f4t\u00e9 de sa m\u00e8re, la plus grande a re\u00e7u des gouttes sur le visage. Mariam Traor\u00e9 fait partie des quelque 200 personnes, principalement des femmes et des enfants en bas \u00e2ge, qui depuis pr\u00e8s d\u2019une semaine dorment devant l\u2019h\u00f4tel de ville de Paris pour r\u00e9clamer aux pouvoirs publics l\u2019acc\u00e8s \u00e0 un h\u00e9bergement durable. <a href=\"https:\/\/www.liberation.fr\/societe\/logement\/ce-nest-pas-notre-role-de-choisir-qui-dort-dehors-ou-pas-a-paris-une-nouvelle-action-menee-pour-les-exiles-a-la-rue-20250805_OMIC6N3CFFGBDHJSZPFCWZTRCI\/\" target=\"_blank\" rel=\"nofollow noopener\" title=\"https:\/\/www.liberation.fr\/societe\/logement\/ce-nest-pas-notre-role-de-choisir-qui-dort-dehors-ou-pas-a-paris-une-nouvelle-action-menee-pour-les-exiles-a-la-rue-20250805_OMIC6N3CFFGBDHJSZPFCWZTRCI\/\">L\u2019action est coordonn\u00e9e par Utopia 56<\/a>, une association d\u2019aide aux personnes exil\u00e9es.<\/p>\n<p class=\"sc-ksZaOG ehjQrN text-element\">Quarante-huit heures apr\u00e8s les faits, Wolimata (1) se souvient avoir entendu \u00abun bruit de jet d\u2019eau\u00bb tomber \u00e0 quelques m\u00e8tres d\u2019elle. \u00ab<\/p>\n","protected":false},"excerpt":{"rendered":"Cheveux courts et visage fatigu\u00e9, Mariam Traor\u00e9 ne veut pas s\u2019attarder sur les \u00e9v\u00e9nements du week-end. \u00abVous devriez&hellip;\n","protected":false},"author":2,"featured_media":312393,"comment_status":"","ping_status":"","sticky":false,"template":"","format":"standard","meta":{"footnotes":""},"categories":[1888],"tags":[11,1777,674,1011,27,1061,12,626,10181,25],"class_list":{"0":"post-312392","1":"post","2":"type-post","3":"status-publish","4":"format-standard","5":"has-post-thumbnail","7":"category-paris","8":"tag-actualites","9":"tag-eu","10":"tag-europe","11":"tag-fr","12":"tag-france","13":"tag-immigration","14":"tag-news","15":"tag-paris","16":"tag-precarite","17":"tag-republique-francaise"},"share_on_mastodon":{"url":"https:\/\/pubeurope.com\/@fr\/115012023387478940","error":""},"_links":{"self":[{"href":"https:\/\/www.europesays.com\/fr\/wp-json\/wp\/v2\/posts\/312392","targetHints":{"allow":["GET"]}}],"collection":[{"href":"https:\/\/www.europesays.com\/fr\/wp-json\/wp\/v2\/posts"}],"about":[{"href":"https:\/\/www.europesays.com\/fr\/wp-json\/wp\/v2\/types\/post"}],"author":[{"embeddable":true,"href":"https:\/\/www.europesays.com\/fr\/wp-json\/wp\/v2\/users\/2"}],"replies":[{"embeddable":true,"href":"https:\/\/www.europesays.com\/fr\/wp-json\/wp\/v2\/comments?post=312392"}],"version-history":[{"count":0,"href":"https:\/\/www.europesays.com\/fr\/wp-json\/wp\/v2\/posts\/312392\/revisions"}],"wp:featuredmedia":[{"embeddable":true,"href":"https:\/\/www.europesays.com\/fr\/wp-json\/wp\/v2\/media\/312393"}],"wp:attachment":[{"href":"https:\/\/www.europesays.com\/fr\/wp-json\/wp\/v2\/media?parent=312392"}],"wp:term":[{"taxonomy":"category","embeddable":true,"href":"https:\/\/www.europesays.com\/fr\/wp-json\/wp\/v2\/categories?post=312392"},{"taxonomy":"post_tag","embeddable":true,"href":"https:\/\/www.europesays.com\/fr\/wp-json\/wp\/v2\/tags?post=312392"}],"curies":[{"name":"wp","href":"https:\/\/api.w.org\/{rel}","templated":true}]}}