{"id":312396,"date":"2025-08-11T20:30:13","date_gmt":"2025-08-11T20:30:13","guid":{"rendered":"https:\/\/www.europesays.com\/fr\/312396\/"},"modified":"2025-08-11T20:30:13","modified_gmt":"2025-08-11T20:30:13","slug":"zelensky-et-carney-discutent-en-amont-des-negociations-americano-russes-sur-la-guerre","status":"publish","type":"post","link":"https:\/\/www.europesays.com\/fr\/312396\/","title":{"rendered":"Zelensky et Carney discutent en amont des n\u00e9gociations am\u00e9ricano-russes sur la guerre"},"content":{"rendered":"<p>OTTAWA \u2014 Le premier ministre Mark Carney s&rsquo;est entretenu lundi avec le pr\u00e9sident ukrainien Volodymyr Zelensky, alors que les dirigeants mondiaux cherchaient \u00e0 coordonner leur r\u00e9ponse au sommet am\u00e9ricano-russe sur la guerre, qui n&rsquo;inclura pas l&rsquo;Ukraine.<\/p>\n<p>Le pr\u00e9sident am\u00e9ricain, Donald Trump, et le pr\u00e9sident russe, Vladimir Poutine, se pr\u00e9parent \u00e0 se rencontrer en personne en Alaska vendredi.<\/p>\n<p>Dans un compte rendu publi\u00e9 \u00e0 l&rsquo;issue de leur appel, le cabinet de M. Carney a d\u00e9clar\u00e9 que M. Zelenskyy et lui-m\u00eame \u00abont salu\u00e9 le leadership exerc\u00e9 par le pr\u00e9sident Trump et les \u00c9tats-Unis pour assurer la paix en Ukraine\u00bb.<\/p>\n<p>\u00abLes deux dirigeants ont soulign\u00e9 que les d\u00e9cisions concernant l\u2019avenir de l\u2019Ukraine doivent \u00eatre prises par le peuple ukrainien, que les fronti\u00e8res internationales ne peuvent \u00eatre modifi\u00e9es par la force, que les efforts diplomatiques doivent \u00eatre renforc\u00e9s par une pression continue sur la Russie pour qu\u2019elle mette fin \u00e0 son agression et qu\u2019il faudra des garanties solides et cr\u00e9dibles en mati\u00e8re de s\u00e9curit\u00e9 permettant \u00e0 l\u2019Ukraine de d\u00e9fendre sa souverainet\u00e9 et son int\u00e9grit\u00e9 territoriale\u00bb, a indiqu\u00e9 le cabinet.<\/p>\n<p>Dans une publication sur les r\u00e9seaux sociaux, M. Zelensky a d\u00e9clar\u00e9 que M. Carney et lui-m\u00eame \u00e9taient d&rsquo;accord sur le fait qu&rsquo;\u00abaucune d\u00e9cision ne peut \u00eatre prise sans garanties de s\u00e9curit\u00e9 claires\u00bb.<\/p>\n<p>Il a \u00e9galement dit que le premier ministre canadien et lui avaient convenu que la Russie cherchait \u00e0 gagner du temps en participant au sommet et ne souhaitait pas s\u00e9rieusement mettre fin \u00e0 la guerre.<\/p>\n<p>\u00abNous partageons le m\u00eame point de vue, et il est \u00e9vident que les Russes cherchent simplement \u00e0 gagner du temps, et non \u00e0 mettre fin \u00e0 la guerre, a soutenu M. Zelensky. La situation sur le champ de bataille et les frappes brutales de la Russie contre les infrastructures civiles et la population le prouvent clairement.\u00bb<\/p>\n<p>Le dirigeant ukrainien a \u00e9galement indiqu\u00e9 qu&rsquo;il travaillait \u00e0 coordonner une r\u00e9ponse avec ses alli\u00e9s.<\/p>\n<p>Le chancelier allemand, Friedrich Merz, a invit\u00e9 Volodymyr Zelensky, Donald Trump et plusieurs dirigeants europ\u00e9ens \u00e0 des r\u00e9unions mercredi.<\/p>\n<p>La liste des invit\u00e9s comprend le vice-pr\u00e9sident am\u00e9ricain J.D. Vance, la pr\u00e9sidente de la Commission europ\u00e9enne, Ursula von der Leyen, le secr\u00e9taire g\u00e9n\u00e9ral de l&rsquo;OTAN, Mark Rutte, ainsi que les dirigeants fran\u00e7ais, italien, britannique, finlandais et polonais.<\/p>\n<p>Le cabinet de M. Carney et celui de la ministre des Affaires \u00e9trang\u00e8res, Anita Anand, n&rsquo;ont pas r\u00e9pondu aux questions \u00e0 ce sujet.<\/p>\n<p>Le cabinet de M. Merz a not\u00e9 que les discussions porteront sur \u00abd&rsquo;autres options d&rsquo;action pour faire pression sur la Russie\u00bb en plus d&rsquo;aborder \u00ables pr\u00e9paratifs d&rsquo;\u00e9ventuelles n\u00e9gociations de paix ainsi que les questions connexes de revendications territoriales et de s\u00e9curit\u00e9\u00bb.<\/p>\n<p><b>Int\u00e9grit\u00e9 territoriale ukrainienne<\/b><\/p>\n<p>La principale inqui\u00e9tude des dirigeants internationaux est que MM. Trump et Poutine puissent convenir de conditions qui incluraient une perte de territoire pour l&rsquo;Ukraine.<\/p>\n<p>Le pr\u00e9sident Trump a sugg\u00e9r\u00e9 qu&rsquo;un tel accord pourrait inclure \u00abcertains \u00e9changes de territoires\u00bb, mais l&rsquo;Ukraine et ses soutiens en Europe affirment que rien n&rsquo;indique que M. Poutine offrira quoi que ce soit en \u00e9change.<\/p>\n<p>Les Europ\u00e9ens reconnaissent qu&rsquo;il est peu probable que Moscou ne renonce au contr\u00f4le du territoire ukrainien qu&rsquo;il d\u00e9tient.<\/p>\n<p>\u00abAlors que nous \u0153uvrons pour une paix durable et juste, le droit international est clair: tous les territoires temporairement occup\u00e9s appartiennent \u00e0 l&rsquo;Ukraine, a soutenu Kaja Kallas, chef de la diplomatie europ\u00e9enne. Une paix durable signifie \u00e9galement que l&rsquo;agression ne peut \u00eatre r\u00e9compens\u00e9e.\u00bb<\/p>\n<p>La Russie occupe la p\u00e9ninsule de Crim\u00e9e depuis 2014. \u00c0 la suite de l&rsquo;invasion lanc\u00e9e il y a plus de trois ans, elle a annex\u00e9 ill\u00e9galement les r\u00e9gions de Donetsk et de Louhansk \u00e0 l&rsquo;est, ainsi que celles de Kherson et de Zaporijia au sud.<\/p>\n<p>\u00abLa question du contr\u00f4le actuel des Russes (&#8230;) sur une partie de l&rsquo;Ukraine doit \u00eatre abord\u00e9e\u00bb lors de toute n\u00e9gociation de paix apr\u00e8s le sommet en Alaska, a d\u00e9clar\u00e9 Mark Rutte sur CBS dimanche. Il a ajout\u00e9 que les alli\u00e9s de l&rsquo;Ukraine \u00abne pourront jamais accepter cela d&rsquo;un point de vue juridique\u00bb.<\/p>\n<p>Dans un communiqu\u00e9 publi\u00e9 samedi, les dirigeants europ\u00e9ens ont d\u00e9clar\u00e9 que des n\u00e9gociations constructives ne pourraient avoir lieu que dans le cadre d&rsquo;un cessez-le-feu ou d&rsquo;une r\u00e9duction des hostilit\u00e9s, ajoutant que l&rsquo;Ukraine avait \u00abla libert\u00e9 de choisir son propre destin\u00bb.<\/p>\n<p>L&rsquo;Ukraine r\u00e9clame des garanties de s\u00e9curit\u00e9 qui emp\u00eacheraient une nouvelle invasion. Les dirigeants europ\u00e9ens estiment \u00e9galement que Kyiv ne devrait pas \u00eatre limit\u00e9e quant \u00e0 la taille de son arm\u00e9e ou \u00e0 l&rsquo;\u00e9quipement militaire qu&rsquo;elle est autoris\u00e9e \u00e0 poss\u00e9der.<\/p>\n<p>Les membres de l&rsquo;OTAN ont convenu en 2023 d&rsquo;un processus permettant \u00e0 l&rsquo;Ukraine de devenir \u00e0 terme un \u00c9tat membre. L&rsquo;administration Trump a retir\u00e9 cette adh\u00e9sion de la table des n\u00e9gociations pour l&rsquo;instant.<\/p>\n<p>\u2014 Avec des informations de l&rsquo;Associated Press<\/p>\n<p>Sarah Ritchie, La Presse Canadienne<\/p>\n","protected":false},"excerpt":{"rendered":"OTTAWA \u2014 Le premier ministre Mark Carney s&rsquo;est entretenu lundi avec le pr\u00e9sident ukrainien Volodymyr Zelensky, alors que&hellip;\n","protected":false},"author":2,"featured_media":312397,"comment_status":"","ping_status":"","sticky":false,"template":"","format":"standard","meta":{"footnotes":""},"categories":[1590],"tags":[11,75,1777,674,45221,5493,7403,2489,15904,12,220,134],"class_list":{"0":"post-312396","1":"post","2":"type-post","3":"status-publish","4":"format-standard","5":"has-post-thumbnail","7":"category-ukraine","8":"tag-actualites","9":"tag-donald-trump","10":"tag-eu","11":"tag-europe","12":"tag-garanties-de-securite","13":"tag-lukraine","14":"tag-la-guerre","15":"tag-la-russie","16":"tag-mark-carney","17":"tag-news","18":"tag-ukraine","19":"tag-volodymyr-zelensky"},"share_on_mastodon":{"url":"https:\/\/pubeurope.com\/@fr\/115012031193866004","error":""},"_links":{"self":[{"href":"https:\/\/www.europesays.com\/fr\/wp-json\/wp\/v2\/posts\/312396","targetHints":{"allow":["GET"]}}],"collection":[{"href":"https:\/\/www.europesays.com\/fr\/wp-json\/wp\/v2\/posts"}],"about":[{"href":"https:\/\/www.europesays.com\/fr\/wp-json\/wp\/v2\/types\/post"}],"author":[{"embeddable":true,"href":"https:\/\/www.europesays.com\/fr\/wp-json\/wp\/v2\/users\/2"}],"replies":[{"embeddable":true,"href":"https:\/\/www.europesays.com\/fr\/wp-json\/wp\/v2\/comments?post=312396"}],"version-history":[{"count":0,"href":"https:\/\/www.europesays.com\/fr\/wp-json\/wp\/v2\/posts\/312396\/revisions"}],"wp:featuredmedia":[{"embeddable":true,"href":"https:\/\/www.europesays.com\/fr\/wp-json\/wp\/v2\/media\/312397"}],"wp:attachment":[{"href":"https:\/\/www.europesays.com\/fr\/wp-json\/wp\/v2\/media?parent=312396"}],"wp:term":[{"taxonomy":"category","embeddable":true,"href":"https:\/\/www.europesays.com\/fr\/wp-json\/wp\/v2\/categories?post=312396"},{"taxonomy":"post_tag","embeddable":true,"href":"https:\/\/www.europesays.com\/fr\/wp-json\/wp\/v2\/tags?post=312396"}],"curies":[{"name":"wp","href":"https:\/\/api.w.org\/{rel}","templated":true}]}}