{"id":312398,"date":"2025-08-11T20:31:15","date_gmt":"2025-08-11T20:31:15","guid":{"rendered":"https:\/\/www.europesays.com\/fr\/312398\/"},"modified":"2025-08-11T20:31:15","modified_gmt":"2025-08-11T20:31:15","slug":"donald-trump-prolonge-de-90-jours-la-treve-avec-pekin-selon-les-medias-americains","status":"publish","type":"post","link":"https:\/\/www.europesays.com\/fr\/312398\/","title":{"rendered":"Donald Trump prolonge de 90 jours la tr\u00eave avec P\u00e9kin, selon les m\u00e9dias am\u00e9ricains"},"content":{"rendered":"<p>Quelques heures avant l\u2019expiration du d\u00e9lai, le pr\u00e9sident am\u00e9ricain aurait sign\u00e9 un d\u00e9cret pour prolonger la tr\u00eave commerciale avec la Chine, rapportent la CNBC et le Wall Street Journal.<\/p>\n<p class=\"fig-paragraph\">Nouveau rebondissement dans le bras de fer sino-am\u00e9ricain. Le pr\u00e9sident am\u00e9ricain\u00a0<a href=\"http:\/\/www.lefigaro.fr\/vox\/societe\/stephane-manigold-donald-trump-taxe-nos-vignerons-cherchez-plutot-la-schizophrenie-francaise-20250811\" data-fig-type=\"Article\" data-gtm-custom-categorie=\"navigation\" data-gtm-custom-action=\"crossclick\" data-gtm-custom-label=\"Contextuel\" data-gtm-event=\"customEventSPE\" data-fig-domain=\"LEFIGARO\" rel=\"nofollow noopener\" target=\"_blank\">Donald Trump<\/a>\u00a0a d\u00e9cid\u00e9 de prolonger de 90 jours la d\u00e9tente avec\u00a0<a href=\"http:\/\/www.lefigaro.fr\/flash-eco\/donald-trump-aura-le-dernier-mot-sur-une-extension-de-la-pause-commerciale-avec-pekin-selon-son-gouvernement-20250729\" data-fig-type=\"NewsFlash\" data-gtm-custom-categorie=\"navigation\" data-gtm-custom-action=\"crossclick\" data-gtm-custom-label=\"Contextuel\" data-gtm-event=\"customEventSPE\" data-fig-domain=\"LEFIGARO\" rel=\"nofollow noopener\" target=\"_blank\">P\u00e9kin\u00a0<\/a>sur le front des droits de douane, rapportent lundi des m\u00e9dias am\u00e9ricains, \u00e0 quelques heures de la fin th\u00e9orique de cette tr\u00eave entre les deux puissances. Le chef de l\u2019\u00c9tat a sign\u00e9 un d\u00e9cret pour officialiser le prolongement de cette tr\u00eave, selon la cha\u00eene de t\u00e9l\u00e9vision CNBC, sp\u00e9cialis\u00e9e dans l\u2019\u00e9conomie am\u00e9ricaine, et le Wall Street Journal, qui citent un responsable de la Maison Blanche anonyme.<\/p>\n<p class=\"fig-paragraph\">Engag\u00e9s au printemps dans un affrontement commercial \u00e0 coups de droits de douane exorbitants, d\u2019un pourcentage \u00e0 trois chiffres, P\u00e9kin et Washington avaient fini par conclure une tr\u00eave de 90 jours en mai \u00e0 Gen\u00e8ve (Suisse). Cet accord a temporairement fix\u00e9 \u00e0 30% la surtaxe am\u00e9ricaine sur les produits chinois, tandis que les taxes de P\u00e9kin sur les produits am\u00e9ricains s\u2019\u00e9l\u00e8vent \u00e0 10%. Plusieurs cycles de n\u00e9gociations impliquant des hauts responsables des deux c\u00f4t\u00e9s ont ensuite eu lieu \u00e0 Londres puis Stockholm, pour \u00e9viter un nouvel embrasement et maintenir la tr\u00eave sur les rails, sans que celle-ci ne soit alors officiellement prolong\u00e9e au-del\u00e0 du 12 ao\u00fbt.<\/p>\n<p>                                    <a class=\"fig-a11y-skip a11y-hidden\" href=\"#fig-a11y-skip-main-inarticle\"><br \/>\n        Passer la publicit\u00e9<br \/>\n    <\/a><\/p>\n<p class=\"fig-paragraph\">Plus t\u00f4t dans la journ\u00e9e de lundi, Donald Trump avait affirm\u00e9 que les n\u00e9gociations se d\u00e9roulaient \u00abplut\u00f4t bien\u00bb. \u00abNous verrons ce qui arrivera. (&#8230;) La relation entre le pr\u00e9sident Xi (Jinping) et moi est tr\u00e8s bonne\u00bb, avait aussi d\u00e9clar\u00e9 le chef de l\u2019\u00c9tat \u00e0 la presse depuis la Maison Blanche. P\u00e9kin avait rapport\u00e9 de son c\u00f4t\u00e9 souhaiter une issue \u00abpositive\u00bb dans les n\u00e9gociations avec Washington. \u00abNous esp\u00e9rons que les \u00c9tats-Unis travailleront avec la Chine pour respecter l\u2019important consensus atteint lors de l\u2019entretien t\u00e9l\u00e9phonique entre les deux chefs d\u2019\u00c9tat [en juin, NDLR]&#8230; et s\u2019efforceront d\u2019obtenir des r\u00e9sultats positifs sur la base de l\u2019\u00e9galit\u00e9, du respect et du b\u00e9n\u00e9fice mutuels\u00bb, a d\u00e9clar\u00e9 le porte-parole du minist\u00e8re des Affaires \u00e9trang\u00e8res, Lin Jian, dans un communiqu\u00e9. Le repr\u00e9sentant am\u00e9ricain au Commerce, Jamieson Greer, avait d\u00e9clar\u00e9, \u00e0 l\u2019issue des n\u00e9gociations en Su\u00e8de, que Donald Trump aurait le \u00abdernier mot\u00bb sur toute prolongation d\u2019une tr\u00eave tarifaire.<\/p>\n<p>Promoteur du soja am\u00e9ricain<\/p>\n<p class=\"fig-paragraph\">Le pr\u00e9sident am\u00e9ricain semblait d\u00e9termin\u00e9 \u00e0 obtenir des concessions de derni\u00e8re minute. Dans la nuit de dimanche \u00e0 lundi, il a publi\u00e9 un message sur sa plateforme Truth Social, appelant la Chine \u00e0 \u00abquadrupler ses achats de soja am\u00e9ricain\u00bb. \u00abLa Chine s\u2019inqui\u00e8te de manquer de soja. Nos g\u00e9niaux agriculteurs produisent les meilleures graines de soja\u00bb, a \u00e9crit Donald Trump, affirmant que cela permettrait de surcro\u00eet de \u00abr\u00e9duire significativement\u00bb le d\u00e9ficit commercial que connaissent les \u00c9tats-Unis avec la Chine, via un sursaut des importations chinoises. Il conclut d\u2019un \u00abmerci pr\u00e9sident Xi\u00bb.<\/p>\n<p class=\"fig-paragraph\">Le pr\u00e9sident am\u00e9ricain a par ailleurs fait savoir lundi, via un communiqu\u00e9 publi\u00e9 sur sa plateforme Truth Social, que l\u2019or resterait exempt\u00e9 des nouveaux droits de douane qu\u2019il a mis en place. Apr\u00e8s un article du Financial Times et la publication d\u2019un document des douanes am\u00e9ricaines, les investisseurs s\u2019\u00e9taient inqui\u00e9t\u00e9s en fin de semaine derni\u00e8re de voir certains lingots finalement tax\u00e9s. Le m\u00e9tal pr\u00e9cieux avait alors franchi un nouveau record.<\/p>\n<p class=\"fig-paragraph\">Depuis son retour au pouvoir en janvier, le pr\u00e9sident am\u00e9ricain Donald Trump a mis en place, en plusieurs vagues, de nouvelles surtaxes sur les produits entrant aux \u00c9tats-Unis. Celles-ci vont de 10 \u00e0 50% selon les situations et les pays, sans compter les droits de douane frappant des secteurs en particulier (automobile, acier, aluminium, cuivre). Le chef de l\u2019\u00c9tat menace d\u2019en imposer d\u2019autres au nom de la protection de l\u2019industrie nationale (sur les produits pharmaceutiques et les semi-conducteurs, notamment) ou pour r\u00e9primander des pays pour des motifs politiques.<\/p>\n","protected":false},"excerpt":{"rendered":"Quelques heures avant l\u2019expiration du d\u00e9lai, le pr\u00e9sident am\u00e9ricain aurait sign\u00e9 un d\u00e9cret pour prolonger la tr\u00eave commerciale&hellip;\n","protected":false},"author":2,"featured_media":312399,"comment_status":"","ping_status":"","sticky":false,"template":"","format":"standard","meta":{"footnotes":""},"categories":[1589],"tags":[11,309,73,1866,1074,12,1864,1865,1863,308],"class_list":{"0":"post-312398","1":"post","2":"type-post","3":"status-publish","4":"format-standard","5":"has-post-thumbnail","7":"category-etats-unis","8":"tag-actualites","9":"tag-chine","10":"tag-etats-unis","11":"tag-etats-unis-damerique","12":"tag-guerre-commerciale","13":"tag-news","14":"tag-united-states","15":"tag-united-states-of-america","16":"tag-us","17":"tag-usa"},"share_on_mastodon":{"url":"https:\/\/pubeurope.com\/@fr\/115012035102779028","error":""},"_links":{"self":[{"href":"https:\/\/www.europesays.com\/fr\/wp-json\/wp\/v2\/posts\/312398","targetHints":{"allow":["GET"]}}],"collection":[{"href":"https:\/\/www.europesays.com\/fr\/wp-json\/wp\/v2\/posts"}],"about":[{"href":"https:\/\/www.europesays.com\/fr\/wp-json\/wp\/v2\/types\/post"}],"author":[{"embeddable":true,"href":"https:\/\/www.europesays.com\/fr\/wp-json\/wp\/v2\/users\/2"}],"replies":[{"embeddable":true,"href":"https:\/\/www.europesays.com\/fr\/wp-json\/wp\/v2\/comments?post=312398"}],"version-history":[{"count":0,"href":"https:\/\/www.europesays.com\/fr\/wp-json\/wp\/v2\/posts\/312398\/revisions"}],"wp:featuredmedia":[{"embeddable":true,"href":"https:\/\/www.europesays.com\/fr\/wp-json\/wp\/v2\/media\/312399"}],"wp:attachment":[{"href":"https:\/\/www.europesays.com\/fr\/wp-json\/wp\/v2\/media?parent=312398"}],"wp:term":[{"taxonomy":"category","embeddable":true,"href":"https:\/\/www.europesays.com\/fr\/wp-json\/wp\/v2\/categories?post=312398"},{"taxonomy":"post_tag","embeddable":true,"href":"https:\/\/www.europesays.com\/fr\/wp-json\/wp\/v2\/tags?post=312398"}],"curies":[{"name":"wp","href":"https:\/\/api.w.org\/{rel}","templated":true}]}}