{"id":312400,"date":"2025-08-11T20:32:25","date_gmt":"2025-08-11T20:32:25","guid":{"rendered":"https:\/\/www.europesays.com\/fr\/312400\/"},"modified":"2025-08-11T20:32:25","modified_gmt":"2025-08-11T20:32:25","slug":"le-ftse-100-attendu-en-legere-hausse-avant-les-donnees-economiques-americaines-et-britanniques-2","status":"publish","type":"post","link":"https:\/\/www.europesays.com\/fr\/312400\/","title":{"rendered":"Le FTSE 100 attendu en l\u00e9g\u00e8re hausse avant les donn\u00e9es \u00e9conomiques am\u00e9ricaines et britanniques"},"content":{"rendered":"<p>(Alliance News) &#8211; Les march\u00e9s londoniens devraient ouvrir en l\u00e9g\u00e8re progression ce lundi, dans une s\u00e9ance qui s&rsquo;annonce calme avant la publication de l&rsquo;inflation am\u00e9ricaine et des indicateurs cl\u00e9s sur l&rsquo;\u00e9conomie et le march\u00e9 du travail au Royaume-Uni.<\/p>\n<p>Les chiffres de l&rsquo;indice des prix \u00e0 la consommation (CPI) aux \u00c9tats-Unis seront publi\u00e9s mardi apr\u00e8s-midi, apr\u00e8s la diffusion le matin des donn\u00e9es sur le ch\u00f4mage britannique. Jeudi, ce sera au tour de la croissance du produit int\u00e9rieur brut (PIB) du Royaume-Uni d&rsquo;\u00eatre d\u00e9voil\u00e9e.<\/p>\n<p>Selon IG, les contrats \u00e0 terme anticipent une ouverture du FTSE 100 en hausse de 5,0 points, soit 0,1%, \u00e0 9\u00a0100,73 ce lundi. L&rsquo;indice vedette de la Bourse de Londres avait cl\u00f4tur\u00e9 vendredi en repli de 5,04 points, soit 0,1%, \u00e0 9\u00a0095,73.<\/p>\n<p>La livre sterling s&rsquo;est appr\u00e9ci\u00e9e \u00e0 1,3468\u00a0USD lundi, contre 1,3450\u00a0USD \u00e0 la cl\u00f4ture de la Bourse de Londres vendredi. L&rsquo;euro s&rsquo;est raffermi \u00e0 1,1672\u00a0USD contre 1,1666, tandis que le dollar s&rsquo;est repli\u00e9 face au yen, \u00e0 147,48\u00a0JPY contre 147,73.<\/p>\n<p>Le rendement de l&#8217;emprunt d&rsquo;\u00c9tat am\u00e9ricain \u00e0 10 ans a recul\u00e9 \u00e0 4,28% lundi, contre 4,29% vendredi \u00e0 la cl\u00f4ture londonienne. Celui \u00e0 30 ans est pass\u00e9 de 4,86% \u00e0 4,85%.<\/p>\n<p>Un r\u00e9cent rapport sur l&#8217;emploi aux \u00c9tats-Unis a confirm\u00e9 des \u00ab\u00a0signes de fragilit\u00e9\u00a0\u00bb sur le march\u00e9 du travail, a estim\u00e9 samedi une haute responsable de la banque centrale am\u00e9ricaine, plaidant pour trois baisses de taux cette ann\u00e9e afin de limiter un possible affaiblissement suppl\u00e9mentaire.<\/p>\n<p>Dans un discours pr\u00e9par\u00e9 pour un sommet au Colorado, la vice-pr\u00e9sidente de la Fed charg\u00e9e de la supervision, Michelle Bowman, a appel\u00e9 \u00e0 une \u00ab\u00a0approche proactive\u00a0\u00bb en mati\u00e8re de baisse du taux directeur.<\/p>\n<p>Selon elle, agir ainsi \u00ab\u00a0permettrait d&rsquo;\u00e9viter une d\u00e9gradation inutile des conditions du march\u00e9 de l&#8217;emploi\u00a0\u00bb et r\u00e9duirait le risque que le comit\u00e9 de politique mon\u00e9taire de la Fed doive proc\u00e9der \u00e0 une baisse plus importante si la situation empirait.<\/p>\n<p>Bowman a \u00e9galement estim\u00e9 que la hausse des prix li\u00e9e aux importants droits de douane d\u00e9cid\u00e9s cette ann\u00e9e par le pr\u00e9sident Donald Trump devrait constituer \u00ab\u00a0un effet ponctuel\u00a0\u00bb.<\/p>\n<p>Elle pr\u00e9voit que l&rsquo;inflation reviendra \u00e0 l&rsquo;objectif de 2% fix\u00e9 par la Fed une fois l&rsquo;effet des tarifs dissip\u00e9.<\/p>\n<p>\u00c0 New York vendredi, le Dow Jones Industrial Average a progress\u00e9 de 0,5%, le S&amp;P 500 a gagn\u00e9 0,8% et le Nasdaq Composite a bondi de 1,0%.<\/p>\n<p>\u00c0 Tokyo lundi, les march\u00e9s financiers \u00e9taient ferm\u00e9s pour la f\u00eate de la Montagne. En Chine, le Shanghai Composite gagnait 0,4% dans l&rsquo;apr\u00e8s-midi, tandis que le Hang Seng \u00e0 Hong Kong prenait 0,1%. \u00c0 Sydney, le S&amp;P\/ASX 200 s&rsquo;appr\u00e9ciait de 0,3%.<\/p>\n<p>\u00ab\u00a0C&rsquo;est \u00e0 nouveau un march\u00e9 qui semble difficile \u00e0 faire baisser durablement, surtout alors que les investisseurs misent sur une nouvelle prolongation de la tr\u00eave commerciale entre les \u00c9tats-Unis et la Chine, avant son expiration pr\u00e9vue le 12 ao\u00fbt\u00a0\u00bb, commente Michael Brown, analyste chez Pepperstone.<\/p>\n<p>\u00ab\u00a0Il y a quelques \u00e9l\u00e9ments d&rsquo;int\u00e9r\u00eat \u00e0 surveiller cette semaine, mais ce n&rsquo;est pas le cas aujourd&rsquo;hui, o\u00f9 aucun indicateur \u00e9conomique majeur n&rsquo;est attendu.\u00a0\u00bb<\/p>\n<p>En Chine, les prix \u00e0 la consommation sont rest\u00e9s stables sur un an en juillet, selon des donn\u00e9es officielles publi\u00e9es samedi, offrant un r\u00e9pit \u00e0 la deuxi\u00e8me \u00e9conomie mondiale, confront\u00e9e \u00e0 de fortes pressions d\u00e9flationnistes et \u00e0 une demande int\u00e9rieure fragile.<\/p>\n<p>L&rsquo;indice des prix \u00e0 la consommation &#8211; principal indicateur de l&rsquo;inflation &#8211; est rest\u00e9 inchang\u00e9 sur un an en juillet, selon le Bureau national des statistiques chinois. Ce chiffre s&rsquo;av\u00e8re meilleur que la baisse de 0,1% anticip\u00e9e par un sondage Bloomberg. En juin, les prix avaient progress\u00e9 de 0,1% sur un an.<\/p>\n<p>Les prix ont toutefois recul\u00e9 sur un an dans les zones rurales (-0,3%) et pour les biens de consommation (-0,4%).<\/p>\n<p>Le baril de Brent s&rsquo;est repli\u00e9 \u00e0 66,18\u00a0USD lundi matin, contre 66,63\u00a0USD vendredi en fin d&rsquo;apr\u00e8s-midi. L&rsquo;once d&rsquo;or a baiss\u00e9 \u00e0 3\u00a0379,81\u00a0USD contre 3\u00a0393,20\u00a0USD.<\/p>\n<p>L&rsquo;ambassadeur am\u00e9ricain aupr\u00e8s de l&rsquo;Otan a d\u00e9clar\u00e9 dimanche que le pr\u00e9sident ukrainien Volodymyr Zelensky pourrait participer cette semaine au sommet \u00c9tats-Unis-Russie en Alaska, alors que les dirigeants europ\u00e9ens poussent pour que Kyiv soit impliqu\u00e9e dans les n\u00e9gociations.<\/p>\n<p>Interrog\u00e9 sur CNN sur la possible pr\u00e9sence de Zelensky aux c\u00f4t\u00e9s du pr\u00e9sident am\u00e9ricain Donald Trump et de son homologue russe Vladimir Poutine vendredi, l&rsquo;ambassadeur Matthew Whitaker a r\u00e9pondu\u00a0:<\/p>\n<p>\u00ab\u00a0Oui, je pense que c&rsquo;est tout \u00e0 fait possible. Il ne peut \u00e9videmment pas y avoir d&rsquo;accord sans que toutes les parties prenantes y consentent. Il est \u00e9videmment prioritaire de mettre fin \u00e0 cette guerre.\u00a0\u00bb<\/p>\n<p>La perspective d&rsquo;un sommet sans Zelensky suscite des inqui\u00e9tudes, certains redoutant qu&rsquo;un accord n&rsquo;oblige Kyiv \u00e0 c\u00e9der d&rsquo;importants territoires, une option rejet\u00e9e par l&rsquo;Union europ\u00e9enne.<\/p>\n<p>Du c\u00f4t\u00e9 des entreprises, Marshalls, sp\u00e9cialiste des mat\u00e9riaux de construction, publiera ce lundi ses r\u00e9sultats semestriels. Plus tard dans la semaine, les r\u00e9sultats de Persimmon (construction), Aviva (assurances) et Entain (paris sportifs) sont attendus.<\/p>\n<p>Par Eric Cunha, r\u00e9dacteur en chef Alliance News<\/p>\n<p>Commentaires et questions\u00a0: newsroom@alliancenews.com<\/p>\n<p>Copyright 2025 Alliance News Ltd. Tous droits r\u00e9serv\u00e9s.<\/p>\n<p><\/p>\n","protected":false},"excerpt":{"rendered":"(Alliance News) &#8211; Les march\u00e9s londoniens devraient ouvrir en l\u00e9g\u00e8re progression ce lundi, dans une s\u00e9ance qui s&rsquo;annonce&hellip;\n","protected":false},"author":2,"featured_media":311910,"comment_status":"","ping_status":"","sticky":false,"template":"","format":"standard","meta":{"footnotes":""},"categories":[1588],"tags":[11,340,1777,674,12,473,1853,1851,1850,1852],"class_list":{"0":"post-312400","1":"post","2":"type-post","3":"status-publish","4":"format-standard","5":"has-post-thumbnail","7":"category-royaume-uni","8":"tag-actualites","9":"tag-bourse","10":"tag-eu","11":"tag-europe","12":"tag-news","13":"tag-royaume-uni","14":"tag-royaume-uni-de-grande-bretagne-et-dirlande-du-nord","15":"tag-uk","16":"tag-united-kingdom","17":"tag-united-kingdom-of-great-britain-and-northern-ireland"},"share_on_mastodon":{"url":"https:\/\/pubeurope.com\/@fr\/115012039052126727","error":""},"_links":{"self":[{"href":"https:\/\/www.europesays.com\/fr\/wp-json\/wp\/v2\/posts\/312400","targetHints":{"allow":["GET"]}}],"collection":[{"href":"https:\/\/www.europesays.com\/fr\/wp-json\/wp\/v2\/posts"}],"about":[{"href":"https:\/\/www.europesays.com\/fr\/wp-json\/wp\/v2\/types\/post"}],"author":[{"embeddable":true,"href":"https:\/\/www.europesays.com\/fr\/wp-json\/wp\/v2\/users\/2"}],"replies":[{"embeddable":true,"href":"https:\/\/www.europesays.com\/fr\/wp-json\/wp\/v2\/comments?post=312400"}],"version-history":[{"count":0,"href":"https:\/\/www.europesays.com\/fr\/wp-json\/wp\/v2\/posts\/312400\/revisions"}],"wp:featuredmedia":[{"embeddable":true,"href":"https:\/\/www.europesays.com\/fr\/wp-json\/wp\/v2\/media\/311910"}],"wp:attachment":[{"href":"https:\/\/www.europesays.com\/fr\/wp-json\/wp\/v2\/media?parent=312400"}],"wp:term":[{"taxonomy":"category","embeddable":true,"href":"https:\/\/www.europesays.com\/fr\/wp-json\/wp\/v2\/categories?post=312400"},{"taxonomy":"post_tag","embeddable":true,"href":"https:\/\/www.europesays.com\/fr\/wp-json\/wp\/v2\/tags?post=312400"}],"curies":[{"name":"wp","href":"https:\/\/api.w.org\/{rel}","templated":true}]}}