{"id":312405,"date":"2025-08-11T20:35:14","date_gmt":"2025-08-11T20:35:14","guid":{"rendered":"https:\/\/www.europesays.com\/fr\/312405\/"},"modified":"2025-08-11T20:35:14","modified_gmt":"2025-08-11T20:35:14","slug":"guerre-israel-gaza-lunion-europeenne-condamne-le-meurtre-de-journalistes-dans-une-frappe-israelienne-a-gaza","status":"publish","type":"post","link":"https:\/\/www.europesays.com\/fr\/312405\/","title":{"rendered":"Guerre Isra\u00ebl-Gaza\u00a0: l\u2019Union europ\u00e9enne condamne le meurtre de journalistes dans une frappe isra\u00e9lienne \u00e0 Gaza"},"content":{"rendered":"<p>\u00ab\u00a0L\u2019UE condamne le meurtre de cinq journalistes d\u2019Al Jazeera dans une frappe a\u00e9rienne (militaire isra\u00e9lienne) devant l\u2019h\u00f4pital Al-Shifa de Gaza-ville, dont le correspondant d\u2019Al Jazeera Anas al-Sharif\u00a0\u00bb, a-t-elle d\u00e9clar\u00e9 apr\u00e8s une visioconf\u00e9rence des ministres des Affaires \u00e9trang\u00e8res de l\u2019UE.<\/p>\n<p>L\u2019arm\u00e9e isra\u00e9lienne a accus\u00e9 Anas al-Sharif de diriger une \u00ab\u00a0cellule terroriste\u00a0\u00bb du Hamas et d\u2019\u00eatre \u00ab\u00a0responsable de la poursuite des attaques \u00e0 la roquette\u00a0\u00bb contre les Isra\u00e9liens.<\/p>\n<p>L\u2019UE a pris note des all\u00e9gations d\u2019Isra\u00ebl, a d\u00e9clar\u00e9 M. Kallas. \u00ab\u00a0Mais dans ce genre de cas, il est n\u00e9cessaire de fournir des preuves claires, dans le respect de l\u2019\u00c9tat de droit, afin d\u2019\u00e9viter que des journalistes ne soient pris pour cible.\u00a0\u00bb<\/p>\n<p>Au moment o\u00f9 Isra\u00ebl <a href=\"https:\/\/www.rtbf.be\/article\/plan-de-netanyahu-pour-gaza-israel-debat-des-enjeux-l-extreme-droite-critique-11586162\" rel=\"nofollow noopener\" target=\"_blank\">se montre d\u00e9termin\u00e9 \u00e0 mettre en \u0153uvre son nouveau plan d\u2019op\u00e9ration<\/a> dans le territoire palestinien assi\u00e9g\u00e9, six journalistes, dont cinq employ\u00e9s de la cha\u00eene qatarie \u2013 parmi lesquels Anas al-Sharif, l\u2019un de ses principaux correspondants sur place -, <a href=\"https:\/\/www.rtbf.be\/article\/cinq-journalistes-d-al-jazeera-tues-dans-une-frappe-israelienne-a-gaza-11586309\" rel=\"nofollow noopener\" target=\"_blank\">ont \u00e9t\u00e9 tu\u00e9s pendant la nuit dans une frappe isra\u00e9lienne<\/a> sur une tente o\u00f9 ils \u00e9taient install\u00e9s \u00e0 Gaza-ville, devant l\u2019h\u00f4pital al-Chifa.<\/p>\n<p>Les cinq hommes sont les correspondants Anas al-Sharif et Mohammed Qreiqeh, ainsi que deux cameramen, Ibrahim Zaher et Mohammed Noufal, et un assistant, Moamen Aliwa.<\/p>\n","protected":false},"excerpt":{"rendered":"\u00ab\u00a0L\u2019UE condamne le meurtre de cinq journalistes d\u2019Al Jazeera dans une frappe a\u00e9rienne (militaire isra\u00e9lienne) devant l\u2019h\u00f4pital Al-Shifa&hellip;\n","protected":false},"author":2,"featured_media":312406,"comment_status":"","ping_status":"","sticky":false,"template":"","format":"standard","meta":{"footnotes":""},"categories":[1586],"tags":[11,1777,674,1779,1011,27,12,25,1778,364],"class_list":{"0":"post-312405","1":"post","2":"type-post","3":"status-publish","4":"format-standard","5":"has-post-thumbnail","7":"category-europe","8":"tag-actualites","9":"tag-eu","10":"tag-europe","11":"tag-european-union","12":"tag-fr","13":"tag-france","14":"tag-news","15":"tag-republique-francaise","16":"tag-ue","17":"tag-union-europeenne"},"share_on_mastodon":{"url":"","error":""},"_links":{"self":[{"href":"https:\/\/www.europesays.com\/fr\/wp-json\/wp\/v2\/posts\/312405","targetHints":{"allow":["GET"]}}],"collection":[{"href":"https:\/\/www.europesays.com\/fr\/wp-json\/wp\/v2\/posts"}],"about":[{"href":"https:\/\/www.europesays.com\/fr\/wp-json\/wp\/v2\/types\/post"}],"author":[{"embeddable":true,"href":"https:\/\/www.europesays.com\/fr\/wp-json\/wp\/v2\/users\/2"}],"replies":[{"embeddable":true,"href":"https:\/\/www.europesays.com\/fr\/wp-json\/wp\/v2\/comments?post=312405"}],"version-history":[{"count":0,"href":"https:\/\/www.europesays.com\/fr\/wp-json\/wp\/v2\/posts\/312405\/revisions"}],"wp:featuredmedia":[{"embeddable":true,"href":"https:\/\/www.europesays.com\/fr\/wp-json\/wp\/v2\/media\/312406"}],"wp:attachment":[{"href":"https:\/\/www.europesays.com\/fr\/wp-json\/wp\/v2\/media?parent=312405"}],"wp:term":[{"taxonomy":"category","embeddable":true,"href":"https:\/\/www.europesays.com\/fr\/wp-json\/wp\/v2\/categories?post=312405"},{"taxonomy":"post_tag","embeddable":true,"href":"https:\/\/www.europesays.com\/fr\/wp-json\/wp\/v2\/tags?post=312405"}],"curies":[{"name":"wp","href":"https:\/\/api.w.org\/{rel}","templated":true}]}}