{"id":312408,"date":"2025-08-11T20:37:11","date_gmt":"2025-08-11T20:37:11","guid":{"rendered":"https:\/\/www.europesays.com\/fr\/312408\/"},"modified":"2025-08-11T20:37:11","modified_gmt":"2025-08-11T20:37:11","slug":"la-prefecture-prend-des-mesures-exceptionnelles","status":"publish","type":"post","link":"https:\/\/www.europesays.com\/fr\/312408\/","title":{"rendered":"la pr\u00e9fecture prend des mesures exceptionnelles"},"content":{"rendered":"<p>            Par<br \/>\n        <strong><br \/>\n            <a href=\"https:\/\/actu.fr\/auteur\/redaction-lyon\" title=\"Consulter tous les articles de R\u00e9daction Lyon\" target=\"_blank\" rel=\"noopener\">R\u00e9daction Lyon<\/a><br \/>\n        <\/strong><\/p>\n<p>        Publi\u00e9 le<\/p>\n<p>            11 ao\u00fbt 2025 \u00e0 19h33<br \/>\n        ; mis \u00e0 jour le 11 ao\u00fbt 2025 \u00e0 19h34    <\/p>\n<p>Le d\u00e9partement du Rh\u00f4ne est plac\u00e9 en <a href=\"https:\/\/actu.fr\/meteo\/canicule-le-rhone-et-lyon-basculent-en-vigilance-rouge-mardi-plus-de-41-c-annonces_63023196.html\" target=\"_blank\" rel=\"noopener\">vigilance rouge canicule<\/a> ce mardi 12 ao\u00fbt 2025 d\u00e8s midi, a annonc\u00e9 <a href=\"https:\/\/actu.fr\/tag\/meteo-france\" target=\"_blank\" rel=\"noopener\">M\u00e9t\u00e9o-France<\/a> dans la journ\u00e9e de lundi en raison de temp\u00e9ratures \u00ab\u00a0exceptionnelles\u00a0\u00bb et \u00ab\u00a0extr\u00eames\u00a0\u00bb qui vont continuer de grimper. La pr\u00e9fecture du Rh\u00f4ne a pris en cons\u00e9quence des mesures, restrictions et interdictions.<\/p>\n<p class=\" wall-content\">\u00ab\u00a0Les fortes temp\u00e9ratures enregistr\u00e9es ces derniers jours vont s\u2019intensifier dans les prochaines heures et pendant plusieurs jours\u00a0\u00bb, pr\u00e9vient la pr\u00e9fecture. Le thermom\u00e8tre d\u00e9passera les 40\u00b0C \u00e0 <a href=\"https:\/\/actu.fr\/auvergne-rhone-alpes\/lyon_69123\" target=\"_blank\" rel=\"noopener\">Lyon<\/a> mardi et mercredi.\u00a0<\/p>\n<p class=\" wall-content\">\n<p>Chantiers quasi \u00e0 l\u2019arr\u00eat et interdiction d\u2019\u00e9v\u00e9nements ext\u00e9rieurs<\/p>\n<p class=\" wall-content\">\u00ab\u00a0L\u2019ensemble des activit\u00e9s de chantier du secteur du b\u00e2timent et des travaux publics r\u00e9alis\u00e9s en ext\u00e9rieur sur l\u2019ensemble du territoire de la m\u00e9tropole de Lyon sont suspendues entre 12h00 et 22h00\u00a0\u00bb, annonce la pr\u00e9fecture dans son arr\u00eat\u00e9. Les ouvriers pourront uniquement travailler le matin durant la vigilance rouge.<\/p>\n<p class=\" wall-content\">La tenue de toute manifestation publique, revendicative, culturelle, cultuelle, sportive ou comm\u00e9morative, en ext\u00e9rieur ou dans des \u00e9tablissements non climatis\u00e9s ou r\u00e9frig\u00e9r\u00e9s recevant du public, est interdite\u00a0de 12h00 \u00e0 20h00 dans le d\u00e9partement du Rh\u00f4ne et la m\u00e9tropole de Lyon.<\/p>\n<p class=\" wall-content\">Les grands \u00e9v\u00e9nements qui devaient donc se tenir mardi sont annul\u00e9s.\u00a0<\/p>\n<p class=\" wall-content\">Les autorit\u00e9s lancent aussi un appel \u00e0 la vigilance et donnent des conseils.<\/p>\n<ul class=\" wall-content\">\n<li>Buvez r\u00e9guli\u00e8rement de l\u2019eau sans attendre d\u2019avoir soif\u00a0;<\/li>\n<li>Rafra\u00eechissez-vous et mouillez-vous le corps (au moins le visage et les avants bras) plusieurs fois par jour ;<\/li>\n<li>Mangez en quantit\u00e9 suffisante et ne buvez pas d\u2019alcool\u00a0;<\/li>\n<li>\u00c9vitez de sortir aux heures les plus chaudes et passez plusieurs heures par jour dans un lieu frais (cin\u00e9ma, biblioth\u00e8que municipale, supermarch\u00e9\u2026) ;<\/li>\n<li>\u00c9vitez les heures les plus chaudes de la journ\u00e9e pour les activit\u00e9s sportives ;<\/li>\n<li>Maintenez votre logement frais (fermez fen\u00eatres et volets la journ\u00e9e, ouvrez-les le soir et la nuit s\u2019il fait plus frais) ;<\/li>\n<li>Pensez \u00e0 donner r\u00e9guli\u00e8rement de vos nouvelles \u00e0 vos proches et, d\u00e8s que n\u00e9cessaire, osez demander de l\u2019aide.<\/li>\n<\/ul>\n<p class=\" wall-content\">La pr\u00e9fecture annonce aussi l\u2019activation du centre op\u00e9rationnel d\u00e9partemental. La vigilance rouge, le plus \u00e9lev\u00e9, correspond \u00e0 une canicule \u00ab\u00a0extr\u00eame, exceptionnelle par sa dur\u00e9e, son intensit\u00e9, son extension g\u00e9ographique\u00a0\u00bb, avec un fort impact pour la sant\u00e9 et les activit\u00e9s humaines.\u00a0\u00bb<\/p>\n<p class=\" wall-content\">Suivez toute l\u2019actualit\u00e9 de vos villes et m\u00e9dias favoris en vous inscrivant \u00e0 <a href=\"https:\/\/moncompte.actu.fr\" title=\"D\u00e9couvez Mon Actu\" rel=\"nofollow noopener\" data-trk=\"{&quot;cta&quot;:{&quot;action&quot;:&quot;https:\\\/\\\/moncompte.actu.fr&quot;,&quot;category&quot;:&quot;mon compte&quot;,&quot;from&quot;:&quot;article footer&quot;,&quot;name&quot;:&quot;Mon actu&quot;,&quot;type&quot;:&quot;cta&quot;}}\" target=\"_blank\">Mon Actu<\/a>.<\/p>\n","protected":false},"excerpt":{"rendered":"Par R\u00e9daction Lyon Publi\u00e9 le 11 ao\u00fbt 2025 \u00e0 19h33 ; mis \u00e0 jour le 11 ao\u00fbt 2025&hellip;\n","protected":false},"author":2,"featured_media":312409,"comment_status":"","ping_status":"","sticky":false,"template":"","format":"standard","meta":{"footnotes":""},"categories":[2],"tags":[11,6698,1011,27,2487,2357,12,9450,25],"class_list":{"0":"post-312408","1":"post","2":"type-post","3":"status-publish","4":"format-standard","5":"has-post-thumbnail","7":"category-actualites","8":"tag-actualites","9":"tag-canicule","10":"tag-fr","11":"tag-france","12":"tag-meteo","13":"tag-meteo-france","14":"tag-news","15":"tag-prefecture-du-rhone","16":"tag-republique-francaise"},"share_on_mastodon":{"url":"https:\/\/pubeurope.com\/@fr\/115012058714599260","error":""},"_links":{"self":[{"href":"https:\/\/www.europesays.com\/fr\/wp-json\/wp\/v2\/posts\/312408","targetHints":{"allow":["GET"]}}],"collection":[{"href":"https:\/\/www.europesays.com\/fr\/wp-json\/wp\/v2\/posts"}],"about":[{"href":"https:\/\/www.europesays.com\/fr\/wp-json\/wp\/v2\/types\/post"}],"author":[{"embeddable":true,"href":"https:\/\/www.europesays.com\/fr\/wp-json\/wp\/v2\/users\/2"}],"replies":[{"embeddable":true,"href":"https:\/\/www.europesays.com\/fr\/wp-json\/wp\/v2\/comments?post=312408"}],"version-history":[{"count":0,"href":"https:\/\/www.europesays.com\/fr\/wp-json\/wp\/v2\/posts\/312408\/revisions"}],"wp:featuredmedia":[{"embeddable":true,"href":"https:\/\/www.europesays.com\/fr\/wp-json\/wp\/v2\/media\/312409"}],"wp:attachment":[{"href":"https:\/\/www.europesays.com\/fr\/wp-json\/wp\/v2\/media?parent=312408"}],"wp:term":[{"taxonomy":"category","embeddable":true,"href":"https:\/\/www.europesays.com\/fr\/wp-json\/wp\/v2\/categories?post=312408"},{"taxonomy":"post_tag","embeddable":true,"href":"https:\/\/www.europesays.com\/fr\/wp-json\/wp\/v2\/tags?post=312408"}],"curies":[{"name":"wp","href":"https:\/\/api.w.org\/{rel}","templated":true}]}}