{"id":312414,"date":"2025-08-11T20:41:14","date_gmt":"2025-08-11T20:41:14","guid":{"rendered":"https:\/\/www.europesays.com\/fr\/312414\/"},"modified":"2025-08-11T20:41:14","modified_gmt":"2025-08-11T20:41:14","slug":"la-composition-de-lafrique-du-sud-pour-defier-laustralie","status":"publish","type":"post","link":"https:\/\/www.europesays.com\/fr\/312414\/","title":{"rendered":"La composition de l&rsquo;Afrique du Sud pour d\u00e9fier l&rsquo;Australie"},"content":{"rendered":"<p>C\u2019est ce samedi (17h10), que <strong>l\u2019Afrique du Sud d\u00e9fiera l\u2019Australie<\/strong> <strong>en ouverture du Rugby Championship<\/strong> \u00e0 l\u2019Ellis Park de Johannesburg. Initialement pr\u00e9vue mardi, l\u2019annonce de la composition des Springboks a \u00e9tonnamment \u00e9t\u00e9 d\u00e9cal\u00e9e \u00e0 ce lundi, pr\u00e8s d\u2019une semaine avant la confrontation contre la bande \u00e0 <a href=\"https:\/\/www.xvovalie.com\/tag\/joe-schmidt\/\" target=\"_blank\" rel=\"noopener\">Joe Schmidt<\/a>. <\/p>\n<p>Pour ce choc, Rassie Erasmus, dont la profondeur d\u2019effectif est hallucinante, <strong>a quelque peu fait tourner<\/strong>. Surprise, <strong>Siya Kolisi est titularis\u00e9 en num\u00e9ro 8<\/strong> et sera bien bien \u00e9videmment le capitaine de la s\u00e9lection. Marco van Staden et Pieter-Steph du Toit encadreront l\u2019ancien joueur du <a data-ilj-link-preview=\"true\" data-excerpt=\"Fond\u00e9 en 1882, le club de rugby du Racing 92 est un club professionnel de rugby de banlieue parisienne qui \u00e9volue en TOP 14.&#013;&#010;Staff et pr\u00e9sidence :&#013;&#010;&#013;&#010; &#009;Pr\u00e9sident : Laurent Travers&#013;&#010; &#009;Entra\u00eeneur : Stuart Lancaster&#013;&#010; &#009;Yannick Nyanga&#013;&#010; &#009;Fr\u00e9d\u00e9ric Michalak&#013;&#010; &#009;Dimitri Szarzewski&#013;&#010;&#013;&#010;Palmar\u00e8s du Racing 92 :&#013;&#010;&#013;&#010;&#013;&#010;&#013;&#010;Competition&#013;&#010;Titles&#013;&#010;Years&#013;&#010;&#013;&#010;&#013;&#010;Championnat de France de premi\u00e8re division&#013;&#010;6&#013;&#010;1892, 1900, 1902, 1959, 1990, 2016&#013;&#010;&#013;&#010;&#013;&#010;Championnat de France de deuxi\u00e8me division&#013;&#010;3&#013;&#010;1998, 2009, plus d&#039;autres ann\u00e9es non sp\u00e9cifi\u00e9es&#013;&#010;&#013;&#010;&#013;&#010;Coupe de l&#039;Esp\u00e9rance&#013;&#010;1&#013;&#010;1918\" href=\"https:\/\/www.xvovalie.com\/racing-92\/\" target=\"_blank\" rel=\"noopener\">Racing<\/a>. <\/p>\n<p><strong><a href=\"https:\/\/www.xvovalie.com\/tag\/malcolm-marx\/\" target=\"_blank\" rel=\"noopener\">Malcolm Marx<\/a> a \u00e9t\u00e9 pr\u00e9f\u00e9r\u00e9 \u00e0 <a href=\"https:\/\/www.xvovalie.com\/tag\/bongi-mbonambi\/\" target=\"_blank\" rel=\"noopener\">Bongi Mbonambi<\/a><\/strong> alors qu\u2019Eben Etzebeth sera bien pr\u00e9sent et formera une deuxi\u00e8me ligne surpuissante avec Lood De Jager.<\/p>\n<p>Pas de Kolbe ni De Allende<\/p>\n<p>Derri\u00e8re, <a href=\"https:\/\/www.xvovalie.com\/tag\/manie-libbok\/\" target=\"_blank\" rel=\"noopener\">Manie Libbok<\/a> portera le num\u00e9ro 10, Sacha Mngomezulu n\u2019\u00e9tant pas sur le banc. <strong>Il formera la charni\u00e8re avec le supersonique Grant Williams<\/strong> alors qu\u2019au centre, Andre Esterhuizen, associ\u00e9 \u00e0 Kriel, sera titularis\u00e9 en lieu et place de Damian De Allende. <\/p>\n<p>Sur les ailes, <strong>pas de <a href=\"https:\/\/www.xvovalie.com\/tag\/cheslin-kolbe\/\" target=\"_blank\" rel=\"noopener\">Cheslin Kolbe<\/a><\/strong> mais du lourd \u00e9galement avec <strong>les bombes Kurt-Lee Arendse et Edwill Van der Merwe<\/strong>. <strong>Le banc est \u00e9galement pl\u00e9thorique<\/strong>. On y trouve entre autre, Franco Mostert, Kwagga Smith, <a href=\"https:\/\/www.xvovalie.com\/tag\/cobus-reinach\/\" target=\"_blank\" rel=\"noopener\">Cobus Reinach<\/a>, Canan Moodie ou encore Damian Willemse. <\/p>\n<p><strong>La composition des Boks : <\/strong><\/p>\n<p>1. Nche, 2. Marx, 3. Louw, 4. Etzebeth, 5. De Jager, 6. van Staden, 7. Du Toit, 8. Kolisi (cap), 9. Williams, 10. Libbok, 11. Arendse, 12. Esterhuizen, 13. Kriel, 14. <a href=\"https:\/\/www.xvovalie.com\/tag\/duhan-van-der-merwe\/\" target=\"_blank\" rel=\"noopener\">van der Merwe<\/a>, 15. Fassi<\/p>\n<p><strong>Rempla\u00e7ants <\/strong>: 16. Mbonambi, 17. Wiessels, 18. Ntlabakanye, 19. Mostert, 20. Smith, 21. Reinach, 22. Moodie, 23. Willemse<\/p>\n<p>Biberonn\u00e9 au rugby, tomb\u00e9 malade de ce sport lors de la Coupe du Monde 2003, alors que je savais \u00e0 peine marcher, je suis le seul sudiste ayant reni\u00e9 le Stade Toulousain pour l\u2019autre Stade\u2026 Fran\u00e7ais. Condamn\u00e9 \u00e0 souffrir avec mon club de c\u0153ur, j\u2019esp\u00e8re vous transmettre mon amour pour la balle ovale \u00e0 travers XV Ovalie !<\/p>\n","protected":false},"excerpt":{"rendered":"C\u2019est ce samedi (17h10), que l\u2019Afrique du Sud d\u00e9fiera l\u2019Australie en ouverture du Rugby Championship \u00e0 l\u2019Ellis Park&hellip;\n","protected":false},"author":2,"featured_media":312415,"comment_status":"","ping_status":"","sticky":false,"template":"","format":"standard","meta":{"footnotes":""},"categories":[1416],"tags":[5594,26212,1011,27,479,45223,1468,45224,60],"class_list":{"0":"post-312414","1":"post","2":"type-post","3":"status-publish","4":"format-standard","5":"has-post-thumbnail","7":"category-rugby","8":"tag-afrique-du-sud","9":"tag-cheslin-kolbe","10":"tag-fr","11":"tag-france","12":"tag-rugby","13":"tag-rugby-championship","14":"tag-rugby-football","15":"tag-siya-kolisi","16":"tag-sports"},"share_on_mastodon":{"url":"https:\/\/pubeurope.com\/@fr\/115012074438514355","error":""},"_links":{"self":[{"href":"https:\/\/www.europesays.com\/fr\/wp-json\/wp\/v2\/posts\/312414","targetHints":{"allow":["GET"]}}],"collection":[{"href":"https:\/\/www.europesays.com\/fr\/wp-json\/wp\/v2\/posts"}],"about":[{"href":"https:\/\/www.europesays.com\/fr\/wp-json\/wp\/v2\/types\/post"}],"author":[{"embeddable":true,"href":"https:\/\/www.europesays.com\/fr\/wp-json\/wp\/v2\/users\/2"}],"replies":[{"embeddable":true,"href":"https:\/\/www.europesays.com\/fr\/wp-json\/wp\/v2\/comments?post=312414"}],"version-history":[{"count":0,"href":"https:\/\/www.europesays.com\/fr\/wp-json\/wp\/v2\/posts\/312414\/revisions"}],"wp:featuredmedia":[{"embeddable":true,"href":"https:\/\/www.europesays.com\/fr\/wp-json\/wp\/v2\/media\/312415"}],"wp:attachment":[{"href":"https:\/\/www.europesays.com\/fr\/wp-json\/wp\/v2\/media?parent=312414"}],"wp:term":[{"taxonomy":"category","embeddable":true,"href":"https:\/\/www.europesays.com\/fr\/wp-json\/wp\/v2\/categories?post=312414"},{"taxonomy":"post_tag","embeddable":true,"href":"https:\/\/www.europesays.com\/fr\/wp-json\/wp\/v2\/tags?post=312414"}],"curies":[{"name":"wp","href":"https:\/\/api.w.org\/{rel}","templated":true}]}}