{"id":31242,"date":"2025-04-17T08:33:15","date_gmt":"2025-04-17T08:33:15","guid":{"rendered":"https:\/\/www.europesays.com\/fr\/31242\/"},"modified":"2025-04-17T08:33:15","modified_gmt":"2025-04-17T08:33:15","slug":"pourquoi-vos-enfants-ny-ont-pas-droit","status":"publish","type":"post","link":"https:\/\/www.europesays.com\/fr\/31242\/","title":{"rendered":"pourquoi vos enfants n\u2019y ont pas droit ?"},"content":{"rendered":"<p>             <a href=\"https:\/\/ma-sante.news\/wp-content\/uploads\/2025\/04\/Vaccin-nasal-grippe-enfant-interdit-france-autorites-de-sante-Ma-Sante.jpg\" data-caption=\"Lors de la saison grippale 2024-2025, plus de 10 000 enfants ont \u00e9t\u00e9 hospitalis\u00e9s pour des complications li\u00e9es \u00e0 la grippe en France. \u00a9  Freepik\" target=\"_blank\" rel=\"noopener\"><img loading=\"lazy\" decoding=\"async\" width=\"696\" height=\"464\" class=\"entry-thumb td-modal-image\" src=\"data:image\/svg+xml,%3Csvg%20xmlns=\" http:=\"\" data-lazy- data-lazy- alt=\"Une enfant qui prend le vaccin nasal pour la grippe.\" title=\"Vaccin nasal grippe enfant interdit france autorit\u00e9s de sant\u00e9 Ma Sant\u00e9\" data-lazy-src=\"https:\/\/www.europesays.com\/fr\/wp-content\/uploads\/2025\/04\/Vaccin-nasal-grippe-enfant-interdit-france-autorites-de-sante-Ma-Sante-696x464.jpg\"\/><\/a>Lors de la saison grippale 2024-2025, plus de 10 000 enfants ont \u00e9t\u00e9 hospitalis\u00e9s pour des complications li\u00e9es \u00e0 la grippe en France. \u00a9  Freepik                                    \t\t\t             <a class=\"gofollow\" data-track=\"MjgsMCwxLDYw\" href=\"https:\/\/ma-sante.news\/inscrivez-vous-a-notre-newsletter\/\" target=\"_blank\" rel=\"noopener\"><img loading=\"lazy\" decoding=\"async\" width=\"1068\" height=\"131\" src=\"data:image\/svg+xml,%3Csvg%20xmlns=\" http:=\"\" data-lazy-src=\"https:\/\/www.europesays.com\/fr\/wp-content\/uploads\/2025\/03\/banniere-newsletter.png\"\/><\/a> <\/p>\n<p>Chaque hiver,<a href=\"https:\/\/ma-sante.news\/epidemie-de-grippe-forte-hausse-des-cas-chez-les-enfants\/\" target=\"_blank\" rel=\"noopener\"> la grippe saisonni\u00e8re revient avec son lot de complications, notamment chez les plus jeunes<\/a>. Enfants, adolescents, avec ou sans comorbidit\u00e9s, repr\u00e9sentent une population particuli\u00e8rement concern\u00e9e par la transmission du virus. Et souvent un vecteur essentiel dans la propagation de la maladie \u00e0 grande \u00e9chelle.\u00a0<\/p>\n<p>Pourtant, un vaccin antigrippal p\u00e9diatrique administr\u00e9 par voie nasale, simple et sans aiguille, n\u2019est toujours pas accessible en France\u2026 Alors qu\u2019il est utilis\u00e9 depuis plus de 20 ans dans plusieurs pays europ\u00e9ens comme le Royaume-Uni et la Finlande. Face \u00e0 cette situation, de nombreuses voix s\u2019\u00e9l\u00e8vent pour demander son d\u00e9ploiement rapide.<\/p>\n<p>        Un vaccin nasal, plus facile \u00e0 accepter pour les enfants    <\/p>\n<p>Le vaccin en question est<a href=\"https:\/\/ma-sante.news\/covid-19-un-vaccin-en-spray-nasal-bientot-disponible\/\" target=\"_blank\" rel=\"noopener\"> un vaccin nasal <\/a>trivalent, vivant att\u00e9nu\u00e9. Il s\u2019administre sans piq\u00fbre, ce qui le rend particuli\u00e8rement adapt\u00e9 aux enfants de 2 \u00e0 17 ans, souvent r\u00e9ticents aux injections.<\/p>\n<p>Selon la Haute Autorit\u00e9 de Sant\u00e9 (HAS), ce vaccin devrait m\u00eame \u00eatre utilis\u00e9 \u00ab pr\u00e9f\u00e9rentiellement \u00bb pour cette tranche d\u2019\u00e2ge, en raison de sa meilleure acceptabilit\u00e9. Une recommandation reprise dans un avis du 12 d\u00e9cembre 2024, qui souligne aussi son efficacit\u00e9 d\u00e9montr\u00e9e.<\/p>\n<p>        Un vaccin d\u00e9j\u00e0 utilis\u00e9 \u00e0 l \u2018international\u00a0    <strong>Une efficacit\u00e9 prouv\u00e9e<\/strong>    <\/p>\n<p>Utilis\u00e9 dans 34 pays, notamment au Royaume-Uni et en Finlande, ce vaccin affiche un taux d\u2019efficacit\u00e9 de 78 % contre la grippe confirm\u00e9e en laboratoire (source : donn\u00e9es internationales relay\u00e9es par Sant\u00e9 Publique France). Plus de 199 millions de doses ont \u00e9t\u00e9 administr\u00e9es dans le monde sans probl\u00e8me majeur de s\u00e9curit\u00e9.<\/p>\n<p>En France, la Haute Autorit\u00e9 de Sant\u00e9 (HAS) a d\u2019ailleurs recommand\u00e9 d\u00e8s d\u00e9cembre 2024 l\u2019usage pr\u00e9f\u00e9rentiel de ce vaccin chez les enfants, pour sa capacit\u00e9 \u00e0 am\u00e9liorer la couverture vaccinale.<\/p>\n<p>        <strong>Un feu vert\u2026 qui ne change rien ?<\/strong>    <\/p>\n<p>La Commission de la Transparence (CT), qui \u00e9value l\u2019int\u00e9r\u00eat des m\u00e9dicaments pour le remboursement, vient de rendre un avis favorable au remboursement du vaccin nasal. Mais, paradoxalement, elle estime qu\u2019il n\u2019apporte pas de b\u00e9n\u00e9fice m\u00e9dical suppl\u00e9mentaire par rapport aux autres vaccins injectables existants.<\/p>\n<p>R\u00e9sultat : sans reconnaissance d\u2019une \u00ab am\u00e9lioration du service m\u00e9dical rendu \u00bb, le vaccin risque de ne pas \u00eatre mis sur le march\u00e9 fran\u00e7ais l\u2019hiver prochain. Une d\u00e9cision incomprise par de nombreux professionnels.<\/p>\n<p>        <strong>Un collectif de m\u00e9decins et d\u2019associations monte au cr\u00e9neau<\/strong>    <\/p>\n<p>Ainsi, un collectif regroupant 20 soci\u00e9t\u00e9s savantes p\u00e9diatriques et 91 associations de patients tire la sonnette d\u2019alarme. Parmi eux, l\u2019Association Fran\u00e7aise de P\u00e9diatrie Ambulatoire, la Soci\u00e9t\u00e9 Fran\u00e7aise de P\u00e9diatrie ou encore Sant\u00e9 Respiratoire France.<\/p>\n<p>Tous plaident pour une prise en compte de l\u2019impact en sant\u00e9 publique. Les enfants sont souvent les premiers vecteurs de transmission de la grippe \u00e0 leur entourage, en particulier aux plus fragiles (personnes \u00e2g\u00e9es, nourrissons, malades chroniques).<a href=\"https:\/\/ma-sante.news\/epidemie-de-grippe-une-trop-faible-couverture-vaccinale-pour-contrer-le-virus\/\" target=\"_blank\" rel=\"noopener\"> Am\u00e9liorer la couverture vaccinale <\/a>chez les enfants, c\u2019est donc selon eux prot\u00e9ger l\u2019ensemble de la population.<\/p>\n<p>        Alors, ce vaccin antigrippal a-t-il un avenir ?    <strong>Un frein \u00e0 l\u2019innovation en pr\u00e9vention ?<\/strong>    <\/p>\n<p>Au-del\u00e0 de la grippe, ce rejet envoie, selon les signataires, un mauvais signal \u00e0 la recherche sur les vaccins non injectables.\u00a0<\/p>\n<p>Des innovations sont pourtant en cours, notamment contre<a href=\"https:\/\/ma-sante.news\/les-maladies-hivernales-ce-que-vous-devez-savoir-sur-les-virus-de-la-saison\/\" target=\"_blank\" rel=\"noopener\"> d\u2019autres virus respiratoires comme le VRS<\/a>, principal <a href=\"https:\/\/ma-sante.news\/grippe-et-bronchiolite-pourquoi-lauvergne-rhone-alpes-est-elle-particulierement-touchee-cet-hiver\/\" target=\"_blank\" rel=\"noopener\">responsable des bronchiolites chez les b\u00e9b\u00e9s<\/a>. La mise sur le march\u00e9 de Beyfortus a notamment permis de r\u00e9duire singuli\u00e8rement l\u2019ampleur de l\u2019\u00e9pid\u00e9mie l\u2019hiver dernier pour le plus grand bonheur des parents. <\/p>\n<p>        <strong>Quelle suite pour la saison 2025-2026 ?<\/strong>    <\/p>\n<p>Dans ce contexte, les p\u00e9diatres appellent les autorit\u00e9s sanitaires \u00e0 r\u00e9examiner leur position afin de garantir l\u2019acc\u00e8s au vaccin nasal avant la prochaine vague grippale. Pour appuyer leurs revendications, ils font r\u00e9f\u00e9rence aux r\u00e9centes cons\u00e9quences d\u2019une \u00e9pid\u00e9mie mal anticip\u00e9e. <a href=\"https:\/\/ma-sante.news\/grippe-2025-pic-epidemie-attendu-dans-quelques-jours\/\" target=\"_blank\" rel=\"noopener\">La saison 2024-2025 a \u00e9t\u00e9 bien plus virulente que les trois pr\u00e9c\u00e9dentes<\/a>, selon Sant\u00e9 Publique France.<\/p>\n<p>\u00ab Ce vaccin est un outil efficace, s\u00fbr, et surtout mieux accept\u00e9 par les enfants. Ne pas le proposer, c\u2019est passer \u00e0 c\u00f4t\u00e9 d\u2019une chance de mieux les prot\u00e9ger, eux et leur entourage \u00bb, conclut le Dr Andreas Werner, pr\u00e9sident de l\u2019Association Fran\u00e7aise de P\u00e9diatrie Ambulatoire.<\/p>\n<blockquote class=\"wp-block-quote is-layout-flow wp-block-quote-is-layout-flow\">\n<p><strong>\u00c0 SAVOIR\u00a0<\/strong><\/p>\n<p>En France, moins de 10 % des enfants de 2 \u00e0 17 ans sont vaccin\u00e9s contre la grippe (source : Sant\u00e9 publique France). Pourtant, la HAS recommande l\u2019usage pr\u00e9f\u00e9rentiel du vaccin nasal, plus facile \u00e0 accepter et d\u00e9j\u00e0 utilis\u00e9 dans 34 pays. Malgr\u00e9 cette recommandation, il reste non disponible en raison d\u2019un avis d\u00e9favorable de la Commission de la Transparence.<\/p>\n<\/blockquote>\n<p>  <a class=\"gofollow\" data-track=\"MTIsMCwxLDYw\" href=\"https:\/\/ma-sante.news\/annonceurs\/\" target=\"_blank\" rel=\"noopener\"><img loading=\"lazy\" decoding=\"async\" width=\"2560\" height=\"2133\" src=\"data:image\/svg+xml,%3Csvg%20xmlns=\" http:=\"\" data-lazy-src=\"https:\/\/www.europesays.com\/fr\/wp-content\/uploads\/2025\/03\/pub-annonceurs-4-scaled.jpg\"\/><\/a>    <img loading=\"lazy\" decoding=\"async\" width=\"755\" height=\"495\" src=\"data:image\/svg+xml,%3Csvg%20xmlns=\" http:=\"\" data-lazy-src=\"https:\/\/www.europesays.com\/fr\/wp-content\/uploads\/2025\/03\/Image1.jpg\"\/>Inscrivez-vous \u00e0 notre newsletter <br \/>Ma Sant\u00e9                      <\/p>\n","protected":false},"excerpt":{"rendered":"Lors de la saison grippale 2024-2025, plus de 10 000 enfants ont \u00e9t\u00e9 hospitalis\u00e9s pour des complications li\u00e9es&hellip;\n","protected":false},"author":2,"featured_media":31243,"comment_status":"","ping_status":"","sticky":false,"template":"","format":"standard","meta":{"footnotes":""},"categories":[10],"tags":[10654,1011,27,72,71,10655,773],"class_list":{"0":"post-31242","1":"post","2":"type-post","3":"status-publish","4":"format-standard","5":"has-post-thumbnail","7":"category-sante","8":"tag-enfants-malades","9":"tag-fr","10":"tag-france","11":"tag-health","12":"tag-sante","13":"tag-u00e9pidu00e9mie-grippe","14":"tag-vaccin"},"share_on_mastodon":{"url":"https:\/\/pubeurope.com\/@fr\/114352383787301746","error":""},"_links":{"self":[{"href":"https:\/\/www.europesays.com\/fr\/wp-json\/wp\/v2\/posts\/31242","targetHints":{"allow":["GET"]}}],"collection":[{"href":"https:\/\/www.europesays.com\/fr\/wp-json\/wp\/v2\/posts"}],"about":[{"href":"https:\/\/www.europesays.com\/fr\/wp-json\/wp\/v2\/types\/post"}],"author":[{"embeddable":true,"href":"https:\/\/www.europesays.com\/fr\/wp-json\/wp\/v2\/users\/2"}],"replies":[{"embeddable":true,"href":"https:\/\/www.europesays.com\/fr\/wp-json\/wp\/v2\/comments?post=31242"}],"version-history":[{"count":0,"href":"https:\/\/www.europesays.com\/fr\/wp-json\/wp\/v2\/posts\/31242\/revisions"}],"wp:featuredmedia":[{"embeddable":true,"href":"https:\/\/www.europesays.com\/fr\/wp-json\/wp\/v2\/media\/31243"}],"wp:attachment":[{"href":"https:\/\/www.europesays.com\/fr\/wp-json\/wp\/v2\/media?parent=31242"}],"wp:term":[{"taxonomy":"category","embeddable":true,"href":"https:\/\/www.europesays.com\/fr\/wp-json\/wp\/v2\/categories?post=31242"},{"taxonomy":"post_tag","embeddable":true,"href":"https:\/\/www.europesays.com\/fr\/wp-json\/wp\/v2\/tags?post=31242"}],"curies":[{"name":"wp","href":"https:\/\/api.w.org\/{rel}","templated":true}]}}