{"id":312428,"date":"2025-08-11T20:49:47","date_gmt":"2025-08-11T20:49:47","guid":{"rendered":"https:\/\/www.europesays.com\/fr\/312428\/"},"modified":"2025-08-11T20:49:47","modified_gmt":"2025-08-11T20:49:47","slug":"cathy-cavalier-expose-a-loffice-de-tourisme","status":"publish","type":"post","link":"https:\/\/www.europesays.com\/fr\/312428\/","title":{"rendered":"Cathy Cavalier expose \u00e0 l\u2019office de tourisme"},"content":{"rendered":"<p>C\u2019est l\u2019office de tourisme que l\u2019artiste peintre professionnelle Cathy Cavalier a choisi comme cadre pour accueillir ses peintures.<\/p>\n<p>L\u2019artiste au gr\u00e9 du temps atteint une volont\u00e9, sa formation d\u2019artiste peintre prend sa source dans l\u2019\u00e9cole d\u2019art la plus prestigieuse, celle de la nature.<\/p>\n<p>Ses peintures attirent le regard, sa sensibilit\u00e9 est intense, il en d\u00e9coule un profond cheminement au long cours, l\u2019observation se lie \u00e0 sa sensibilit\u00e9 qui lui ouvre les portes du beau, du r\u00e9el et du vivant.<\/p>\n<p>Dans sa peinture \u00e0 l\u2019huile, le d\u00e9tail qu\u2019elle affectionne forme un \u00e9crin, de multiples petites touches viennent sur sa toile.<\/p>\n<p>\u00c9grainer le nom de ses toiles est pour l\u2019artiste un grand plaisir, avec Buron du Trop-Haut, Envoie printanier, Deuil sur les ruines d\u2019un buron, Bruy\u00e9res en lisi\u00e8re de for\u00eat, r\u00e9colte de Narcisses. \u00c0 savoir que Cathy Cavalier est l\u2019auteur d\u2019un livre, L\u2019Aubrac \u00e0 la pointe de mon Pinceau, son \u00e9criture, sa po\u00e9sie \u00e9maille son ouvrage.<\/p>\n<p>Une exposition \u00e0 voir jusqu\u2019au vendredi 29 ao\u00fbt, pendant les heures d\u2019ouvertures de l\u2019office de tourisme. L\u2019artiste sera pr\u00e9sente les jeudis matin, de 9 h 30 \u00e0 midi, et sur rendez-vous pour qui le souhaiterait. Son vernissage a lieu jeudi 7 ao\u00fbt de 10 h 30 \u00e0 midi, \u00e0 l\u2019office de tourisme.<\/p>\n<p>Correspondant Midi Libre : 04 66 31 13 10<\/p>\n","protected":false},"excerpt":{"rendered":"C\u2019est l\u2019office de tourisme que l\u2019artiste peintre professionnelle Cathy Cavalier a choisi comme cadre pour accueillir ses peintures.&hellip;\n","protected":false},"author":2,"featured_media":312429,"comment_status":"","ping_status":"","sticky":false,"template":"","format":"standard","meta":{"footnotes":""},"categories":[1358],"tags":[1348,1384,1385,1386,58,59,1011,27],"class_list":{"0":"post-312428","1":"post","2":"type-post","3":"status-publish","4":"format-standard","5":"has-post-thumbnail","7":"category-arts-et-design","8":"tag-arts","9":"tag-arts-and-design","10":"tag-arts-et-design","11":"tag-design","12":"tag-divertissement","13":"tag-entertainment","14":"tag-fr","15":"tag-france"},"share_on_mastodon":{"url":"https:\/\/pubeurope.com\/@fr\/115012109804260318","error":""},"_links":{"self":[{"href":"https:\/\/www.europesays.com\/fr\/wp-json\/wp\/v2\/posts\/312428","targetHints":{"allow":["GET"]}}],"collection":[{"href":"https:\/\/www.europesays.com\/fr\/wp-json\/wp\/v2\/posts"}],"about":[{"href":"https:\/\/www.europesays.com\/fr\/wp-json\/wp\/v2\/types\/post"}],"author":[{"embeddable":true,"href":"https:\/\/www.europesays.com\/fr\/wp-json\/wp\/v2\/users\/2"}],"replies":[{"embeddable":true,"href":"https:\/\/www.europesays.com\/fr\/wp-json\/wp\/v2\/comments?post=312428"}],"version-history":[{"count":0,"href":"https:\/\/www.europesays.com\/fr\/wp-json\/wp\/v2\/posts\/312428\/revisions"}],"wp:featuredmedia":[{"embeddable":true,"href":"https:\/\/www.europesays.com\/fr\/wp-json\/wp\/v2\/media\/312429"}],"wp:attachment":[{"href":"https:\/\/www.europesays.com\/fr\/wp-json\/wp\/v2\/media?parent=312428"}],"wp:term":[{"taxonomy":"category","embeddable":true,"href":"https:\/\/www.europesays.com\/fr\/wp-json\/wp\/v2\/categories?post=312428"},{"taxonomy":"post_tag","embeddable":true,"href":"https:\/\/www.europesays.com\/fr\/wp-json\/wp\/v2\/tags?post=312428"}],"curies":[{"name":"wp","href":"https:\/\/api.w.org\/{rel}","templated":true}]}}