{"id":312432,"date":"2025-08-11T20:51:16","date_gmt":"2025-08-11T20:51:16","guid":{"rendered":"https:\/\/www.europesays.com\/fr\/312432\/"},"modified":"2025-08-11T20:51:16","modified_gmt":"2025-08-11T20:51:16","slug":"les-traitres-bientot-de-retour-sur-m6-personnalites-au-casting-date-de-diffusion-tout-ce-quil-faut-savoir-sur-la-saison-5-purepeople","status":"publish","type":"post","link":"https:\/\/www.europesays.com\/fr\/312432\/","title":{"rendered":"Les Tra\u00eetres bient\u00f4t de retour sur M6 : personnalit\u00e9s au casting, date de diffusion\u2026 tout ce qu\u2019il faut savoir sur la saison 5 &#8211; Purepeople"},"content":{"rendered":"<ol>\n<li><a href=\"https:\/\/news.google.com\/rss\/articles\/CBMi-gFBVV95cUxPUEZaOVZTdTJ1eHZkVTdWYVBLS192aGZlVlJxX0NwVHBjVFRuY05YNno3bHVzUHNJTnB1VnQ2RTQ1bWdsUkFoVG9TWmhXN21MVmJBY1prRVh5NWtCOVNIdGxIejhtVG1zVHVhNVlPSmREb19JY3FFTUZpbmloVGkwaThPMkNaY3VaSldwOV9hb0pxTk1VckVzRnFWUW5sNHozTG1OY1loY3B4Y2hxenpiemVwNUVyMUJMdC03X21NZnhGVFRYOUNBY1NqY191RW9VTzkydHJhMm9XVGlaQ28wOC1WRjZfRlAxVXBoT29HVG1JQUF0UzVMbjlR?oc=5\" target=\"_blank\" rel=\"nofollow noopener\">Les Tra\u00eetres bient\u00f4t de retour sur M6 : personnalit\u00e9s au casting, date de diffusion\u2026 tout ce qu\u2019il faut savoir sur la saison 5<\/a>&nbsp;&nbsp;Purepeople<\/li>\n<li><a href=\"https:\/\/news.google.com\/rss\/articles\/CBMiyAFBVV95cUxOVXByUkhmOVk5YUlnWV92MHFBS09jZ3VBU0pZWVhwQkR2VUVnX3NMU1NjTzhfSFFxcDVCUXoyV1FsU2F3NXpLRFhfY2l0MzNjdnN0cGJWSUQ1aHo0NlA5UWtNaDJ5U1ZORUhOYmVyMG9VX0RxYzBvVkZ2eWN6Y0pEYzRmVkIzQ1k1TnMxbk1FdVJuYkhGTjhOdzctZW9ZNUZXeUs3MnE1dnFjUjhVYzduQm0xelZ2TUcxTk45T0ROM1B0WlA4YVFtUQ?oc=5\" target=\"_blank\" rel=\"nofollow noopener\">Les Tra\u00eetres (M6) : Qui sont les c\u00e9l\u00e9brit\u00e9s de la saison 5 ? (PHOTOS)<\/a>&nbsp;&nbsp;T\u00e9l\u00e9 7 Jours<\/li>\n<li><a href=\"https:\/\/news.google.com\/rss\/articles\/CBMixwFBVV95cUxNZGEwaDRtNUM5NUdKZFdlX1VZM1FONVQ1S01QV01nMUZYcEZtOFpjcWVvN2lJd3RodFp2M0E0YnlOMFRBanNmM01ZUXJPaXJGNXhscHc0VzRSUWJFTTJsNm11YkFMOW5Yb0ZmQkRncnlnTHFfTnpNYlBXa21TU3dQSWUwMzhMMnhLU0dnZ1FyYXFLbmdibzhkZWpPNlBfNE5NeGcxUEhQSTBCLWJyNGhnU0tMU3R1ZEJfTnBTalBiejNZNjBMU2VZ?oc=5\" target=\"_blank\" rel=\"nofollow noopener\">Surprise ! Les Tra\u00eetres revient d\u00e9j\u00e0 sur M6, voici la date de diffusion de la saison 5<\/a>&nbsp;&nbsp;programme-tv.net<\/li>\n<li><a href=\"https:\/\/news.google.com\/rss\/articles\/CBMiwgFBVV95cUxOMF9Fc2I4dzYwdTdmOXlFajNzX1kxanBrOEcwem5zTV9XSHR6RHpLX3p6dHh5TTdLbUZxN0Y1NGVvMUFlNHh1a05CNjE1ZS1Pa3dOWG00dm9PMVFjMjFCNjEyWGlpRk13S1JfcXRMTGplbTVsZUI1N2gxckRqb0ZYdWNTcmxySE9xMk5CclpkUnVEdDdrWUdzNVo2UWljMThvbDVQZ05xRm1WYjNMY3NvMGt4cmJTZUVlbU8zZnVncWxqdw?oc=5\" target=\"_blank\" rel=\"nofollow noopener\">\u00abLes Tra\u00eetres\u00bb : qui sont les participants de la saison 5 du jeu de M6 ?<\/a>&nbsp;&nbsp;TV Magazine<\/li>\n<li><a href=\"https:\/\/news.google.com\/rss\/articles\/CBMirgFBVV95cUxQdFBkZ2VoRFFkT0V1ZXFEZWVtejN6emFmV3E4aDJ4VjFwTkpWVFBERVJlcElmZXB1S3NCS0hqZDlWeFk3MlV4MkxGMS10QlRTd2pCdDZHN29uYjV0OUdsNlZyMTMxRi1uOUNjaUhxWlFzREd0U01CU1JhcE9vUlJ6LVZmUUl0VEltb2NwQ2FYczBUSGZ4UFNIY0tfUENxQnNiVU9OcEJ2VTh5cWhyNVE?oc=5\" target=\"_blank\" rel=\"nofollow noopener\">Les Tra\u00eetres : nouvelles r\u00e8gles, candidats\u2026 tout ce qu\u2019il faut savoir sur la nouvelle saison<\/a>&nbsp;&nbsp;public.fr<\/li>\n<\/ol>\n","protected":false},"excerpt":{"rendered":"Les Tra\u00eetres bient\u00f4t de retour sur M6 : personnalit\u00e9s au casting, date de diffusion\u2026 tout ce qu\u2019il faut&hellip;\n","protected":false},"author":2,"featured_media":1445,"comment_status":"","ping_status":"","sticky":false,"template":"","format":"standard","meta":{"footnotes":""},"categories":[1356],"tags":[58,59,1011,27,252,1364],"class_list":{"0":"post-312432","1":"post","2":"type-post","3":"status-publish","4":"format-standard","5":"has-post-thumbnail","7":"category-television","8":"tag-divertissement","9":"tag-entertainment","10":"tag-fr","11":"tag-france","12":"tag-television","13":"tag-tv"},"share_on_mastodon":{"url":"https:\/\/pubeurope.com\/@fr\/115012113680832945","error":""},"_links":{"self":[{"href":"https:\/\/www.europesays.com\/fr\/wp-json\/wp\/v2\/posts\/312432","targetHints":{"allow":["GET"]}}],"collection":[{"href":"https:\/\/www.europesays.com\/fr\/wp-json\/wp\/v2\/posts"}],"about":[{"href":"https:\/\/www.europesays.com\/fr\/wp-json\/wp\/v2\/types\/post"}],"author":[{"embeddable":true,"href":"https:\/\/www.europesays.com\/fr\/wp-json\/wp\/v2\/users\/2"}],"replies":[{"embeddable":true,"href":"https:\/\/www.europesays.com\/fr\/wp-json\/wp\/v2\/comments?post=312432"}],"version-history":[{"count":0,"href":"https:\/\/www.europesays.com\/fr\/wp-json\/wp\/v2\/posts\/312432\/revisions"}],"wp:featuredmedia":[{"embeddable":true,"href":"https:\/\/www.europesays.com\/fr\/wp-json\/wp\/v2\/media\/1445"}],"wp:attachment":[{"href":"https:\/\/www.europesays.com\/fr\/wp-json\/wp\/v2\/media?parent=312432"}],"wp:term":[{"taxonomy":"category","embeddable":true,"href":"https:\/\/www.europesays.com\/fr\/wp-json\/wp\/v2\/categories?post=312432"},{"taxonomy":"post_tag","embeddable":true,"href":"https:\/\/www.europesays.com\/fr\/wp-json\/wp\/v2\/tags?post=312432"}],"curies":[{"name":"wp","href":"https:\/\/api.w.org\/{rel}","templated":true}]}}