{"id":312433,"date":"2025-08-11T20:53:18","date_gmt":"2025-08-11T20:53:18","guid":{"rendered":"https:\/\/www.europesays.com\/fr\/312433\/"},"modified":"2025-08-11T20:53:18","modified_gmt":"2025-08-11T20:53:18","slug":"un-autre-film-arrive-encore-avec-un-super-acteur-et-un-realisateur-tres-etrange","status":"publish","type":"post","link":"https:\/\/www.europesays.com\/fr\/312433\/","title":{"rendered":"un autre film arrive (encore) avec un super acteur et un r\u00e9alisateur tr\u00e8s \u00e9trange"},"content":{"rendered":"<p><strong>Une autre adaptation de <a href=\"https:\/\/www.ecranlarge.com\/films\/frankenstein\" data-type=\"films\" data-id=\"1329851\" rel=\"nofollow noopener\" target=\"_blank\">Frankenstein <\/a>se pr\u00e9pare, et c\u2019est un super acteur qui a \u00e9t\u00e9 choisi pour jouer le monstre et son cr\u00e9ateur. Et vu le r\u00e9alisateur derri\u00e8re, \u00e7a risque d\u2019\u00eatre un immense d\u00e9lire.<\/strong><\/p>\n<p>On ne compte plus le nombre d\u2019adaptations, officielles ou officieuses, du <strong>Frankenstein <\/strong>de Mary Shelley, du court-m\u00e9trage muet de 1910 aux films d\u2019animation <strong>Hotel Transylvanie<\/strong>, en passant par le Frankenstein de 1930 ou celui de Kenneth Branagh. Derni\u00e8rement, la cr\u00e9ature est revenue dans la s\u00e9rie <strong>Creatures Commandos<\/strong> de DC, tandis qu\u2019elle sera au c\u0153ur du prochain film de Guillermo del Toro sur Neflix. Le monstre y sera incarn\u00e9 par Jacob Elordi, tandis que son cr\u00e9ateur sera interpr\u00e9t\u00e9 par Oscar Isaac.<\/p>\n<p>                    <img decoding=\"async\" alt=\"\" class=\"wp-image-518375\" style=\"object-fit:cover;width:25px;height:25px\" src=\"https:\/\/www.ecranlarge.com\/content\/uploads\/2023\/09\/arrow-right-circle.svg\"\/><\/p>\n<p>Quelques mois apr\u00e8s le <strong>Frankenstein <\/strong>de Del Toro, il y aura le film <strong>The Bride<\/strong> de Maggie Gyllenhaal avec Christian Bale dans la peau recousue du monstre, et Jessie Buckley dans celle de sa fianc\u00e9e, d\u2019apr\u00e8s <strong>La Fianc\u00e9e de Frankenstein<\/strong> r\u00e9alis\u00e9 par James Whale et sorti en 1935. Enfin, le personnage reviendra (encore) dans une autre version, cette fois roumaine, avec un r\u00e9alisateur d\u00e9jant\u00e9 derri\u00e8re la cam\u00e9ra et super acteur comme t\u00eate d\u2019affiche.<\/p>\n<p><a href=\"https:\/\/www.ecranlarge.com\/content\/uploads\/2024\/08\/frankenstein-universal-monsters.jpg\" rel=\"nofollow noopener\" target=\"_blank\"><\/p>\n<p><img loading=\"lazy\" decoding=\"async\" alt=\"\" src=\"https:\/\/www.europesays.com\/fr\/wp-content\/uploads\/2025\/08\/frankenstein-universal-monsters-630x354.jpg\" width=\"630\" height=\"354\"  \/><\/p>\n<p><\/a>Oubliez le drame gothique et romantiqueFRANKENSTAN <\/p>\n<p>L\u2019information a commenc\u00e9 \u00e0 tourner vers le 6 ao\u00fbt dernier, apr\u00e8s la publication d\u2019un article du site web roumain Cultura la dub\u0103, mais plus r\u00e9cemment, le cin\u00e9aste Radu Jude a confirm\u00e9 \u00e0 The Hollywood Reporter qu\u2019il \u00e9tait bien en train d\u2019\u00e9crire sa version de <strong>Frankenstein <\/strong>: <\/p>\n<blockquote class=\"wp-block-quote is-layout-flow wp-block-quote-is-layout-flow\">\n<p><strong>\u00ab\u00a0Je suis en train d\u2019\u00e9crire un film. C\u2019est un film sur Frankenstein en Roumanie. \u00c7a s\u2019appellera Frankenstein in Romania.\u00a0\u00bb<\/strong><\/p>\n<\/blockquote>\n<p>Le r\u00e9alisateur roumain a m\u00eame d\u00e9j\u00e0 trouv\u00e9 sa t\u00eate d\u2019affiche : <a href=\"https:\/\/www.ecranlarge.com\/personnalite\/674372-sebastian-stan\" data-type=\"people\" data-id=\"324465\" rel=\"nofollow noopener\" target=\"_blank\">Sebastian Stan<\/a>, n\u00e9 en Roumanie avant de s\u2019installer aux \u00c9tats-Unis. L\u2019acteur est connu du grand public pour son r\u00f4le de Bucky Barnes, alias le Soldat de l\u2019Hiver dans le Marvel Cinematic Universe. On a aussi pu le voir en 2024 \u00e0 l\u2019affiche de <strong><a href=\"https:\/\/www.ecranlarge.com\/films\/1507838-the-apprentice\" data-type=\"films\" data-id=\"1017693\" rel=\"nofollow noopener\" target=\"_blank\">The Apprentice<\/a><\/strong>, dans lequel il incarnait un jeune Donald Trump et qui lui a valu une premi\u00e8re nomination aux Oscars. <\/p>\n<p>Il a \u00e9galement remport\u00e9 un Ours d\u2019Argent au festival international du film de Berlin et un Golden Globe pour le drame <strong>A Different Man<\/strong>. <\/p>\n<p><a href=\"https:\/\/www.ecranlarge.com\/content\/uploads\/2022\/03\/fresh-photo-sebastian-stan-1421361.jpg\" rel=\"nofollow noopener\" target=\"_blank\"><img loading=\"lazy\" decoding=\"async\" alt=\"Fresh : photo, Sebastian Stan\" class=\"wp-image-254818\" src=\"https:\/\/www.europesays.com\/fr\/wp-content\/uploads\/2025\/08\/fresh-photo-sebastian-stan-1421361-630x340.jpg\" width=\"630\" height=\"340\"  \/><\/a>Sebastian Stan dans Fresh <\/p>\n<p>Toujours d\u2019apr\u00e8s le cin\u00e9aste,<strong> Sebastian Stan devrait jouer le Docteur Victor Frankenstein, mais aussi sa cr\u00e9ation monstrueuse<\/strong> (peut-\u00eatre par \u00e9conomie ?). Aucun autre acteur n\u2019a encore \u00e9t\u00e9 annonc\u00e9. D\u2019apr\u00e8s THR, <strong>le sc\u00e9nario devait tourner autour d\u2019une r\u00e9elle prison secr\u00e8te de la CIA bas\u00e9e en Roumanie, en lien avec l\u2019histoire du monstre<\/strong>. C\u2019est tr\u00e8s confus pour l\u2019instant, mais c\u2019est normal.<\/p>\n<p>Radu Jude est r\u00e9put\u00e9 pour ses \u0153uvres iconoclastes, exp\u00e9rimentales et inconfortables, ne serait-ce que la com\u00e9die dramatique <strong><a href=\"https:\/\/www.ecranlarge.com\/films\/1401180-bad-luck-banging-or-loony-porn\" data-type=\"films\" data-id=\"691364\" rel=\"nofollow noopener\" target=\"_blank\">Bad Luck Banging or Loony Porn<\/a><\/strong>, qui avait remport\u00e9 l\u2019Ours d\u2019Or \u00e0 Berlin en 2021. Habitu\u00e9 des festivals, il avait aussi re\u00e7u le prix sp\u00e9cial du jury au festival de Locarno pour <strong><a href=\"https:\/\/www.ecranlarge.com\/films\/1490791-nattendez-pas-trop-de-la-fin-du-monde\" data-type=\"films\" data-id=\"796259\" rel=\"nofollow noopener\" target=\"_blank\">N\u2019attendez pas trop de la fin du monde<\/a><\/strong> en 2023.<\/p>\n<\/p>\n<p>Cette ann\u00e9e encore, son film <strong>Kontinental\u201925<\/strong>\u00a0a remport\u00e9 l\u2019Ours d\u2019argent du meilleur sc\u00e9nario \u00e0 Berlin, tandis qu\u2019un autre de ses films a \u00e9t\u00e9 d\u00e9voil\u00e9 en avant-premi\u00e8re mondiale au festival de Locarno en ce d\u00e9but ao\u00fbt. Il s\u2019agit de la relecture d\u2019un autre monstre embl\u00e9matique de la litt\u00e9rature et du cin\u00e9ma : Dracula, qui est aussi revenu plusieurs fois au cin\u00e9ma ces derni\u00e8res ann\u00e9es (entre Le dernier voyage de Demeter, <strong>Nosferatu <\/strong>de Robert Eggers et un autre film dont on ne citera le nom).<\/p>\n<p>Sauf que, dans cette version, le vrai sujet est l\u2019intelligence artificielle et l\u2019industrie du cin\u00e9ma. On vous laisse regarder la bande-annonce partag\u00e9e au-dessus pour vous faire une id\u00e9e. Attention, c\u2019est\u2026 particulier.<\/p>\n","protected":false},"excerpt":{"rendered":"Une autre adaptation de Frankenstein se pr\u00e9pare, et c\u2019est un super acteur qui a \u00e9t\u00e9 choisi pour jouer&hellip;\n","protected":false},"author":2,"featured_media":312434,"comment_status":"","ping_status":"","sticky":false,"template":"","format":"standard","meta":{"footnotes":""},"categories":[1354],"tags":[58,59,1346,1011,27,1360],"class_list":{"0":"post-312433","1":"post","2":"type-post","3":"status-publish","4":"format-standard","5":"has-post-thumbnail","7":"category-films","8":"tag-divertissement","9":"tag-entertainment","10":"tag-films","11":"tag-fr","12":"tag-france","13":"tag-movies"},"share_on_mastodon":{"url":"https:\/\/pubeurope.com\/@fr\/115012121889059797","error":""},"_links":{"self":[{"href":"https:\/\/www.europesays.com\/fr\/wp-json\/wp\/v2\/posts\/312433","targetHints":{"allow":["GET"]}}],"collection":[{"href":"https:\/\/www.europesays.com\/fr\/wp-json\/wp\/v2\/posts"}],"about":[{"href":"https:\/\/www.europesays.com\/fr\/wp-json\/wp\/v2\/types\/post"}],"author":[{"embeddable":true,"href":"https:\/\/www.europesays.com\/fr\/wp-json\/wp\/v2\/users\/2"}],"replies":[{"embeddable":true,"href":"https:\/\/www.europesays.com\/fr\/wp-json\/wp\/v2\/comments?post=312433"}],"version-history":[{"count":0,"href":"https:\/\/www.europesays.com\/fr\/wp-json\/wp\/v2\/posts\/312433\/revisions"}],"wp:featuredmedia":[{"embeddable":true,"href":"https:\/\/www.europesays.com\/fr\/wp-json\/wp\/v2\/media\/312434"}],"wp:attachment":[{"href":"https:\/\/www.europesays.com\/fr\/wp-json\/wp\/v2\/media?parent=312433"}],"wp:term":[{"taxonomy":"category","embeddable":true,"href":"https:\/\/www.europesays.com\/fr\/wp-json\/wp\/v2\/categories?post=312433"},{"taxonomy":"post_tag","embeddable":true,"href":"https:\/\/www.europesays.com\/fr\/wp-json\/wp\/v2\/tags?post=312433"}],"curies":[{"name":"wp","href":"https:\/\/api.w.org\/{rel}","templated":true}]}}