{"id":312440,"date":"2025-08-11T20:57:16","date_gmt":"2025-08-11T20:57:16","guid":{"rendered":"https:\/\/www.europesays.com\/fr\/312440\/"},"modified":"2025-08-11T20:57:16","modified_gmt":"2025-08-11T20:57:16","slug":"wikipedia-est-en-train-de-reecrire-lhistoire-lalerte-dune-chercheuse-israelienne","status":"publish","type":"post","link":"https:\/\/www.europesays.com\/fr\/312440\/","title":{"rendered":"\u00ab\u00a0Wikip\u00e9dia Est En Train De R\u00e9\u00e9crire L\u2019histoire\u00a0\u00bb : L\u2019alerte D\u2019une Chercheuse Isra\u00e9lienne"},"content":{"rendered":"<p class=\"\" data-is=\"component-paragraph\">Sur le plateau d\u2019i24NEWS, Shlomit Acharoni-Lir, auteure et chercheuse \u00e0 l\u2019universit\u00e9 de Ha\u00effa, a exprim\u00e9 de vives inqui\u00e9tudes quant \u00e0 la possible nomination de Ravan Jaafar Altaie, finaliste pour rejoindre le conseil d\u2019administration de la fondation Wikimedia, maison m\u00e8re de Wikip\u00e9dia. L\u2019universitaire d\u00e9nonce \u00ab une promotion d\u2019opinions haineuses \u00bb et un risque majeur de manipulation des faits historiques.<\/p>\n<p class=\"\" data-is=\"component-paragraph\">Selon elle, le cas de cette candidate irakienne, accus\u00e9e d\u2019avoir relay\u00e9 des contenus niant les crimes du 7 octobre et diffus\u00e9 des symboles utilis\u00e9s par le Hamas, \u00ab d\u00e9passe le probl\u00e8me de neutralit\u00e9 \u00bb et traduit une volont\u00e9 assum\u00e9e de \u00ab cr\u00e9er une histoire alternative \u00bb. \u00ab Wikip\u00e9dia est l\u2019un des premiers r\u00e9sultats sur Google, la base de nombreux moteurs d\u2019intelligence artificielle. Si des r\u00e9cits biais\u00e9s y sont int\u00e9gr\u00e9s, ils touchent des milliards de lecteurs \u00bb, alerte-t-elle.\u00a0Pour Shlomit Acharoni-Lir, ce n\u2019est pas seulement Isra\u00ebl qui est concern\u00e9, mais \u00ab la transmission m\u00eame de l\u2019histoire \u00bb. Elle rappelle que le projet initial de Wikip\u00e9dia \u2014 partager librement les connaissances \u2014 est d\u00e9voy\u00e9 sur les sujets sensibles, en particulier le conflit isra\u00e9lo-palestinien, o\u00f9 \u00ab un biais clair et constant \u00bb serait observable.\u00a0La chercheuse \u00e9voque l\u2019influence croissante d\u2019un courant \u00ab anti-isra\u00e9lien \u00bb qu\u2019elle distingue du simple soutien \u00e0 la cause palestinienne. \u00ab Il ne s\u2019agit pas seulement d\u2019anti-sionisme, mais d\u2019une n\u00e9gation du droit d\u2019Isra\u00ebl \u00e0 exister \u00bb, affirme-t-elle, d\u00e9non\u00e7ant une \u00ab normalisation de la haine des Juifs \u00bb dans certaines sph\u00e8res, y compris au sein de grandes entreprises technologiques.\u00a0Face \u00e0 ce qu\u2019elle qualifie de \u00ab nouvel antis\u00e9mitisme \u00bb, elle met en garde contre les effets d\u2019une \u00ab ignorance dangereuse \u00bb qui se r\u00e9pand via des plateformes consid\u00e9r\u00e9es comme fiables. \u00ab Ce n\u2019est pas seulement un mauvais signe pour les Juifs, c\u2019est un mauvais signe pour toute soci\u00e9t\u00e9 qui pr\u00e9tend d\u00e9fendre la v\u00e9rit\u00e9 et la neutralit\u00e9 \u00bb, conclut-elle.<\/p>\n","protected":false},"excerpt":{"rendered":"Sur le plateau d\u2019i24NEWS, Shlomit Acharoni-Lir, auteure et chercheuse \u00e0 l\u2019universit\u00e9 de Ha\u00effa, a exprim\u00e9 de vives inqui\u00e9tudes&hellip;\n","protected":false},"author":2,"featured_media":312441,"comment_status":"","ping_status":"","sticky":false,"template":"","format":"standard","meta":{"footnotes":""},"categories":[7],"tags":[1011,27,43,40,41,39,42,44],"class_list":{"0":"post-312440","1":"post","2":"type-post","3":"status-publish","4":"format-standard","5":"has-post-thumbnail","7":"category-sciences-et-technologies","8":"tag-fr","9":"tag-france","10":"tag-science","11":"tag-science-and-technology","12":"tag-sciences","13":"tag-sciences-et-technologies","14":"tag-technologies","15":"tag-technology"},"share_on_mastodon":{"url":"https:\/\/pubeurope.com\/@fr\/115012137400104258","error":""},"_links":{"self":[{"href":"https:\/\/www.europesays.com\/fr\/wp-json\/wp\/v2\/posts\/312440","targetHints":{"allow":["GET"]}}],"collection":[{"href":"https:\/\/www.europesays.com\/fr\/wp-json\/wp\/v2\/posts"}],"about":[{"href":"https:\/\/www.europesays.com\/fr\/wp-json\/wp\/v2\/types\/post"}],"author":[{"embeddable":true,"href":"https:\/\/www.europesays.com\/fr\/wp-json\/wp\/v2\/users\/2"}],"replies":[{"embeddable":true,"href":"https:\/\/www.europesays.com\/fr\/wp-json\/wp\/v2\/comments?post=312440"}],"version-history":[{"count":0,"href":"https:\/\/www.europesays.com\/fr\/wp-json\/wp\/v2\/posts\/312440\/revisions"}],"wp:featuredmedia":[{"embeddable":true,"href":"https:\/\/www.europesays.com\/fr\/wp-json\/wp\/v2\/media\/312441"}],"wp:attachment":[{"href":"https:\/\/www.europesays.com\/fr\/wp-json\/wp\/v2\/media?parent=312440"}],"wp:term":[{"taxonomy":"category","embeddable":true,"href":"https:\/\/www.europesays.com\/fr\/wp-json\/wp\/v2\/categories?post=312440"},{"taxonomy":"post_tag","embeddable":true,"href":"https:\/\/www.europesays.com\/fr\/wp-json\/wp\/v2\/tags?post=312440"}],"curies":[{"name":"wp","href":"https:\/\/api.w.org\/{rel}","templated":true}]}}