{"id":312442,"date":"2025-08-11T20:58:11","date_gmt":"2025-08-11T20:58:11","guid":{"rendered":"https:\/\/www.europesays.com\/fr\/312442\/"},"modified":"2025-08-11T20:58:11","modified_gmt":"2025-08-11T20:58:11","slug":"le-meilleur-serum-anti-age-du-marche","status":"publish","type":"post","link":"https:\/\/www.europesays.com\/fr\/312442\/","title":{"rendered":"Le meilleur s\u00e9rum anti-\u00e2ge du march\u00e9"},"content":{"rendered":"<p>Ah, les rides\u2026 Une pr\u00e9occupation esth\u00e9tique qui taraude bon nombre d\u2019entre nous, \u00e0 des niveaux plus ou moins forts. Pourtant, il s\u2019agit d\u2019un ph\u00e9nom\u00e8ne on ne peut plus <strong>naturel<\/strong> et universel ! La formation de rides et de ridules survient <strong>avec l\u2019\u00e2ge<\/strong>, \u00e0 cause de facteurs internes et externes, \u00e0 savoir le <strong>vieillissement cellulaire<\/strong> naturel et le <strong>stress oxydatif<\/strong>. <\/p>\n<p>Malgr\u00e9 tout, la <strong>course \u00e0 la jeunesse<\/strong> et aux <strong> produits anti-rides<\/strong> ne semble pas pr\u00eate de s\u2019arr\u00eater. Cr\u00e8mes, lotions, compl\u00e9ments alimentaires et autres produits se bousculent dans nos pharmacies et magasins de beaut\u00e9. Les derniers en date, qui font fureur m\u00eame chez les jeunes : les s\u00e9rums. Mais que valent-ils vraiment ? <\/p>\n<p><b>Qu\u2019est-ce qu\u2019un s\u00e9rum ?<\/b><\/p>\n<p>Les s\u00e9rums sontr constitu\u00e9s d\u2019eau et d\u2019<strong>huiles<\/strong> concentr\u00e9es en actifs. Parmi ces derniers, on trouve tr\u00e8s souvent de l\u2019<strong>acide hyaluronique<\/strong>, ainsi que des <strong>vitamines<\/strong> (A, B et\/ou C). Probl\u00e8me ? L\u2019ingr\u00e9dient principal reste bien l\u2019eau, et pour des produits \u00e0 des prix allant de 75 \u00e0 240 euros les 100 millilitres, \u00e7a peut questionner.<\/p>\n<p>C\u2019est pourquoi 60 Millions de Consommateurs a men\u00e9 l\u2019enqu\u00eate. Pour ce faire, le magazine a interrog\u00e9 la Dre Martine Baspeyras, <strong>dermatologue<\/strong> et pr\u00e9sidente de la Soci\u00e9t\u00e9 fran\u00e7aise d\u2019esth\u00e9tique en dermatologie, sur l\u2019efficacit\u00e9 de ces s\u00e9rums : \u201cIl peut y avoir un effet meilleure mine, <strong>repulpant<\/strong>, de peau plus saine, plus \u00e9clatante\u201d, leur a-t-elle r\u00e9pondu. Pour en avoir le c\u0153ur net, le magazine a effectu\u00e9 un banc d\u2019essai r\u00e9unissant un \u00e9chantillon de dix s\u00e9rums repr\u00e9sentatifs du march\u00e9 et communs dans les enseignes de distribution.<\/p>\n<p>R\u00e9sultat ? Plut\u00f4t d\u00e9cevant. Si les <strong>effets ressentis<\/strong> par les personnes ayant test\u00e9 sont satisfaisants, les performances observ\u00e9es scientifiquement le sont beaucoup moins. Sur les dix r\u00e9f\u00e9rences, six n\u2019obtiennent pas la moyenne globale car aucun effet n\u2019a \u00e9t\u00e9 d\u00e9montr\u00e9. Deux autres obtiennent la moyenne de justesse, avec des r\u00e9sultats moindres, et des <strong> effets sur la sant\u00e9<\/strong> et l\u2019environnement discutables. Seules les deux derni\u00e8res r\u00e9f\u00e9rences s\u2019en sortent, non pas haut la main, mais avec un score honorable. D\u00e9couvrons-les.<\/p>\n<p><strong>Deux produits sortent du lot<\/strong><\/p>\n<p>Avec une note de 14,8\/20, le <strong>s\u00e9rum rides et ridules de la marque Typologie<\/strong> prend la premi\u00e8re place. Son prix, de 125 euros les 100 millilitres, se situe dans le tiers le moins cher de l\u2019\u00e9chantillon. Son effet pour la <strong> r\u00e9duction des rides<\/strong> est jug\u00e9 bon, malgr\u00e9 un <strong> effet lissant<\/strong> insuffisant. Le ressenti des testeurs s&rsquo;av\u00e8re aussi tr\u00e8s favorable, tout comme le Cosm\u00e9to\u2019Score : que ce soit sur l\u2019aspect sant\u00e9 ou environnement, ce produit obtient un A. Presqu\u2019un sans faute, bien que les performances r\u00e9elles puissent encore \u00eatre am\u00e9lior\u00e9es !<\/p>\n<p>Le deuxi\u00e8me produit mis en avant lors de ce banc d\u2019essai est le <strong> Liftactiv, de la marque Vichy<\/strong>. \u00c0 157 euros les 100 millilitres, il se situe plut\u00f4t dans la fourchette haute de la <strong>gamme des prix<\/strong>. Mais cela ne l\u2019emp\u00eache pas d\u2019obtenir une note globale de 14,6\/20. Tout comme le s\u00e9rum de Typology, les effets ressentis sont tr\u00e8s bons, et ceux observ\u00e9s scientifiquement sur la r\u00e9duction des rides sont \u00e9galement bons. Quant \u00e0 l\u2019effet lissant, il est jug\u00e9 comme acceptable ici. Quant au Cosm\u00e9to\u2019Score, il est un peu moins bon, avec une note de B. <\/p>\n<p><b>Le meilleur moyen de r\u00e9duire l\u2019apparition des rides !<\/b><\/p>\n<p>Si vous souhaitez <strong>ralentir l&rsquo;apparition de rides<\/strong>, vous savez donc quels s\u00e9rum mettre dans votre panier. Mais gardez en t\u00eate qu\u2019aucun produit n\u2019est miracle, et que l\u2019apparition de rides tient surtout de la <strong> g\u00e9n\u00e9tique<\/strong> et de l\u2019<strong>hygi\u00e8ne de vie<\/strong>. Si vous ne pouvez rien faire pour le ce premier facteur, vous pouvez r\u00e9duire le stress oxydatif de vos cellules en : <\/p>\n<ul>\n<li><strong>arr\u00eatant de fumer<\/strong>, et limitant la <strong>consommation d\u2019alcool<\/strong><\/li>\n<li>\u00e9vitant de <strong>s\u2019exposer au soleil<\/strong>, et appliquer une bonne <strong>protection solaire<\/strong> lorsque c\u2019est le cas<\/li>\n<li>adoptant une <strong> alimentation riche en vitamines et antioxydants<\/strong>, et pauvres en sucres<\/li>\n<li>\u00e9vitant les endroits tr\u00e8s pollu\u00e9s<\/li>\n<li>avoir un bon rythme de sommeil, une bonne hydratation et une activit\u00e9 physique r\u00e9guli\u00e8re.<\/li>\n<\/ul>\n","protected":false},"excerpt":{"rendered":"Ah, les rides\u2026 Une pr\u00e9occupation esth\u00e9tique qui taraude bon nombre d\u2019entre nous, \u00e0 des niveaux plus ou moins&hellip;\n","protected":false},"author":2,"featured_media":312443,"comment_status":"","ping_status":"","sticky":false,"template":"","format":"standard","meta":{"footnotes":""},"categories":[6],"tags":[35,33,34,1011,27],"class_list":{"0":"post-312442","1":"post","2":"type-post","3":"status-publish","4":"format-standard","5":"has-post-thumbnail","7":"category-economie","8":"tag-business","9":"tag-economie","10":"tag-economy","11":"tag-fr","12":"tag-france"},"share_on_mastodon":{"url":"https:\/\/pubeurope.com\/@fr\/115012141315685690","error":""},"_links":{"self":[{"href":"https:\/\/www.europesays.com\/fr\/wp-json\/wp\/v2\/posts\/312442","targetHints":{"allow":["GET"]}}],"collection":[{"href":"https:\/\/www.europesays.com\/fr\/wp-json\/wp\/v2\/posts"}],"about":[{"href":"https:\/\/www.europesays.com\/fr\/wp-json\/wp\/v2\/types\/post"}],"author":[{"embeddable":true,"href":"https:\/\/www.europesays.com\/fr\/wp-json\/wp\/v2\/users\/2"}],"replies":[{"embeddable":true,"href":"https:\/\/www.europesays.com\/fr\/wp-json\/wp\/v2\/comments?post=312442"}],"version-history":[{"count":0,"href":"https:\/\/www.europesays.com\/fr\/wp-json\/wp\/v2\/posts\/312442\/revisions"}],"wp:featuredmedia":[{"embeddable":true,"href":"https:\/\/www.europesays.com\/fr\/wp-json\/wp\/v2\/media\/312443"}],"wp:attachment":[{"href":"https:\/\/www.europesays.com\/fr\/wp-json\/wp\/v2\/media?parent=312442"}],"wp:term":[{"taxonomy":"category","embeddable":true,"href":"https:\/\/www.europesays.com\/fr\/wp-json\/wp\/v2\/categories?post=312442"},{"taxonomy":"post_tag","embeddable":true,"href":"https:\/\/www.europesays.com\/fr\/wp-json\/wp\/v2\/tags?post=312442"}],"curies":[{"name":"wp","href":"https:\/\/api.w.org\/{rel}","templated":true}]}}