{"id":312444,"date":"2025-08-11T20:59:11","date_gmt":"2025-08-11T20:59:11","guid":{"rendered":"https:\/\/www.europesays.com\/fr\/312444\/"},"modified":"2025-08-11T20:59:11","modified_gmt":"2025-08-11T20:59:11","slug":"en-irak-une-panne-geante-delectricite-en-raison-de-temperatures-record-et-de-la-consommation-le-monde-fr","status":"publish","type":"post","link":"https:\/\/www.europesays.com\/fr\/312444\/","title":{"rendered":"En Irak, une panne g\u00e9ante d\u2019\u00e9lectricit\u00e9 en raison de \u00ab temp\u00e9ratures record \u00bb et de la consommation &#8211; Le Monde.fr"},"content":{"rendered":"<ol>\n<li><a href=\"https:\/\/news.google.com\/rss\/articles\/CBMi-wFBVV95cUxOT3Z1QVRGTnV0QmJ4UWk5S3pkTVFtaDJxRGlWcGhOWlBtWDN4amFmRGN4emxiaUV6VkZGdHA0MFlyT2NPc0RGaFRKT2JPV1NDbWZCdE84SGU4cTlBclBWQnF1bzk5TnZFRUtUbEp0QWFwZUp1eFc0Q24wMm9vaGM0YmplbEswT29hXy1TaDJ3c1p4MWpXTG8tdFNGZVhsZlZvN0YzSlhOMThYUjU1QTAyb3o1cGFIUnJsdHRyelhQQlA3bmV6T1c0aTlDZnFYSWxLZC1wTDRXUWluVE9xZG02YXNpVVFmTFFZWGRKMVQ2SnRoOVBWVktDTWVyMA?oc=5\" target=\"_blank\" rel=\"nofollow noopener\">En Irak, une panne g\u00e9ante d\u2019\u00e9lectricit\u00e9 en raison de \u00ab temp\u00e9ratures record \u00bb et de la consommation<\/a>&nbsp;&nbsp;Le Monde.fr<\/li>\n<li><a href=\"https:\/\/news.google.com\/rss\/articles\/CBMitwFBVV95cUxOUXQtVDZGVTIyeWlQVEQ4SExpcFR3R3NpTzh5cnNlekFDTXRlSk9kRXBReF9TZXR2eVExUXNDMDdETDU2RV9PQWs0d1RTWnA1OFczWnlQSUU0NVVSZ1dQUnJQNGNUemxJRnU3cVpiRkhubHFrZ0lxMEJlZlIteEVneDZONUV6NTdxenBLbjlpaVhENUtRVlNKXzN3Y3ppQ3VIeEhEbFRwckdoQUYtb21ZSVdTT190Rm8?oc=5\" target=\"_blank\" rel=\"nofollow noopener\">Canicule, surconsommation: l\u2019Irak touch\u00e9 par une panne g\u00e9ante d&rsquo;\u00e9lectricit\u00e9<\/a>&nbsp;&nbsp;Le Figaro<\/li>\n<li><a href=\"https:\/\/news.google.com\/rss\/articles\/CBMi4gFBVV95cUxNMEczckI5RzRsOFhNRzY0ekVRSnM4Z1p2OGdlUHVzUm84Z0plQWZ5SU5XQkxrTHRxelZBaUI1WWZHbGlOcEhsZVBIdjFyTXhIdWhrLWFqUHNnNGhQeU1fdnYxVko0NHNvMVl5OVY0Q2lOS3hIaUtKYm1XRUtpckhjYXc2eXhtSEMxQV9lNEl2VlRiTUlvOVRodzVEWmRQR1BfWmNoaHJNakdKTkRCSkc0Vmk3a1pJcnpoTllJc3cySmNsZXBQdkpUeFZlbWppYmhlbkptNlNacDhLUU9KNkN0bTVR?oc=5\" target=\"_blank\" rel=\"nofollow noopener\">L\u2019Iraq touch\u00e9 par une panne d\u2019\u00e9lectricit\u00e9 suite \u00e0 l\u2019arr\u00eat d\u2019une centrale dans la province d\u2019Anbar<\/a>&nbsp;&nbsp;Investing.com France<\/li>\n<li><a href=\"https:\/\/news.google.com\/rss\/articles\/CBMi7gFBVV95cUxNRnJzWUN5N0RMUjJkNHg5aDlrekk0QmNBUml2RVdoVmI1UFNTSGhOVUxwOW9ycWQ1b1l0WmxSUmQwV01wUkVCRUc1RkoyTlBtb2NDd2kyNXVEM2l4Q1lETVRnZ0NQaUNRUGlCTS1PRWYtbmtnSzY0cVlmMEt3MUdBem9TbkpjbXY1eHA4WXhQLUEzbTltMWx6N3cxRmRPRUU5bkVVUDREZjczd2c0X3B5anpwZUFzZDlib0E1dFBHcllPd1pTZDdtdzlFN3czNE9iTldOZFg3MWw4Rk9QUURTMGMyZFA4LXZwYVRMblhR?oc=5\" target=\"_blank\" rel=\"nofollow noopener\">En Irak, une \u00ab\u00a0panne totale\u00a0\u00bb d&rsquo;\u00e9lectricit\u00e9 en raison de \u00ab\u00a0temp\u00e9ratures record\u00a0\u00bb et d&rsquo;une augmentation de la consommation<\/a>&nbsp;&nbsp;France Info<\/li>\n<li><a href=\"https:\/\/news.google.com\/rss\/articles\/CBMiuwFBVV95cUxPT2tfMHVvUVQwNGxuWmFNaFRoNlUxV3N3VUpRVTBILTJGdUhfZ2szOXJHVWFCRUdRTl9Oa09Ga2xzaV9BSUY4TklRbDJBYzZNU2VralFkT1NyX1hLOWduUzNJSXZ2Zmk3V01LQndMc1owRlBFa1RmTXJVNkRYam81a2JDbnBBSHNMWnJ4TWdMV2tjLTJPZkloWU40WFpiVG9tQVdIMmRqYllHUzRhX0pQSTVxby1yYlQxLTFr?oc=5\" target=\"_blank\" rel=\"nofollow noopener\">Panne d&rsquo;\u00e9lectricit\u00e9 majeure dans le centre et le sud de l&rsquo;Irak : le courant progressivement restaur\u00e9<\/a>&nbsp;&nbsp;Zonebourse Suisse<\/li>\n<\/ol>\n","protected":false},"excerpt":{"rendered":"En Irak, une panne g\u00e9ante d\u2019\u00e9lectricit\u00e9 en raison de \u00ab temp\u00e9ratures record \u00bb et de la consommation&nbsp;&nbsp;Le Monde.fr&hellip;\n","protected":false},"author":2,"featured_media":1445,"comment_status":"","ping_status":"","sticky":false,"template":"","format":"standard","meta":{"footnotes":""},"categories":[5],"tags":[11,1011,27,14,12,28],"class_list":{"0":"post-312444","1":"post","2":"type-post","3":"status-publish","4":"format-standard","5":"has-post-thumbnail","7":"category-international","8":"tag-actualites","9":"tag-fr","10":"tag-france","11":"tag-international","12":"tag-news","13":"tag-world"},"share_on_mastodon":{"url":"https:\/\/pubeurope.com\/@fr\/115012145228129937","error":""},"_links":{"self":[{"href":"https:\/\/www.europesays.com\/fr\/wp-json\/wp\/v2\/posts\/312444","targetHints":{"allow":["GET"]}}],"collection":[{"href":"https:\/\/www.europesays.com\/fr\/wp-json\/wp\/v2\/posts"}],"about":[{"href":"https:\/\/www.europesays.com\/fr\/wp-json\/wp\/v2\/types\/post"}],"author":[{"embeddable":true,"href":"https:\/\/www.europesays.com\/fr\/wp-json\/wp\/v2\/users\/2"}],"replies":[{"embeddable":true,"href":"https:\/\/www.europesays.com\/fr\/wp-json\/wp\/v2\/comments?post=312444"}],"version-history":[{"count":0,"href":"https:\/\/www.europesays.com\/fr\/wp-json\/wp\/v2\/posts\/312444\/revisions"}],"wp:featuredmedia":[{"embeddable":true,"href":"https:\/\/www.europesays.com\/fr\/wp-json\/wp\/v2\/media\/1445"}],"wp:attachment":[{"href":"https:\/\/www.europesays.com\/fr\/wp-json\/wp\/v2\/media?parent=312444"}],"wp:term":[{"taxonomy":"category","embeddable":true,"href":"https:\/\/www.europesays.com\/fr\/wp-json\/wp\/v2\/categories?post=312444"},{"taxonomy":"post_tag","embeddable":true,"href":"https:\/\/www.europesays.com\/fr\/wp-json\/wp\/v2\/tags?post=312444"}],"curies":[{"name":"wp","href":"https:\/\/api.w.org\/{rel}","templated":true}]}}