{"id":312449,"date":"2025-08-11T21:02:19","date_gmt":"2025-08-11T21:02:19","guid":{"rendered":"https:\/\/www.europesays.com\/fr\/312449\/"},"modified":"2025-08-11T21:02:19","modified_gmt":"2025-08-11T21:02:19","slug":"saint-etienne-lentreprise-de-metallurgie-novasco-ex-ascometal-place-en-redressement-judiciaire","status":"publish","type":"post","link":"https:\/\/www.europesays.com\/fr\/312449\/","title":{"rendered":"Saint-\u00c9tienne. L&rsquo;entreprise de m\u00e9tallurgie Novasco (ex-Ascom\u00e9tal) plac\u00e9 en redressement judiciaire"},"content":{"rendered":"<p>D\u00e9cid\u00e9ment, le m\u00e9tallurgiste Novasco ne s\u2019en sort pas. Sp\u00e9cialis\u00e9 dans la fabrication d\u2019aciers sp\u00e9ciaux, notamment pour le secteur automobile, il emploie, avec ses sites d\u2019usinage et de parach\u00e8vement, \u00e0 Custines (Meurthe-et-Moselle), Saint-Etienne, Leffrinckoucke (Nord) et Hagondange (Moselle), quelque 760 salari\u00e9s, sans compter les emplois indirects. Des salari\u00e9s qui naviguent entre un sentiment de col\u00e8re et d\u2019inqui\u00e9tude.<\/p>\n<p>Un an apr\u00e8s sa reprise, en juillet\u00a02024, par le fonds d\u2019investissement britannique Greybull Capital, Novasco, ex-Ascom\u00e9tal, est aujourd\u2019hui \u00e0 nouveau en grande difficult\u00e9.\u00a0Les syndicats craignaient une nouvelle mise en redressement judiciaire, voire une liquidation de leur entreprise.<\/p>\n<p>  Promesse non tenue par le nouvel actionnaire<\/p>\n<p>Le tribunal de Strasbourg s\u2019est prononc\u00e9, ce lundi\u00a0: ce sera une proc\u00e9dure de redressement judiciaire. Il a fix\u00e9 \u00e0 fin septembre la date de limite de d\u00e9p\u00f4ts de projets de reprise.<\/p>\n<p>Le nouvel actionnaire n\u2019a pas inject\u00e9 les 90\u00a0millions d\u2019euros promis. Il aurait seulement vers\u00e9, selon les syndicats, 1,5\u00a0million d\u2019euros. L\u2019\u00c9tat, lui, a bien accompagn\u00e9 Novasco en lui apportant 75\u00a0millions d\u2019euros mais \u00e7a n\u2019a pas suffi. Dix millions d\u2019euros suppl\u00e9mentaires, provenant toujours de l\u2019\u00c9tat fran\u00e7ais, sont attendus ce mois.<\/p>\n<p>Avec l\u2019ouverture, fin juin, d\u2019une proc\u00e9dure de conciliation, des candidats \u00e0 la reprise avaient d\u00e9j\u00e0 \u00e9t\u00e9 auditionn\u00e9s. Certains se seraient montr\u00e9s int\u00e9ress\u00e9s par certains sites mais pas par le principal, Hagondange, qui emploie 450 personnes en Moselle.<\/p>\n<p>  Des salari\u00e9s inquiets \u00e0 Saint-\u00c9tienne<\/p>\n<p>\u00c0 Saint-\u00c9tienne, sur le site du Marais, c\u2019est <a href=\"https:\/\/www.leprogres.fr\/economie\/2025\/07\/23\/novasco-(ex-ascometal)-de-nouveau-menace-les-salaries-stephanois-inquiets\" target=\"_blank\" rel=\"nofollow noopener\">une quarantaine de salari\u00e9s et une dizaine d\u2019int\u00e9rimaires qui font tourner l\u2019usine<\/a>. Une usine sp\u00e9cialis\u00e9e dans le parach\u00e8vement, c\u2019est-\u00e0-dire la finition des barres de m\u00e9tal produites par l\u2019aci\u00e9rie du groupe.\u00a090\u00a0% de l\u2019activit\u00e9 est d\u00e9sormais r\u00e9alis\u00e9e pour le compte de Jtekt Lyon, \u00e0 qui Novasco Le Marais fournit 10\u00a0000\u00a0\u00e0 12\u00a0000 cr\u00e9maill\u00e8res de direction par jour.<\/p>\n<p>\u00ab\u00a0Au fil des ann\u00e9es, nous sommes devenus tr\u00e8s d\u00e9pendants de Jtekt Lyon, ce qui est un facteur de fragilit\u00e9. D\u2019autant que, comme ce client est touch\u00e9 par la crise automobile, nous avons perdu des volumes\u00a0\u00bb, pr\u00e9cisait, il y a quelques jours, Lo\u00efc Devis, secr\u00e9taire CFDT du CSE Novasco Le Marais. Comme tous les salari\u00e9s du site, il retenait son souffle. \u00ab\u00a0Nous sommes tr\u00e8s inquiets, encore plus que l\u2019ann\u00e9e derni\u00e8re. En 10 ans, c\u2019est la quatri\u00e8me fois qu\u2019on va se retrouver en redressement judiciaire. Au fil des reprises, on a eu de moins en moins de repreneurs int\u00e9ress\u00e9s. Il y a un an, il n\u2019y en avait plus qu\u2019un. Est-ce qu\u2019un investisseur va vouloir reprendre tous les sites cette fois\u00a0?\u00a0\u00bb<\/p>\n<p>Apr\u00e8s la pause estivale, le travail doit th\u00e9oriquement reprendre le 25\u00a0ao\u00fbt sur les diff\u00e9rents sites.<\/p>\n","protected":false},"excerpt":{"rendered":"D\u00e9cid\u00e9ment, le m\u00e9tallurgiste Novasco ne s\u2019en sort pas. Sp\u00e9cialis\u00e9 dans la fabrication d\u2019aciers sp\u00e9ciaux, notamment pour le secteur&hellip;\n","protected":false},"author":2,"featured_media":312450,"comment_status":"","ping_status":"","sticky":false,"template":"","format":"standard","meta":{"footnotes":""},"categories":[9653],"tags":[1111,11,2430,33,7539,1777,674,107,1011,27,693,3367,12,25,4001,7538],"class_list":{"0":"post-312449","1":"post","2":"type-post","3":"status-publish","4":"format-standard","5":"has-post-thumbnail","7":"category-saint-etienne","8":"tag-actu","9":"tag-actualites","10":"tag-auvergne-rhone-alpes","11":"tag-economie","12":"tag-edition-loire-sud","13":"tag-eu","14":"tag-europe","15":"tag-fil-info","16":"tag-fr","17":"tag-france","18":"tag-industrie","19":"tag-loire","20":"tag-news","21":"tag-republique-francaise","22":"tag-saint-etienne","23":"tag-saint-etienne-ville"},"share_on_mastodon":{"url":"https:\/\/pubeurope.com\/@fr\/115012157151627998","error":""},"_links":{"self":[{"href":"https:\/\/www.europesays.com\/fr\/wp-json\/wp\/v2\/posts\/312449","targetHints":{"allow":["GET"]}}],"collection":[{"href":"https:\/\/www.europesays.com\/fr\/wp-json\/wp\/v2\/posts"}],"about":[{"href":"https:\/\/www.europesays.com\/fr\/wp-json\/wp\/v2\/types\/post"}],"author":[{"embeddable":true,"href":"https:\/\/www.europesays.com\/fr\/wp-json\/wp\/v2\/users\/2"}],"replies":[{"embeddable":true,"href":"https:\/\/www.europesays.com\/fr\/wp-json\/wp\/v2\/comments?post=312449"}],"version-history":[{"count":0,"href":"https:\/\/www.europesays.com\/fr\/wp-json\/wp\/v2\/posts\/312449\/revisions"}],"wp:featuredmedia":[{"embeddable":true,"href":"https:\/\/www.europesays.com\/fr\/wp-json\/wp\/v2\/media\/312450"}],"wp:attachment":[{"href":"https:\/\/www.europesays.com\/fr\/wp-json\/wp\/v2\/media?parent=312449"}],"wp:term":[{"taxonomy":"category","embeddable":true,"href":"https:\/\/www.europesays.com\/fr\/wp-json\/wp\/v2\/categories?post=312449"},{"taxonomy":"post_tag","embeddable":true,"href":"https:\/\/www.europesays.com\/fr\/wp-json\/wp\/v2\/tags?post=312449"}],"curies":[{"name":"wp","href":"https:\/\/api.w.org\/{rel}","templated":true}]}}