{"id":312453,"date":"2025-08-11T21:04:58","date_gmt":"2025-08-11T21:04:58","guid":{"rendered":"https:\/\/www.europesays.com\/fr\/312453\/"},"modified":"2025-08-11T21:04:58","modified_gmt":"2025-08-11T21:04:58","slug":"marche-passerelles-et-ponts-avec-lagence-du-patrimoine-et-de-la-culture-industrielle-neodomienne","status":"publish","type":"post","link":"https:\/\/www.europesays.com\/fr\/312453\/","title":{"rendered":"Marche Passerelles et ponts avec l\u2019agence du patrimoine et de la culture industrielle n\u00e9odomienne"},"content":{"rendered":"<p class=\"note\">Pour d\u00e9couvrir le patrimoine industriel d\u2019une autre mani\u00e8re, l\u2019APCI organise une marche de 9\u00a0km, d\u2019environ 3\u00a0h\u00a030, sur les passerelles et ponts en Moselle et Madon. De la passerelle Eiffel de Richardm\u00e9nil, en passant par le pont de M\u00e9r\u00e9ville et les passerelles sur le Madon et la Moselle \u00e0 Pont-Saint-Vincent, vous d\u00e9couvrirez l\u2019histoire du nom de cette petite ville avec son ancien pont m\u00e9di\u00e9val. Il vous sera \u00e9galement expliqu\u00e9 le d\u00e9veloppement de l\u2019activit\u00e9 humaine et l\u2019\u00e9volution de la technologie des ponts gr\u00e2ce \u00e0 l\u2019industrie du fer et \u00e0 l\u2019ing\u00e9niosit\u00e9 de Gustave Eiffel. Lundi 18\u00a0ao\u00fbt, \u00e0 15\u00a0h, Mine du Val de Fer, carreau de la Mine, rue du Val-de-Fer, \u00e0 Neuves-Maisons. Tarif\u00a0: 10\u00a0\u20ac. R\u00e9servations au 06\u00a095\u00a048\u00a017\u00a064 ou par mail \u00e0 minedeneuvesmaisons@gmail.com<\/p>\n","protected":false},"excerpt":{"rendered":"Pour d\u00e9couvrir le patrimoine industriel d\u2019une autre mani\u00e8re, l\u2019APCI organise une marche de 9\u00a0km, d\u2019environ 3\u00a0h\u00a030, sur les&hellip;\n","protected":false},"author":2,"featured_media":312454,"comment_status":"","ping_status":"","sticky":false,"template":"","format":"standard","meta":{"footnotes":""},"categories":[9635],"tags":[1111,11,7782,9848,1687,1704,1777,674,1011,27,775,1702,9847,12,25],"class_list":{"0":"post-312453","1":"post","2":"type-post","3":"status-publish","4":"format-standard","5":"has-post-thumbnail","7":"category-nancy","8":"tag-actu","9":"tag-actualites","10":"tag-balades-et-randonnees","11":"tag-cc-moselle-et-madon-54b","12":"tag-culture-loisirs","13":"tag-edition-nancy-et-agglomeration","14":"tag-eu","15":"tag-europe","16":"tag-fr","17":"tag-france","18":"tag-grand-est","19":"tag-nancy","20":"tag-neuves-maisons","21":"tag-news","22":"tag-republique-francaise"},"share_on_mastodon":{"url":"https:\/\/pubeurope.com\/@fr\/115012168799275613","error":""},"_links":{"self":[{"href":"https:\/\/www.europesays.com\/fr\/wp-json\/wp\/v2\/posts\/312453","targetHints":{"allow":["GET"]}}],"collection":[{"href":"https:\/\/www.europesays.com\/fr\/wp-json\/wp\/v2\/posts"}],"about":[{"href":"https:\/\/www.europesays.com\/fr\/wp-json\/wp\/v2\/types\/post"}],"author":[{"embeddable":true,"href":"https:\/\/www.europesays.com\/fr\/wp-json\/wp\/v2\/users\/2"}],"replies":[{"embeddable":true,"href":"https:\/\/www.europesays.com\/fr\/wp-json\/wp\/v2\/comments?post=312453"}],"version-history":[{"count":0,"href":"https:\/\/www.europesays.com\/fr\/wp-json\/wp\/v2\/posts\/312453\/revisions"}],"wp:featuredmedia":[{"embeddable":true,"href":"https:\/\/www.europesays.com\/fr\/wp-json\/wp\/v2\/media\/312454"}],"wp:attachment":[{"href":"https:\/\/www.europesays.com\/fr\/wp-json\/wp\/v2\/media?parent=312453"}],"wp:term":[{"taxonomy":"category","embeddable":true,"href":"https:\/\/www.europesays.com\/fr\/wp-json\/wp\/v2\/categories?post=312453"},{"taxonomy":"post_tag","embeddable":true,"href":"https:\/\/www.europesays.com\/fr\/wp-json\/wp\/v2\/tags?post=312453"}],"curies":[{"name":"wp","href":"https:\/\/api.w.org\/{rel}","templated":true}]}}