{"id":312457,"date":"2025-08-11T21:08:32","date_gmt":"2025-08-11T21:08:32","guid":{"rendered":"https:\/\/www.europesays.com\/fr\/312457\/"},"modified":"2025-08-11T21:08:32","modified_gmt":"2025-08-11T21:08:32","slug":"zach-mercer-vise-la-legende-avec-toulon","status":"publish","type":"post","link":"https:\/\/www.europesays.com\/fr\/312457\/","title":{"rendered":"Zach Mercer vise la l\u00e9gende avec Toulon"},"content":{"rendered":"<p><strong>L\u2019Anglais ambitionne de marquer le RCT de son empreinte, \u00e0 l\u2019image de Wilkinson, tout en capitalisant sur sa blessure pour revenir plus fort.<\/strong><\/p>\n<p>De retour en Top 14 apr\u00e8s deux saisons \u00e0 Gloucester, Zach Mercer affiche des objectifs clairs : conqu\u00e9rir le Bouclier de Brennus et la Champions Cup avec Toulon. L\u2019ancien montpelli\u00e9rain, \u00e9lu meilleur joueur du championnat en 2022, aspire \u00e0 suivre les traces de Jonny Wilkinson, ic\u00f4ne du club varois. \u00ab Si j\u2019accomplis la moiti\u00e9 de ce qu\u2019il a fait ici, ce sera d\u00e9j\u00e0 immense \u00bb, confie-t-il, conscient du d\u00e9fi.<\/p>\n<p>Sa derni\u00e8re saison, perturb\u00e9e par une blessure au genou, a paradoxalement renforc\u00e9 sa d\u00e9termination. Loin des terrains pendant sept mois, le troisi\u00e8me ligne y a puis\u00e9 une \u00e9nergie nouvelle. \u00ab Cette pause m\u2019a permis de me r\u00e9g\u00e9n\u00e9rer physiquement et mentalement. Apr\u00e8s des ann\u00e9es sans r\u00e9pit, j\u2019ai retrouv\u00e9 une faim de jouer encore plus vive \u00bb, explique-t-il. Un temps pr\u00e9cieux qu\u2019il a \u00e9galement consacr\u00e9 \u00e0 sa famille, une parenth\u00e8se in\u00e9dite dans sa carri\u00e8re.<\/p>\n<p>Pr\u00eat \u00e0 relancer sa carri\u00e8re sous les couleurs toulonnaises, Mercer pourrait effectuer son grand retour d\u00e8s la premi\u00e8re journ\u00e9e\u2026 face \u00e0 son ancien club, Montpellier. Une renaissance \u00e0 suivre de pr\u00e8s.<\/p>\n","protected":false},"excerpt":{"rendered":"L\u2019Anglais ambitionne de marquer le RCT de son empreinte, \u00e0 l\u2019image de Wilkinson, tout en capitalisant sur sa&hellip;\n","protected":false},"author":2,"featured_media":312458,"comment_status":"","ping_status":"","sticky":false,"template":"","format":"standard","meta":{"footnotes":""},"categories":[9619],"tags":[1111,11,1777,674,1011,27,12,882,25,2310],"class_list":{"0":"post-312457","1":"post","2":"type-post","3":"status-publish","4":"format-standard","5":"has-post-thumbnail","7":"category-toulon","8":"tag-actu","9":"tag-actualites","10":"tag-eu","11":"tag-europe","12":"tag-fr","13":"tag-france","14":"tag-news","15":"tag-provence-alpes-cote-dazur","16":"tag-republique-francaise","17":"tag-toulon"},"share_on_mastodon":{"url":"https:\/\/pubeurope.com\/@fr\/115012180570797392","error":""},"_links":{"self":[{"href":"https:\/\/www.europesays.com\/fr\/wp-json\/wp\/v2\/posts\/312457","targetHints":{"allow":["GET"]}}],"collection":[{"href":"https:\/\/www.europesays.com\/fr\/wp-json\/wp\/v2\/posts"}],"about":[{"href":"https:\/\/www.europesays.com\/fr\/wp-json\/wp\/v2\/types\/post"}],"author":[{"embeddable":true,"href":"https:\/\/www.europesays.com\/fr\/wp-json\/wp\/v2\/users\/2"}],"replies":[{"embeddable":true,"href":"https:\/\/www.europesays.com\/fr\/wp-json\/wp\/v2\/comments?post=312457"}],"version-history":[{"count":0,"href":"https:\/\/www.europesays.com\/fr\/wp-json\/wp\/v2\/posts\/312457\/revisions"}],"wp:featuredmedia":[{"embeddable":true,"href":"https:\/\/www.europesays.com\/fr\/wp-json\/wp\/v2\/media\/312458"}],"wp:attachment":[{"href":"https:\/\/www.europesays.com\/fr\/wp-json\/wp\/v2\/media?parent=312457"}],"wp:term":[{"taxonomy":"category","embeddable":true,"href":"https:\/\/www.europesays.com\/fr\/wp-json\/wp\/v2\/categories?post=312457"},{"taxonomy":"post_tag","embeddable":true,"href":"https:\/\/www.europesays.com\/fr\/wp-json\/wp\/v2\/tags?post=312457"}],"curies":[{"name":"wp","href":"https:\/\/api.w.org\/{rel}","templated":true}]}}