{"id":312461,"date":"2025-08-11T21:10:14","date_gmt":"2025-08-11T21:10:14","guid":{"rendered":"https:\/\/www.europesays.com\/fr\/312461\/"},"modified":"2025-08-11T21:10:14","modified_gmt":"2025-08-11T21:10:14","slug":"terrible-accident-a-montpellier-apres-24-jours-de-coma-lucas-20-ans-est-sauve-cest-un-miracle","status":"publish","type":"post","link":"https:\/\/www.europesays.com\/fr\/312461\/","title":{"rendered":"Terrible accident \u00e0 Montpellier. Apr\u00e8s 24 jours de coma, Lucas, 20 ans est sauv\u00e9 : \u00ab\u00a0C&rsquo;est un miracle\u00a0\u00bb"},"content":{"rendered":"<p>            Par<br \/>\n        <strong><br \/>\n            <a href=\"https:\/\/actu.fr\/auteur\/jm-aubert\" title=\"Consulter tous les articles de Jean-Marc Aubert\" target=\"_blank\" rel=\"noopener\">Jean-Marc Aubert<\/a><br \/>\n        <\/strong><\/p>\n<p>        Publi\u00e9 le<\/p>\n<p>            11 ao\u00fbt 2025 \u00e0 18h30<br \/>\n        ; mis \u00e0 jour le 11 ao\u00fbt 2025 \u00e0 19h04    <\/p>\n<p>C\u2019est une histoire bouleversante qui illustre la r\u00e9alit\u00e9 des <strong>accidents de la route<\/strong> et tr\u00e8s souvent de terribles cons\u00e9quences pour les victimes et les familles, qui se retrouvent d\u00e9sempar\u00e9s. Depuis juin dernier, Alexandra veille sur son fils Lucas, \u00e2g\u00e9 de 20 ans, dans sa chambre du<strong> CHU de Montpellier<\/strong>. Tr\u00e8s gri\u00e8vement bless\u00e9, admis avec un pronostic vital engag\u00e9, Lucas a repris connaissance apr\u00e8s 24 jours de coma. <strong>T\u00e9moignage.<\/strong><\/p>\n<p class=\" wall-content\">La vie a bascul\u00e9 pour cette famille dans la nuit du dimanche 22 au lundi 23 juin 2025, \u00e0 1h30, quand une moto sur laquelle Lucas \u00e9tait passager a violemment quitt\u00e9 une voie sur l\u2019avenue de la Libert\u00e9, \u00e0 Montpellier, au niveau de l\u2019avenue de Toulouse, dans le sens Pr\u00e8s d\u2019Ar\u00e8nes-Mosson. Dans le choc, une des roues s\u2019est d\u00e9sint\u00e9gr\u00e9e. \u00ab\u00a0Il s\u2019av\u00e8re que le copain de mon fils qui roulait \u00e0 vitesse excessive, de l\u2019ordre de 150km au lieu des 50 autoris\u00e9s sur une moto de plus d\u00e9fectueuse, n\u2019est pas titulaire du permis de conduire. Lucas a \u00e9t\u00e9 \u00e9ject\u00e9 et projet\u00e9 violemment contre un panneau publicitaire. Le pilote, un simple copain de mon fils, pas un ami, est sorti indemne de l\u2019accident. Ce conducteur \u00e2g\u00e9 de 19 ans et demi devait \u00eatre auditionn\u00e9 au commissariat central de Montpellier, mais il est parti la nuit m\u00eame de Montpellier sans passer par la case commissariat de police, pour se rendre chez sa m\u00e8re \u00e0 Toulouse, alors que Lucas luttait contre la mort. Depuis, on n\u2019a plus aucune nouvelle\u00a0\u00bb, r\u00e9v\u00e8le Alexandra, choqu\u00e9e par cette situation.<\/p>\n<p>    <a href=\"https:\/\/www.google.com\/maps\/embed?pb=!1m18!1m12!1m3!1d11042.222154599995!2d3.845517101354455!3d43.63201871845344!2m3!1f0!2f0!3f0!3m2!1i1024!2i768!4f13.1!3m3!1m2!1s0x12b6af00671f0747%3A0x8c3bc788b83ffea!2sCHU%20Montpellier%2C%2034561%20Montpellier%2C%20France!5e0!3m2!1sfr!2sfr!4v1754926957341!5m2!1sfr!2sfr\" title=\"Ouvrie le lien\" target=\"_blank\" rel=\"noopener\">Cliquez ici pour visualiser le contenu<\/a><\/p>\n<p class=\" wall-content\">Supervis\u00e9e par le parquet de Montpellier, une <strong>enqu\u00eate<\/strong> est en cours \u00e0 la brigade des accidents et des d\u00e9lits routiers de l\u2019h\u00f4tel de police d\u2019ici et le chauffard devrait \u00eatre convoqu\u00e9 ult\u00e9rieurement pour \u00eatre entendu. La maman de Lucas a d\u00e9pos\u00e9 plainte et s\u2019est constitu\u00e9e partie civile via un avocat.<\/p>\n<p>    <img   decoding=\"async\" loading=\"lazy\" src=\"https:\/\/www.europesays.com\/fr\/wp-content\/uploads\/2025\/08\/0-80-7-960x640.jpeg\" alt=\"La chambre de Lucas au CHU de Montpellier est magnifiquement d\u00e9cor\u00e9e \" width=\"960\" height=\"640\"\/><br \/>\n    La chambre de Lucas au CHU de Montpellier est magnifiquement d\u00e9cor\u00e9e (\u00a9M\u00e9tropolitain)<\/p>\n<p class=\" wall-content\">Le quotidien d\u2019Alexandra est d\u00e9sormais bien huil\u00e9 : tous les jours, elle se rend au chevet de son fils, <strong>m\u00e9canicien<\/strong> de profession, dont il est fier d\u2019avoir obtenu son dipl\u00f4me pour rentrer dans la vie active. Elle garde espoir qu\u2019il ne conserve pas trop de graves s\u00e9quelles, elle prie pour qu\u2019il puisse reprendre son travail dans la m\u00e9canique.<\/p>\n<p>Vid\u00e9os : en ce moment sur Actu<\/p>\n<p class=\" wall-content\">Cinquante jours apr\u00e8s l\u2019accident, Lucas a quitt\u00e9 le d\u00e9partement anesth\u00e9sie r\u00e9animation -DAR A- pour \u00eatre hospitalis\u00e9 dans l\u2019unit\u00e9 de M\u00e9decine physique et de r\u00e9adaptation, MPR. Pour l\u2019heure, en raison de son \u00e9tat, il ne peut pas encore suivre une r\u00e9\u00e9ducation dans un centre sp\u00e9cialis\u00e9 d\u2019ici. \u00ab\u00a0Lucas peut s\u2019alimenter d\u00e9sormais, c\u2019est moi qui le fait manger tous les jours. Depuis quelques temps, il prononce quelques phrases. J\u2019ai appris qu\u2019un de ses meilleurs amis avait demand\u00e9 au pilote de ne pas conduire sa moto, le soir de l\u2019accident, car une des roues \u00e9tait en trop mauvais \u00e9tat, c\u2019est d\u2019ailleurs celle qui a explos\u00e9 \u00ab\u00a0, souligne Alexandra, accabl\u00e9e.<\/p>\n<p>\u00ab\u00a0C\u2019est un miracul\u00e9\u00a0\u00bb<\/p>\n<p class=\" wall-content\">Lucas est rest\u00e9 24 jours dans le coma au DAR, avant d\u2019\u00eatre transf\u00e9r\u00e9 dans le service des soins intensifs au bout de 44 jours en r\u00e9animation puis au MPR, avant d\u2019ouvrir les yeux le 16 juillet dernier. \u00ab\u00a0Les s\u00e9quelles sont impossible \u00e0 \u00e9valuer pour l\u2019instant, mais les m\u00e9decins disent que c\u2019est <strong>un miracul\u00e9<\/strong> et que c\u2019est aussi la force de ses 20 ans qui l\u2019aide. Je tiens un journal de bord depuis que suis l\u00e0. Il y a beaucoup de jeunes victimes d\u2019accidents graves de moto, de scooter, de v\u00e9lo et de trottinette qui arrivent au DAR. J\u2019ai cr\u00e9\u00e9 un lien tr\u00e8s fort avec les autres parents. Mais deux familles ont \u00e9t\u00e9 dans la douleur : durant l\u2019hospitalisation de Lucas, deux jeunes admis apr\u00e8s des accidents r\u00e9cents, l\u2019un \u00e0 scooter le 15 juin \u00e0<strong> P\u00e9rols<\/strong> et un automobiliste le 11 juillet \u00e0 <strong>Mauguio<\/strong> sont d\u00e9c\u00e9d\u00e9s. Quelle immense tristesse. Je m\u2019accroche \u00e0 chaque souffle, \u00e0 chaque progr\u00e8s m\u00eame infime de Lucas, nous recevons tant de soutien et d\u2019amour dans cette \u00e9preuve incroyable de la vie, ma soeur vient r\u00e9guli\u00e8rement voir Lucas. Je suis aussi admirative de ses amis qui ont \u00e0 peine 20 ans et qui se relaient aupr\u00e8s de lui pour le stimuler au lieu de profiter de leurs vacances d\u2019\u00e9t\u00e9 et ce depuis le d\u00e9but. Je vis au jour le jour et je ne me projette pas, sinon je deviens folle\u00a0\u00bb.<\/p>\n<p>Le papa est d\u00e9c\u00e9d\u00e9 en 2022<\/p>\n<p class=\" wall-content\">Alexandra redoute l\u2019annonce d\u2019\u00e9ventuelles s\u00e9quelles que les m\u00e9decins vont diagnostiquer dans quelques semaines ou quelques mois : \u00ab\u00a0Le 23 juin, \u00e0 son arriv\u00e9e au DAR, ils m\u2019ont dit que Lucas ne passerait pas la nuit, car son \u00e9tat \u00e9tait gravissime. Puis, qu\u2019il ne passerait pas les prochaines 48h. J\u2019ai toujours refus\u00e9 que mon enfant meure, c\u2019\u00e9tait juste pas possible. Il a \u00e9t\u00e9<strong> 24 jours dans le coma<\/strong>. On m\u2019a dit que les s\u00e9quelles seraient s\u00fbrement tr\u00e8s graves, je refuse que mon fils de 20 ans devienne un l\u00e9gume. Et puis, le miracle, depuis quelques jours, il s\u2019est remis \u00e0 parler, puis \u00e0 manger. Ils ont retir\u00e9 sa trach\u00e9otomie. Je vis au jour le jour et je prends chaque progr\u00e8s comme une victoire, je passe 8h chaque jour \u00e0 son chevet, \u00e0 le stimuler. Ma vie est centr\u00e9e uniquement sur lui. Les soignants me disent que c\u2019est incroyable ce que je fais, je suis devenue ainsi infirmi\u00e8re, orthophoniste et kin\u00e9sith\u00e9rapeute, je lui ai donn\u00e9 ma vie il y a 20 ans et je veux le ramener \u00e0 la vie. Le papa de Lucas est d\u00e9c\u00e9d\u00e9 en 2022 et je n\u2019ai pas d\u2019autre choix que d\u2019\u00eatre le seul parent de mes quatre enfants. Je ne sais pas si c\u2019est du courage, mais je n\u2019ai pas le choix en fait\u00a0\u00bb.<\/p>\n<p>    <a href=\"https:\/\/www.facebook.com\/plugins\/video.php?height=476&amp;href=https%3A%2F%2Fwww.facebook.com%2FMetropolitainFR%2Fvideos%2F1295245925306538%2F&amp;show_text=false&amp;width=350&amp;t=0\" title=\"Ouvrie le lien\" target=\"_blank\" rel=\"noopener\">Cliquez ici pour visualiser le contenu<\/a><\/p>\n<p>\u00ab\u00a0Les m\u00e9decins et les soignants sont formidables\u00a0\u00bb<\/p>\n<p class=\" wall-content\">Cette maman insiste : \u00ab\u00a0Surtout soulignez la gratitude que j\u2019aie envers tous les soignants du d\u00e9partement anesth\u00e9sie r\u00e9animation de l\u2019h\u00f4pital Lapeyronie durant les 50 jours d\u2019admission de Lucas. Ils ont ramen\u00e9 mon enfant \u00e0 la vie, ils sont formidables et d\u2019une bienveillance incroyable\u00a0\u00bb.\u00a0Selon Alexandra, \u00ab\u00a0toute la m\u00e9moire de Lucas avant l\u2019accident est intacte, par contre il ne se souvient pas de la sortie de route et depuis qu\u2019il \u00ab reparle \u00bb en chuchotant, il est tr\u00e8s confus, sa m\u00e9moire imm\u00e9diate est alt\u00e9r\u00e9e grandement et il a parfois des comportements ou des discours de \u00ab b\u00e9b\u00e9 \u00bb : il a pleur\u00e9 ce week-end, car il pensait que j\u2019allais manger sa compote \u00e0 la p\u00eache ! Il me dit \u00ab maman je suis inquiet quand tu n\u2019es pas l\u00e0 \u00bb, il geint en disant que je dois m\u2019occuper de lui, il demande des c\u00e2lins et des je t\u2019aime tout le temps. Il ne peut pas marcher et ses polytraumatismes restent importants. \u00c0 ce jour, les m\u00e9decins ne peuvent se prononcer pour la suite, seul le temps le dira\u00a0\u00bb.<\/p>\n<p>Parcours du combattant d\u00e9solant<\/p>\n<p class=\" wall-content\">Ce lundi 11 ao\u00fbt 2025, Alexandra a repris le chemin du CHU de Montpellier et retrouv\u00e9 \u00a0Lucas dans une chambre magnifiquement d\u00e9cor\u00e9, comme le r\u00e9p\u00e8tent le personnel soignant et les visiteurs. Un mur entier est tapiss\u00e9 de photos de famille, de beaux souvenirs, sur lesquelles on d\u00e9couvre un Lucas respirant la joie de vivre. Depuis son hospitalisation, il a\u00a0perdu 15kg et ne p\u00e8se que 55kg pour 1,82m. \u00ab\u00a0Comme chaque jour, il me fera un grand sourire. Je tiens \u00e0 le nourrir, vous imaginez quand m\u00eame, je donne \u00e0 manger \u00e0 mon fils de 20 ans comme lorsqu\u2019il avait un an\u00a0\u00bb.<\/p>\n<p class=\" wall-content\">Alexandra sait que ses venues au chevet de Lucas vont durer longtemps, tr\u00e8s longtemps m\u00eame, avec un obstacle inattendu qui la d\u00e9sole, \u00ab\u00a0un parcours du combattant inacceptable face \u00e0 une administration fran\u00e7aise compl\u00e8tement absurde. Il faut que ce soit Lucas en personne, parce qu\u2019il est majeur, qui fasse obligatoirement toutes les d\u00e9marches cons\u00e9cutives \u00e0 l\u2019accident et elles sont nombreuses. J\u2019ai beau leur montrer tous les dossiers, les papiers, les certificats prouvant qu\u2019il en est incapable en raison de son \u00e9tat de sant\u00e9, mais rien n\u2019y fait\u00a0\u00bb. Une le\u00e7on exemplaire de cette m\u00e8re courage face \u00e0 une administration vraiment inhumaine. Un autre combat ubuesque, mais surtout encore p\u00e9nible s\u2019annonce pour Alexandra, qui va devoir placer Lucas sous tutelle. Elle pr\u00e9vient : \u00ab\u00a0Jamais je n\u2019abandonnerai Lucas\u00a0\u00bb.<\/p>\n<p class=\" wall-content\">Suivez toute l\u2019actualit\u00e9 de vos villes et m\u00e9dias favoris en vous inscrivant \u00e0 <a href=\"https:\/\/moncompte.actu.fr\" title=\"D\u00e9couvez Mon Actu\" rel=\"nofollow noopener\" data-trk=\"{&quot;cta&quot;:{&quot;action&quot;:&quot;https:\\\/\\\/moncompte.actu.fr&quot;,&quot;category&quot;:&quot;mon compte&quot;,&quot;from&quot;:&quot;article footer&quot;,&quot;name&quot;:&quot;Mon actu&quot;,&quot;type&quot;:&quot;cta&quot;}}\" target=\"_blank\">Mon Actu<\/a>.<\/p>\n","protected":false},"excerpt":{"rendered":"Par Jean-Marc Aubert Publi\u00e9 le 11 ao\u00fbt 2025 \u00e0 18h30 ; mis \u00e0 jour le 11 ao\u00fbt 2025&hellip;\n","protected":false},"author":2,"featured_media":312462,"comment_status":"","ping_status":"","sticky":false,"template":"","format":"standard","meta":{"footnotes":""},"categories":[9599],"tags":[119,1111,11,15154,1777,674,118,1011,27,2208,1457,12,2680,25],"class_list":{"0":"post-312461","1":"post","2":"type-post","3":"status-publish","4":"format-standard","5":"has-post-thumbnail","7":"category-montpellier","8":"tag-accident","9":"tag-actu","10":"tag-actualites","11":"tag-chu-de-montpellier","12":"tag-eu","13":"tag-europe","14":"tag-faits-divers","15":"tag-fr","16":"tag-france","17":"tag-montpellier","18":"tag-moto","19":"tag-news","20":"tag-occitanie","21":"tag-republique-francaise"},"share_on_mastodon":{"url":"https:\/\/pubeurope.com\/@fr\/115012188470350293","error":""},"_links":{"self":[{"href":"https:\/\/www.europesays.com\/fr\/wp-json\/wp\/v2\/posts\/312461","targetHints":{"allow":["GET"]}}],"collection":[{"href":"https:\/\/www.europesays.com\/fr\/wp-json\/wp\/v2\/posts"}],"about":[{"href":"https:\/\/www.europesays.com\/fr\/wp-json\/wp\/v2\/types\/post"}],"author":[{"embeddable":true,"href":"https:\/\/www.europesays.com\/fr\/wp-json\/wp\/v2\/users\/2"}],"replies":[{"embeddable":true,"href":"https:\/\/www.europesays.com\/fr\/wp-json\/wp\/v2\/comments?post=312461"}],"version-history":[{"count":0,"href":"https:\/\/www.europesays.com\/fr\/wp-json\/wp\/v2\/posts\/312461\/revisions"}],"wp:featuredmedia":[{"embeddable":true,"href":"https:\/\/www.europesays.com\/fr\/wp-json\/wp\/v2\/media\/312462"}],"wp:attachment":[{"href":"https:\/\/www.europesays.com\/fr\/wp-json\/wp\/v2\/media?parent=312461"}],"wp:term":[{"taxonomy":"category","embeddable":true,"href":"https:\/\/www.europesays.com\/fr\/wp-json\/wp\/v2\/categories?post=312461"},{"taxonomy":"post_tag","embeddable":true,"href":"https:\/\/www.europesays.com\/fr\/wp-json\/wp\/v2\/tags?post=312461"}],"curies":[{"name":"wp","href":"https:\/\/api.w.org\/{rel}","templated":true}]}}