{"id":312463,"date":"2025-08-11T21:16:24","date_gmt":"2025-08-11T21:16:24","guid":{"rendered":"https:\/\/www.europesays.com\/fr\/312463\/"},"modified":"2025-08-11T21:16:24","modified_gmt":"2025-08-11T21:16:24","slug":"jespere-quil-vit-au-milieu-de-la-population-quil-aime-tant-dit-barbara-lefebvre-enseignante","status":"publish","type":"post","link":"https:\/\/www.europesays.com\/fr\/312463\/","title":{"rendered":"\u00ab\u00a0J&rsquo;esp\u00e8re qu&rsquo;il vit au milieu de la population qu&rsquo;il aime tant\u00a0\u00bb, dit Barbara Lefebvre, enseignante"},"content":{"rendered":"<p>Grenoble: \u00c9ric Piolle veut \u00ab\u00a0casser les ghettos de riches\u00a0\u00bb : \u00ab\u00a0J&rsquo;esp\u00e8re qu&rsquo;il vit au milieu de la population qu&rsquo;il aime tant\u00a0\u00bb, dit Barbara Lefebvre, enseignanteSur le m\u00eame sujet<a href=\"https:\/\/rmc.bfmtv.com\/actualites\/economie\/video-les-vignerons-ont-du-mal-a-recruter-c-est-la-societe-que-la-gauche-nous-a-creee-pour-charles-consigny_VN-202508110468.html\" title=\"Les vignerons ont du mal \u00e0 recruter : &quot;C&#039;est la soci\u00e9t\u00e9 que la gauche nous a cr\u00e9\u00e9e&quot; pour Charles Consigny\" rel=\"nofollow noopener\" target=\"_blank\"><img width=\"16\" height=\"9\" class=\"lozad\"  alt=\"Les vignerons ont du mal \u00e0 recruter : &quot;C'est la soci\u00e9t\u00e9 que la gauche nous a cr\u00e9\u00e9e&quot; pour Charles Consigny\"\/>1:49Les vignerons ont du mal \u00e0 recruter : \u00ab\u00a0C&rsquo;est la soci\u00e9t\u00e9 que la gauche nous a cr\u00e9\u00e9e\u00a0\u00bb pour Charles Consigny<\/a><a href=\"https:\/\/rmc.bfmtv.com\/actualites\/politique\/video-le-conseil-constitutionnel-ca-coute-de-l-argent-ca-degage-pour-barbara-lefevbre_VN-202508110383.html\" title=\"&quot;Le Conseil Constitutionnel, \u00e7a co\u00fbte de l&#039;argent, \u00e7a d\u00e9gage !&quot; pour Barbara Lefevbre\" rel=\"nofollow noopener\" target=\"_blank\"><img width=\"16\" height=\"9\" class=\"lozad\"  alt=\"&quot;Le Conseil Constitutionnel, \u00e7a co\u00fbte de l'argent, \u00e7a d\u00e9gage !&quot; pour Barbara Lefevbre\"\/>1:09&Prime;Le Conseil Constitutionnel, \u00e7a co\u00fbte de l&rsquo;argent, \u00e7a d\u00e9gage !\u00a0\u00bb pour Barbara Lefevbre<\/a><a href=\"https:\/\/rmc.bfmtv.com\/actualites\/politique\/video-didier-giraud-on-est-devenu-un-pays-du-tiers-monde_VN-202508110288.html\" title=\"Didier Giraud : &quot;On est devenu un pays du tiers-monde !&quot;\" rel=\"nofollow noopener\" target=\"_blank\"><img width=\"16\" height=\"9\" class=\"lozad\"  alt=\"Didier Giraud : &quot;On est devenu un pays du tiers-monde !&quot;\"\/>1:18Didier Giraud : \u00ab\u00a0On est devenu un pays du tiers-monde !\u00a0\u00bb<\/a><a href=\"https:\/\/rmc.bfmtv.com\/replay-emissions\/les-grandes-gueules\/video-j-ai-du-mal-a-recruter-le-temoignage-d-un-viticulteur-qui-ne-trouve-pas-de-vendangeurs_VN-202508110280.html\" title=\"&quot;J&#039;ai du mal \u00e0 recruter&quot;: Le t\u00e9moignage d&#039;un viticulteur qui ne trouve pas de vendangeurs\" rel=\"nofollow noopener\" target=\"_blank\"><img width=\"16\" height=\"9\" class=\"lozad\"  alt=\"&quot;J'ai du mal \u00e0 recruter&quot;: Le t\u00e9moignage d'un viticulteur qui ne trouve pas de vendangeurs\"\/>1:27&Prime;J&rsquo;ai du mal \u00e0 recruter\u00a0\u00bb: Le t\u00e9moignage d&rsquo;un viticulteur qui ne trouve pas de vendangeurs<\/a><a href=\"https:\/\/rmc.bfmtv.com\/replay-emissions\/les-grandes-gueules\/video-grenoble-eric-piolle-veut-casser-les-ghettos-de-riches-j-espere-qu-il-vit-au-milieu-de-la-population-qu-il-aime-tant-dit-barbara-lefebvre-enseignante_VN-202508110279.html\" title=\"Grenoble: \u00c9ric Piolle veut &quot;casser les ghettos de riches&quot; : &quot;J&#039;esp\u00e8re qu&#039;il vit au milieu de la population qu&#039;il aime tant&quot;, dit Barbara Lefebvre, enseignante\" rel=\"nofollow noopener\" target=\"_blank\"><img width=\"16\" height=\"9\" class=\"lozad\"  alt=\"Grenoble: \u00c9ric Piolle veut &quot;casser les ghettos de riches&quot; : &quot;J'esp\u00e8re qu'il vit au milieu de la population qu'il aime tant&quot;, dit Barbara Lefebvre, enseignante\"\/>en lectureGrenoble: \u00c9ric Piolle veut \u00ab\u00a0casser les ghettos de riches\u00a0\u00bb : \u00ab\u00a0J&rsquo;esp\u00e8re qu&rsquo;il vit au milieu de la population qu&rsquo;il aime tant\u00a0\u00bb, dit Barbara Lefebvre, enseignante<\/a><a href=\"https:\/\/rmc.bfmtv.com\/replay-emissions\/les-grandes-gueules\/video-le-temoignage-de-yannick-habitant-de-bagnols-sur-ceze-dans-le-gard-ou-les-dealers-offrent-leurs-services-aux-habitants_VN-202508110273.html\" title=\"Le t\u00e9moignage de Yannick, habitant de Bagnols-sur-C\u00e8ze, dans le Gard, o\u00f9 les dealers offrent leurs services aux habitants\" rel=\"nofollow noopener\" target=\"_blank\"><img width=\"16\" height=\"9\" class=\"lozad\"  alt=\"Le t\u00e9moignage de Yannick, habitant de Bagnols-sur-C\u00e8ze, dans le Gard, o\u00f9 les dealers offrent leurs services aux habitants\"\/>2:41Le t\u00e9moignage de Yannick, habitant de Bagnols-sur-C\u00e8ze, dans le Gard, o\u00f9 les dealers offrent leurs services aux habitants<\/a><a href=\"https:\/\/rmc.bfmtv.com\/replay-emissions\/les-grandes-gueules\/video-gard-c-est-la-mafia-c-est-exactement-le-fonctionnement-de-la-mafia-en-italie-dit-charles-consigny_VN-202508110260.html\" title=\"Gard: &quot;C&#039;est la mafia! C&#039;est exactement le fonctionnement de la mafia en Italie&quot;, dit Charles Consigny\" rel=\"nofollow noopener\" target=\"_blank\"><img width=\"16\" height=\"9\" class=\"lozad\"  alt=\"Gard: &quot;C'est la mafia! C'est exactement le fonctionnement de la mafia en Italie&quot;, dit Charles Consigny\"\/>1:38Gard: \u00ab\u00a0C&rsquo;est la mafia! C&rsquo;est exactement le fonctionnement de la mafia en Italie\u00a0\u00bb, dit Charles Consigny<\/a><a href=\"https:\/\/rmc.bfmtv.com\/replay-emissions\/les-grandes-gueules\/video-le-conseil-constitutionnel-un-etat-dans-l-etat-ca-coute-de-l-argent-et-on-y-met-juste-les-copains-c-est-la-republique-des-copains-dit-barbara-lefebvre-enseignante_VN-202508110241.html\" title=\"Le Conseil Constitutionnel un \u00c9tat dans l\u2019\u00c9tat\u00a0? &quot;\u00c7a coute de l&#039;argent et on y met juste les copains. C&#039;est la R\u00e9publique des copains!&quot;, dit Barbara Lefebvre, enseignante\" rel=\"nofollow noopener\" target=\"_blank\"><img width=\"16\" height=\"9\" class=\"lozad\"  alt=\"Le Conseil Constitutionnel un \u00c9tat dans l\u2019\u00c9tat\u00a0? &quot;\u00c7a coute de l'argent et on y met juste les copains. C'est la R\u00e9publique des copains!&quot;, dit Barbara Lefebvre, enseignante\"\/>1:14Le Conseil Constitutionnel un \u00c9tat dans l\u2019\u00c9tat\u00a0? \u00ab\u00a0\u00c7a coute de l&rsquo;argent et on y met juste les copains. C&rsquo;est la R\u00e9publique des copains!\u00a0\u00bb, dit Barbara Lefebvre, enseignante<\/a><a href=\"https:\/\/rmc.bfmtv.com\/replay-emissions\/les-grandes-gueules\/video-loi-duplomb-je-suis-tres-interrogatif-sur-ce-qu-a-fait-le-conseil-constitutionnel-est-ce-que-c-est-par-rapport-a-la-constitution-ou-c-est-pour-se-mettre-bien-dans-l-opinion-et-arranger-ses-copains-ecolos-se-demande-didier-giraud_VN-202508110233.html\" title=\"Loi Duplomb : Je suis tr\u00e8s interrogatif sur ce qu&#039;a fait le Conseil constitutionnel. Est-ce que c&#039;est par rapport \u00e0 la Constitution ou c&#039;est pour se mettre bien dans l&#039;opinion et arranger ses copains \u00e9colos&quot;, se demande Didier Giraud\" rel=\"nofollow noopener\" target=\"_blank\"><img width=\"16\" height=\"9\" class=\"lozad\"  alt=\"Loi Duplomb : Je suis tr\u00e8s interrogatif sur ce qu'a fait le Conseil constitutionnel. Est-ce que c'est par rapport \u00e0 la Constitution ou c'est pour se mettre bien dans l'opinion et arranger ses copains \u00e9colos&quot;, se demande Didier Giraud\"\/>1:38Loi Duplomb : Je suis tr\u00e8s interrogatif sur ce qu&rsquo;a fait le Conseil constitutionnel. Est-ce que c&rsquo;est par rapport \u00e0 la Constitution ou c&rsquo;est pour se mettre bien dans l&rsquo;opinion et arranger ses copains \u00e9colos\u00a0\u00bb, se demande Didier Giraud<\/a><a href=\"https:\/\/rmc.bfmtv.com\/replay-emissions\/les-grandes-gueules\/video-des-agriculteurs-organisent-un-barbecue-geant-devant-la-future-maison-de-vacances-de-sandrine-rousseau-la-deputee-denonce-une-menace-masculiniste_VN-202508110226.html\" title=\"Des agriculteurs organisent un barbecue g\u00e9ant devant la future maison de vacances de Sandrine Rousseau: la d\u00e9put\u00e9e d\u00e9nonce une &quot;menace masculiniste&quot;\" rel=\"nofollow noopener\" target=\"_blank\"><img width=\"16\" height=\"9\" class=\"lozad\"  alt=\"Des agriculteurs organisent un barbecue g\u00e9ant devant la future maison de vacances de Sandrine Rousseau: la d\u00e9put\u00e9e d\u00e9nonce une &quot;menace masculiniste&quot;\"\/>4:18Des agriculteurs organisent un barbecue g\u00e9ant devant la future maison de vacances de Sandrine Rousseau: la d\u00e9put\u00e9e d\u00e9nonce une \u00ab\u00a0menace masculiniste\u00a0\u00bb<\/a><a href=\"https:\/\/rmc.bfmtv.com\/replay-emissions\/les-grandes-gueules\/video-jours-feries-l-arnaque-pour-les-salaries-ce-que-j-aimerais-bien-de-la-part-de-l-etat-c-est-qu-il-fouille-un-peu-plus-les-poches-de-bernard-de-francoise-de-xavier-de-tous-ces-milliardaires-qui-optimisent-leur-argent_VN-202508110216.html\" title=\"Jours f\u00e9ri\u00e9s: l&#039;arnaque pour les salari\u00e9s: &quot;Ce que j&#039;aimerais bien de la part de l&#039;\u00c9tat c&#039;est qu&#039;il fouille un peu plus les poches de Bernard, de Fran\u00e7oise, de Xavier, de tous ces milliardaires qui optimisent leur argent&quot;\" rel=\"nofollow noopener\" target=\"_blank\"><img width=\"16\" height=\"9\" class=\"lozad\"  alt=\"Jours f\u00e9ri\u00e9s: l'arnaque pour les salari\u00e9s: &quot;Ce que j'aimerais bien de la part de l'\u00c9tat c'est qu'il fouille un peu plus les poches de Bernard, de Fran\u00e7oise, de Xavier, de tous ces milliardaires qui optimisent leur argent&quot;\"\/>0:44Jours f\u00e9ri\u00e9s: l&rsquo;arnaque pour les salari\u00e9s: \u00ab\u00a0Ce que j&rsquo;aimerais bien de la part de l&rsquo;\u00c9tat c&rsquo;est qu&rsquo;il fouille un peu plus les poches de Bernard, de Fran\u00e7oise, de Xavier, de tous ces milliardaires qui optimisent leur argent\u00a0\u00bb<\/a><a href=\"https:\/\/rmc.bfmtv.com\/replay-emissions\/les-grandes-gueules\/video-francois-bayrou-veut-supprimer-deux-jours-feries-on-reinvente-l-impot-de-corvee-qui-avait-ete-aboli-pendant-la-revolution-francaise-affirme-didier-giraud-agriculteur_VN-202508110210.html\" title=\"Fran\u00e7ois Bayrou veut supprimer deux jours f\u00e9ri\u00e9s: &quot;On r\u00e9invente l&#039;imp\u00f4t de corv\u00e9e qui avait \u00e9t\u00e9 aboli pendant la R\u00e9volution fran\u00e7aise&quot;, affirme Didier Giraud, agriculteur\" rel=\"nofollow noopener\" target=\"_blank\"><img width=\"16\" height=\"9\" class=\"lozad\"  alt=\"Fran\u00e7ois Bayrou veut supprimer deux jours f\u00e9ri\u00e9s: &quot;On r\u00e9invente l'imp\u00f4t de corv\u00e9e qui avait \u00e9t\u00e9 aboli pendant la R\u00e9volution fran\u00e7aise&quot;, affirme Didier Giraud, agriculteur\"\/>1:21Fran\u00e7ois Bayrou veut supprimer deux jours f\u00e9ri\u00e9s: \u00ab\u00a0On r\u00e9invente l&rsquo;imp\u00f4t de corv\u00e9e qui avait \u00e9t\u00e9 aboli pendant la R\u00e9volution fran\u00e7aise\u00a0\u00bb, affirme Didier Giraud, agriculteur<\/a><a href=\"https:\/\/rmc.bfmtv.com\/replay-emissions\/les-grandes-gueules\/video-francois-bayrou-veut-supprimer-deux-jours-feries-ce-qui-aurait-ete-plus-courageux-c-est-de-baisser-par-exemple-de-1-les-pensions-de-retraite-dit-charles-consigny_VN-202508110208.html\" title=\"Fran\u00e7ois Bayrou veut supprimer deux jours f\u00e9ri\u00e9s: &quot;Ce qui aurait \u00e9t\u00e9 plus courageux, c&#039;est de baisser par exemple de 1% les pensions de retraite&quot;, dit Charles Consigny\" rel=\"nofollow noopener\" target=\"_blank\"><img width=\"16\" height=\"9\" class=\"lozad\"  alt=\"Fran\u00e7ois Bayrou veut supprimer deux jours f\u00e9ri\u00e9s: &quot;Ce qui aurait \u00e9t\u00e9 plus courageux, c'est de baisser par exemple de 1% les pensions de retraite&quot;, dit Charles Consigny\"\/>0:55Fran\u00e7ois Bayrou veut supprimer deux jours f\u00e9ri\u00e9s: \u00ab\u00a0Ce qui aurait \u00e9t\u00e9 plus courageux, c&rsquo;est de baisser par exemple de 1% les pensions de retraite\u00a0\u00bb, dit Charles Consigny<\/a><a href=\"https:\/\/rmc.bfmtv.com\/replay-emissions\/les-grandes-gueules\/video-trains-supprimes-par-precaution-a-cause-de-la-canicule-il-y-a-plein-de-populations-dans-le-monde-qui-vivent-avec-la-chaleur-et-qui-vivent-tres-bien-declare-barbara-lefebvre_VN-202508110203.html\" title=\"Trains supprim\u00e9s par pr\u00e9caution \u00e0 cause de la canicule: &quot;Il y a plein de populations dans le monde qui vivent avec la chaleur et qui vivent tr\u00e8s bien&quot;, d\u00e9clare Barbara Lefebvre\" rel=\"nofollow noopener\" target=\"_blank\"><img width=\"16\" height=\"9\" class=\"lozad\"  alt=\"Trains supprim\u00e9s par pr\u00e9caution \u00e0 cause de la canicule: &quot;Il y a plein de populations dans le monde qui vivent avec la chaleur et qui vivent tr\u00e8s bien&quot;, d\u00e9clare Barbara Lefebvre\"\/>1:05Trains supprim\u00e9s par pr\u00e9caution \u00e0 cause de la canicule: \u00ab\u00a0Il y a plein de populations dans le monde qui vivent avec la chaleur et qui vivent tr\u00e8s bien\u00a0\u00bb, d\u00e9clare Barbara Lefebvre<\/a><a class=\"jumpToVideo\" target=\"_blank\"><img class=\"thumbnailPreview\"\/><\/a><\/p>\n","protected":false},"excerpt":{"rendered":"Grenoble: \u00c9ric Piolle veut \u00ab\u00a0casser les ghettos de riches\u00a0\u00bb : \u00ab\u00a0J&rsquo;esp\u00e8re qu&rsquo;il vit au milieu de la population&hellip;\n","protected":false},"author":2,"featured_media":312464,"comment_status":"","ping_status":"","sticky":false,"template":"","format":"standard","meta":{"footnotes":""},"categories":[9566],"tags":[1111,11,2430,1777,674,1011,27,2731,12,25],"class_list":{"0":"post-312463","1":"post","2":"type-post","3":"status-publish","4":"format-standard","5":"has-post-thumbnail","7":"category-grenoble","8":"tag-actu","9":"tag-actualites","10":"tag-auvergne-rhone-alpes","11":"tag-eu","12":"tag-europe","13":"tag-fr","14":"tag-france","15":"tag-grenoble","16":"tag-news","17":"tag-republique-francaise"},"share_on_mastodon":{"url":"https:\/\/pubeurope.com\/@fr\/115012211994205395","error":""},"_links":{"self":[{"href":"https:\/\/www.europesays.com\/fr\/wp-json\/wp\/v2\/posts\/312463","targetHints":{"allow":["GET"]}}],"collection":[{"href":"https:\/\/www.europesays.com\/fr\/wp-json\/wp\/v2\/posts"}],"about":[{"href":"https:\/\/www.europesays.com\/fr\/wp-json\/wp\/v2\/types\/post"}],"author":[{"embeddable":true,"href":"https:\/\/www.europesays.com\/fr\/wp-json\/wp\/v2\/users\/2"}],"replies":[{"embeddable":true,"href":"https:\/\/www.europesays.com\/fr\/wp-json\/wp\/v2\/comments?post=312463"}],"version-history":[{"count":0,"href":"https:\/\/www.europesays.com\/fr\/wp-json\/wp\/v2\/posts\/312463\/revisions"}],"wp:featuredmedia":[{"embeddable":true,"href":"https:\/\/www.europesays.com\/fr\/wp-json\/wp\/v2\/media\/312464"}],"wp:attachment":[{"href":"https:\/\/www.europesays.com\/fr\/wp-json\/wp\/v2\/media?parent=312463"}],"wp:term":[{"taxonomy":"category","embeddable":true,"href":"https:\/\/www.europesays.com\/fr\/wp-json\/wp\/v2\/categories?post=312463"},{"taxonomy":"post_tag","embeddable":true,"href":"https:\/\/www.europesays.com\/fr\/wp-json\/wp\/v2\/tags?post=312463"}],"curies":[{"name":"wp","href":"https:\/\/api.w.org\/{rel}","templated":true}]}}