{"id":312467,"date":"2025-08-11T21:19:18","date_gmt":"2025-08-11T21:19:18","guid":{"rendered":"https:\/\/www.europesays.com\/fr\/312467\/"},"modified":"2025-08-11T21:19:18","modified_gmt":"2025-08-11T21:19:18","slug":"le-bon-plan-de-dazn-pour-regarder-rennes-om-et-la-ligue-1","status":"publish","type":"post","link":"https:\/\/www.europesays.com\/fr\/312467\/","title":{"rendered":"Le bon plan de DAZN pour regarder Rennes-OM et la Ligue 1 !"},"content":{"rendered":"<p>        <a href=\"https:\/\/www.marseillemercato.fr\/wp-content\/uploads\/2023\/03\/rennes-om.jpg\" data-caption=\"Rennes-OM\" rel=\"nofollow noopener\" target=\"_blank\"><img loading=\"lazy\" decoding=\"async\" width=\"696\" height=\"464\" class=\"entry-thumb td-modal-image\" src=\"https:\/\/www.europesays.com\/fr\/wp-content\/uploads\/2025\/08\/rennes-om-696x464.jpg\"   alt=\"Rennes-OM\" title=\"rennes-om\"\/><\/a>Rennes-OM<\/p>\n<p><strong>La saison de Ligue 1 reprend ce vendredi avec le choc Rennes-OM. Un match disponible sur la nouvelle cha\u00eene Ligue 1+, disponible notamment via DAZN, qui propose une promotion tr\u00e8s int\u00e9ressante.<\/strong><\/p>\n<p>Si DAZN n\u2019est plus le diffuseur exclusif de la Ligue 1, la plateforme britannique a pass\u00e9 un accord de distribution avec la LFP et propose la nouvelle cha\u00eene Ligue 1+ \u00e0 un prix tr\u00e8s int\u00e9ressant et avec en plus d\u2019autres championnats.<\/p>\n<p>Rennes-OM disponible sur DAZN avec une super promo !<\/p>\n<p>Pour le m\u00eame prix qu\u2019un abonnement direct via le site Ligue 1+ ou votre fournisseur d\u2019acc\u00e8s \u00e0 internet, <strong>soit 9,99 euros par mois pendant 3 mois, puis 14,99 euros par mois\u00a0<\/strong>(avec engagement d\u2019un an), DAZN vous donne acc\u00e8s \u00e0 tous les matches de Ligue 1+ (8 par journ\u00e9e), dont le <strong>Rennes\/OM de ce vendredi soir<\/strong>, ainsi qu\u2019aux autres droits de la plateforme.<\/p>\n<p><a href=\"https:\/\/dazn.prf.hn\/click\/camref:1101l3WRYV\/adref:marseillemercato\" rel=\"nofollow noopener\" target=\"_blank\"><img loading=\"lazy\" decoding=\"async\" class=\"size-full wp-image-10071\" src=\"https:\/\/www.europesays.com\/fr\/wp-content\/uploads\/2025\/08\/dazn_ligue1_plus.jpeg\" alt=\"La Ligue 1 disponible encore su DAZN\" width=\"1920\" height=\"1080\"  \/><\/a>La Ligue 1 disponible encore su DAZN<\/p>\n<p>DAZN propose ainsi une offre avec la Ligue 1, mais aussi le football italien (Serie A, Coupe d\u2019Italie, Supercoupe d\u2019Italie), le championnat des Pays-Bas, le championnat belge ainsi que la Betclic Elite, le championnat fran\u00e7ais de basket.<\/p>\n<p><a href=\"https:\/\/dazn.prf.hn\/click\/camref:1101l3WRYV\/adref:marseillemercato\" rel=\"nofollow noopener\" target=\"_blank\"><strong>Si cette offre vous int\u00e9resse, elle est disponible jusqu\u2019au 31 ao\u00fbt en cliquant ici<\/strong><\/a> et vous permettra ainsi de regarder le premier match de la saison de Ligue 1 Rennes-OM ce vendredi soir \u00e0 partir de 20h45.<\/p>\n<p>\u00a0<\/p>\n","protected":false},"excerpt":{"rendered":"Rennes-OM La saison de Ligue 1 reprend ce vendredi avec le choc Rennes-OM. Un match disponible sur la&hellip;\n","protected":false},"author":2,"featured_media":312468,"comment_status":"","ping_status":"","sticky":false,"template":"","format":"standard","meta":{"footnotes":""},"categories":[2821],"tags":[1111,11,829,1777,674,1011,27,12,584,25],"class_list":{"0":"post-312467","1":"post","2":"type-post","3":"status-publish","4":"format-standard","5":"has-post-thumbnail","7":"category-rennes","8":"tag-actu","9":"tag-actualites","10":"tag-bretagne","11":"tag-eu","12":"tag-europe","13":"tag-fr","14":"tag-france","15":"tag-news","16":"tag-rennes","17":"tag-republique-francaise"},"share_on_mastodon":{"url":"https:\/\/pubeurope.com\/@fr\/115012223973014059","error":""},"_links":{"self":[{"href":"https:\/\/www.europesays.com\/fr\/wp-json\/wp\/v2\/posts\/312467","targetHints":{"allow":["GET"]}}],"collection":[{"href":"https:\/\/www.europesays.com\/fr\/wp-json\/wp\/v2\/posts"}],"about":[{"href":"https:\/\/www.europesays.com\/fr\/wp-json\/wp\/v2\/types\/post"}],"author":[{"embeddable":true,"href":"https:\/\/www.europesays.com\/fr\/wp-json\/wp\/v2\/users\/2"}],"replies":[{"embeddable":true,"href":"https:\/\/www.europesays.com\/fr\/wp-json\/wp\/v2\/comments?post=312467"}],"version-history":[{"count":0,"href":"https:\/\/www.europesays.com\/fr\/wp-json\/wp\/v2\/posts\/312467\/revisions"}],"wp:featuredmedia":[{"embeddable":true,"href":"https:\/\/www.europesays.com\/fr\/wp-json\/wp\/v2\/media\/312468"}],"wp:attachment":[{"href":"https:\/\/www.europesays.com\/fr\/wp-json\/wp\/v2\/media?parent=312467"}],"wp:term":[{"taxonomy":"category","embeddable":true,"href":"https:\/\/www.europesays.com\/fr\/wp-json\/wp\/v2\/categories?post=312467"},{"taxonomy":"post_tag","embeddable":true,"href":"https:\/\/www.europesays.com\/fr\/wp-json\/wp\/v2\/tags?post=312467"}],"curies":[{"name":"wp","href":"https:\/\/api.w.org\/{rel}","templated":true}]}}