{"id":312473,"date":"2025-08-11T21:22:11","date_gmt":"2025-08-11T21:22:11","guid":{"rendered":"https:\/\/www.europesays.com\/fr\/312473\/"},"modified":"2025-08-11T21:22:11","modified_gmt":"2025-08-11T21:22:11","slug":"jeunes-percutes-de-nuit-le-parquet-demande-le-placement-du-chauffard-en-detention-provisoire","status":"publish","type":"post","link":"https:\/\/www.europesays.com\/fr\/312473\/","title":{"rendered":"Jeunes percut\u00e9s de nuit: le parquet demande le placement du chauffard en d\u00e9tention provisoire"},"content":{"rendered":"<p>C\u2019est d\u00e9sormais un juge d\u2019instruction qui va diriger les investigations autour du dramatique accident survenu sur la RM 6202, \u00e0 la hauteur de Saint-Blaise, dans la nuit de samedi \u00e0 dimanche.<\/p>\n<p>Le parquet de Nice a ouvert une information judiciaire ce lundi. Il a requis le placement en d\u00e9tention provisoire de l\u2019automobiliste mis en cause, selon Maud Marty, procureur de la R\u00e9publique adjoint.<\/p>\n<p>Cet homme \u00e2g\u00e9 de 32 ans, r\u00e9sidant dans la vall\u00e9e de la Tin\u00e9e, a \u00e9t\u00e9 d\u00e9f\u00e9r\u00e9 ce lundi midi. Il a \u00e9t\u00e9 entendu en garde \u00e0 vue \u00e0 la brigade de gendarmerie de Levens pour \u00ab\u00a0blessures routi\u00e8res avec incapacit\u00e9 sup\u00e9rieure \u00e0 trois mois par conducteur de v\u00e9hicule terrestre \u00e0 moteur commises avec au moins deux circonstances aggravantes\u00a0\u00bb.<\/p>\n<p>Deux ant\u00e9c\u00e9dents judiciaires<\/p>\n<p>Dimanche, \u00e0 2h du matin, sa voiture a percut\u00e9 un groupe de jeunes hommes qui s\u2019\u00e9tait gar\u00e9 sur la bande d\u2019arr\u00eat d\u2019urgence pour changer une roue, alors qu\u2019ils regagnaient Nice et Carros. <a href=\"https:\/\/www.nicematin.com\/faits-divers\/-les-pompiers-ont-sauve-le-petit-jeune-la-mere-d-une-des-victimes-raconte-le-terrible-accident-de-circulation-a-saint-blaise-997664\" rel=\"nofollow noopener\" target=\"_blank\">Trois d\u2019entre eux ont \u00e9t\u00e9 bless\u00e9s, tr\u00e8s gri\u00e8vement pour l\u2019un d\u2019eux, qui a d\u00fb \u00eatre amput\u00e9 d\u2019une jambe.<\/a> L\u2019automobiliste roulait sous l\u2019emprise de l\u2019alcool et de la coca\u00efne.<\/p>\n<p>Apr\u00e8s \u00eatre rest\u00e9 un temps prostr\u00e9, il aurait injuri\u00e9 une gendarme, puis port\u00e9 des coups \u00e0 un autre au moment de son placement en garde \u00e0 vue. Selon le parquet, il \u00e9tait d\u00e9j\u00e0 connu pour deux ant\u00e9c\u00e9dents judiciaires, le dernier en date en 2015 pour un d\u00e9lit routier. Pour autant, il n\u2019est pas en \u00e9tat de r\u00e9cidive l\u00e9gale.<\/p>\n","protected":false},"excerpt":{"rendered":"C\u2019est d\u00e9sormais un juge d\u2019instruction qui va diriger les investigations autour du dramatique accident survenu sur la RM&hellip;\n","protected":false},"author":2,"featured_media":312474,"comment_status":"","ping_status":"","sticky":false,"template":"","format":"standard","meta":{"footnotes":""},"categories":[2819],"tags":[1111,11,1777,674,118,1011,27,303,12,2401,882,25],"class_list":{"0":"post-312473","1":"post","2":"type-post","3":"status-publish","4":"format-standard","5":"has-post-thumbnail","7":"category-nice","8":"tag-actu","9":"tag-actualites","10":"tag-eu","11":"tag-europe","12":"tag-faits-divers","13":"tag-fr","14":"tag-france","15":"tag-justice","16":"tag-news","17":"tag-nice","18":"tag-provence-alpes-cote-dazur","19":"tag-republique-francaise"},"share_on_mastodon":{"url":"https:\/\/pubeurope.com\/@fr\/115012235676252389","error":""},"_links":{"self":[{"href":"https:\/\/www.europesays.com\/fr\/wp-json\/wp\/v2\/posts\/312473","targetHints":{"allow":["GET"]}}],"collection":[{"href":"https:\/\/www.europesays.com\/fr\/wp-json\/wp\/v2\/posts"}],"about":[{"href":"https:\/\/www.europesays.com\/fr\/wp-json\/wp\/v2\/types\/post"}],"author":[{"embeddable":true,"href":"https:\/\/www.europesays.com\/fr\/wp-json\/wp\/v2\/users\/2"}],"replies":[{"embeddable":true,"href":"https:\/\/www.europesays.com\/fr\/wp-json\/wp\/v2\/comments?post=312473"}],"version-history":[{"count":0,"href":"https:\/\/www.europesays.com\/fr\/wp-json\/wp\/v2\/posts\/312473\/revisions"}],"wp:featuredmedia":[{"embeddable":true,"href":"https:\/\/www.europesays.com\/fr\/wp-json\/wp\/v2\/media\/312474"}],"wp:attachment":[{"href":"https:\/\/www.europesays.com\/fr\/wp-json\/wp\/v2\/media?parent=312473"}],"wp:term":[{"taxonomy":"category","embeddable":true,"href":"https:\/\/www.europesays.com\/fr\/wp-json\/wp\/v2\/categories?post=312473"},{"taxonomy":"post_tag","embeddable":true,"href":"https:\/\/www.europesays.com\/fr\/wp-json\/wp\/v2\/tags?post=312473"}],"curies":[{"name":"wp","href":"https:\/\/api.w.org\/{rel}","templated":true}]}}