{"id":312475,"date":"2025-08-11T21:23:12","date_gmt":"2025-08-11T21:23:12","guid":{"rendered":"https:\/\/www.europesays.com\/fr\/312475\/"},"modified":"2025-08-11T21:23:12","modified_gmt":"2025-08-11T21:23:12","slug":"il-y-a-toujours-une-place-pour-lexploit-assure-franck-haise-avant-le-barrage-retour-face-a-benfica-c1-3e-tour-benfica-nice","status":"publish","type":"post","link":"https:\/\/www.europesays.com\/fr\/312475\/","title":{"rendered":"\u00ab\u00a0Il y a toujours une place pour l&rsquo;exploit\u00a0\u00bb, assure Franck Haise avant le barrage retour face \u00e0 Benfica &#8211; C1 &#8211; 3e Tour &#8211; Benfica-Nice"},"content":{"rendered":"<p>L\u2019espoir fait vivre.<\/p>\n<p><a target=\"_blank\" href=\"https:\/\/www.sofoot.com\/articles\/nice-demarre-sa-saison-par-une-defaite-contre-benfica-et-voit-ses-chances-de-qualification-en-ligue-des-champions-se-reduire\" rel=\"nofollow noopener\">Battu 2 \u00e0 0 lors du match aller \u00e0 l\u2019Allianz Riviera<\/a>, Nice est condamn\u00e9 \u00e0 l\u2019exploit ce mardi au stade de la Luz face \u00e0 Benfica pour rallier la phase r\u00e9guli\u00e8re de la Ligue des champions. <strong>Une r\u00e9alit\u00e9 qu\u2019a bien en t\u00eate Franck Haise au moment d\u2019aborder ce barrage retour<\/strong>. En revanche, <a target=\"_blank\" href=\"https:\/\/www.sofoot.com\/breves\/en-instance-de-depart-pablo-rosario-refuse-de-jouer-le-match-retour-contre-benfica\" rel=\"nofollow noopener\">Pablo Rosario ne prendra pas part \u00e0 la rencontre<\/a>, l\u2019international dominicain refusant de jouer par peur de se blesser.<\/p>\n<blockquote class=\"twitter-tweet-lazy\" data-width=\"500\" data-dnt=\"true\">\n<p lang=\"fr\" dir=\"ltr\">Melvin Bard et Franck Haise \u00e0 un peu plus de 24h de <a target=\"_blank\" href=\"https:\/\/twitter.com\/hashtag\/slbogcn?src=hash&amp;ref_src=twsrc%5Etfw\" rel=\"nofollow noopener\">#slbogcn<\/a> \ud83d\udde3<\/p>\n<p>\u2014 OGC Nice (@ogcnice) <a target=\"_blank\" href=\"https:\/\/twitter.com\/ogcnice\/status\/1954916968399622214?ref_src=twsrc%5Etfw\" rel=\"nofollow noopener\">August 11, 2025<\/a><\/p>\n<\/blockquote>\n<p>Le sacrosaint tryptique moral, mental, caract\u00e8re<\/p>\n<p>\u00ab\u202fL\u2019\u00e9cart \u00e9tait important mercredi, a reconnu Haise en conf\u00e9rence de presse. Il aurait fallu qu\u2019on monte tous le niveau. On n\u2019a pas r\u00e9ussi.\u00a0\u00bb Les cl\u00e9s de la rencontre ont \u00e9t\u00e9 d\u00e9taill\u00e9es par le coach ni\u00e7ois : \u00ab\u202fApr\u00e8s un premier match perdu contre une \u00e9quipe dont on sait qu\u2019elle est plus forte, on ne va pas baisser la t\u00eate, a-t-il pr\u00e9venu. Il faut un peu de moral, de mental, de caract\u00e8re dans le sport de haut niveau. C\u2019est le message que je passe.\u202f\u00bb\u00a0Pour autant, le tacticien ni\u00e7ois croit en la capacit\u00e9 de ses hommes pour renverser la situation : \u00ab\u202fIl y a toujours une place pour l\u2019exploit. Bien s\u00fbr, elle n\u2019est pas \u00e9norme, mais ce n\u2019est pas pour \u00e7a qu\u2019elle n\u2019existe pas, a-t-il encha\u00een\u00e9. Le premier objectif est de progresser par rapport \u00e0 mercredi. Le deuxi\u00e8me objectif est de battre cette \u00e9quipe chez elle, ce qu\u2019aucune \u00e9quipe fran\u00e7aise n\u2019a fait. Ce serait un exploit. Et puis si on gagne 1-0 \u00e0 10 minutes de la fin, on fera tout pour remettre le deuxi\u00e8me. \u00bb\u00a0<\/p>\n<p><strong>Un discours \u00e9galement partag\u00e9 par Melvin Bard<\/strong>, pr\u00e9sent en conf\u00e9rence de presse aux c\u00f4t\u00e9s de son entra\u00eeneur : \u00ab\u202fL\u2019ann\u00e9e derni\u00e8re, peu de monde croyait \u00e0 notre victoire \u00e0 Paris. On l\u2019a fait ! Pourquoi pas encore une fois ?\u202f\u00bb\u00a0<\/p>\n<p>La r\u00e9ponse tient peut \u00eatre au fait qu\u2019aucun club fran\u00e7ais n\u2019a r\u00e9ussi \u00e0 s\u2019imposer dans l\u2019antre de Benfica.<\/p>\n<p>\t\t\t\t\t\t\t\t\t\t<a class=\"lien-connexe\" href=\"https:\/\/www.sofoot.com\/breves\/en-instance-de-depart-pablo-rosario-refuse-de-jouer-le-match-retour-contre-benfica\" rel=\"nofollow noopener\" target=\"_blank\">En instance de d\u00e9part, Rosario refuse de jouer le match retour contre Benfica<\/a>\t\t\t\t\t<script async src=\"https:\/\/platform.twitter.com\/widgets.js\" charset=\"utf-8\"><\/script><\/p>\n","protected":false},"excerpt":{"rendered":"L\u2019espoir fait vivre. Battu 2 \u00e0 0 lors du match aller \u00e0 l\u2019Allianz Riviera, Nice est condamn\u00e9 \u00e0&hellip;\n","protected":false},"author":2,"featured_media":312476,"comment_status":"","ping_status":"","sticky":false,"template":"","format":"standard","meta":{"footnotes":""},"categories":[2819],"tags":[1111,47,11,61,69,65,64,1777,674,63,1011,27,68,66,12,62,2401,70,882,25,67],"class_list":{"0":"post-312475","1":"post","2":"type-post","3":"status-publish","4":"format-standard","5":"has-post-thumbnail","7":"category-nice","8":"tag-actu","9":"tag-actualite","10":"tag-actualites","11":"tag-actus-football","12":"tag-bundesliga","13":"tag-championnats-europeens","14":"tag-equipe-de-france","15":"tag-eu","16":"tag-europe","17":"tag-football","18":"tag-fr","19":"tag-france","20":"tag-ligua","21":"tag-ligue-1","22":"tag-news","23":"tag-news-foot","24":"tag-nice","25":"tag-premier-league","26":"tag-provence-alpes-cote-dazur","27":"tag-republique-francaise","28":"tag-serie-a"},"share_on_mastodon":{"url":"https:\/\/pubeurope.com\/@fr\/115012239532904358","error":""},"_links":{"self":[{"href":"https:\/\/www.europesays.com\/fr\/wp-json\/wp\/v2\/posts\/312475","targetHints":{"allow":["GET"]}}],"collection":[{"href":"https:\/\/www.europesays.com\/fr\/wp-json\/wp\/v2\/posts"}],"about":[{"href":"https:\/\/www.europesays.com\/fr\/wp-json\/wp\/v2\/types\/post"}],"author":[{"embeddable":true,"href":"https:\/\/www.europesays.com\/fr\/wp-json\/wp\/v2\/users\/2"}],"replies":[{"embeddable":true,"href":"https:\/\/www.europesays.com\/fr\/wp-json\/wp\/v2\/comments?post=312475"}],"version-history":[{"count":0,"href":"https:\/\/www.europesays.com\/fr\/wp-json\/wp\/v2\/posts\/312475\/revisions"}],"wp:featuredmedia":[{"embeddable":true,"href":"https:\/\/www.europesays.com\/fr\/wp-json\/wp\/v2\/media\/312476"}],"wp:attachment":[{"href":"https:\/\/www.europesays.com\/fr\/wp-json\/wp\/v2\/media?parent=312475"}],"wp:term":[{"taxonomy":"category","embeddable":true,"href":"https:\/\/www.europesays.com\/fr\/wp-json\/wp\/v2\/categories?post=312475"},{"taxonomy":"post_tag","embeddable":true,"href":"https:\/\/www.europesays.com\/fr\/wp-json\/wp\/v2\/tags?post=312475"}],"curies":[{"name":"wp","href":"https:\/\/api.w.org\/{rel}","templated":true}]}}