{"id":31248,"date":"2025-04-17T08:37:14","date_gmt":"2025-04-17T08:37:14","guid":{"rendered":"https:\/\/www.europesays.com\/fr\/31248\/"},"modified":"2025-04-17T08:37:14","modified_gmt":"2025-04-17T08:37:14","slug":"un-nouveau-traitement-bientot-disponible-en-france","status":"publish","type":"post","link":"https:\/\/www.europesays.com\/fr\/31248\/","title":{"rendered":"un nouveau traitement bient\u00f4t disponible en France ?"},"content":{"rendered":"<p>             <a href=\"https:\/\/ma-sante.news\/wp-content\/uploads\/2025\/04\/nouveau-traitement-alzheimer-europe-france-Leqembi-Ma-Sante.jpg\" data-caption=\"Avant l\u2019Europe, Leqembi\u00ae avait d\u00e9j\u00e0 \u00e9t\u00e9 approuv\u00e9 aux \u00c9tats-Unis, au Japon, en Cor\u00e9e du Sud, au Royaume-Uni et au Mexique, preuve de sa reconnaissance internationale. \u00a9 Freepik\" target=\"_blank\" rel=\"noopener\"><img loading=\"lazy\" decoding=\"async\" width=\"696\" height=\"465\" class=\"entry-thumb td-modal-image\" src=\"data:image\/svg+xml,%3Csvg%20xmlns=\" http:=\"\" data-lazy- data-lazy- alt=\"Un homme atteint d'Alzheimer qui essaie de r\u00e9cup\u00e9rer ses capacit\u00e9s cognitives.\" title=\"nouveau traitement alzheimer europe france Leqembi Ma Sant\u00e9\" data-lazy-src=\"https:\/\/www.europesays.com\/fr\/wp-content\/uploads\/2025\/04\/nouveau-traitement-alzheimer-europe-france-Leqembi-Ma-Sante-696x465.jpg\"\/><\/a>Avant l\u2019Europe, Leqembi\u00ae avait d\u00e9j\u00e0 \u00e9t\u00e9 approuv\u00e9 aux \u00c9tats-Unis, au Japon, en Cor\u00e9e du Sud, au Royaume-Uni et au Mexique, preuve de sa reconnaissance internationale. \u00a9 Freepik                                    \t\t\t             <a class=\"gofollow\" data-track=\"MjgsMCwxLDYw\" href=\"https:\/\/ma-sante.news\/inscrivez-vous-a-notre-newsletter\/\" target=\"_blank\" rel=\"noopener\"><img loading=\"lazy\" decoding=\"async\" width=\"1068\" height=\"131\" src=\"data:image\/svg+xml,%3Csvg%20xmlns=\" http:=\"\" data-lazy-src=\"https:\/\/www.europesays.com\/fr\/wp-content\/uploads\/2025\/03\/banniere-newsletter.png\"\/><\/a> <\/p>\n<p>Un nouveau traitement porteur d\u2019espoir pour des milliers de patients atteints de la maladie d\u2019Alzheimer va enfin \u00eatre mis sur le march\u00e9. Son nom: le Lecanemab (commercialis\u00e9 sous le nom de Leqembi). Mais le feu vert europ\u00e9en pour cette innovation ne s\u2019est pas fait sans heurts. Apr\u00e8s un premier refus du comit\u00e9 scientifique de l\u2019Agence Europ\u00e9enne du m\u00e9dicament (EMA) en juillet 2024, un avis favorable avait \u00e9t\u00e9 \u00e9mis en novembre de la m\u00eame ann\u00e9e. Mais en janvier 2025, la Commission europ\u00e9enne a exig\u00e9 une nouvelle \u00e9valuation. Ce n\u2019est qu\u2019apr\u00e8s une s\u00e9rie de votes, dont un avis \u00ab neutre \u00bb en avril, que l\u2019autorisation vient d\u2019\u00eatre d\u00e9finitivement accord\u00e9e le 15 avril 2025. A la cl\u00e9, donc, une avanc\u00e9e majeure pour<a href=\"https:\/\/ma-sante.news\/alzheimer-mais-pourquoi-la-maladie-touche-de-plus-en-plus-de-monde\/\" target=\"_blank\" rel=\"noopener\"> les patients atteints d\u2019Alzheimer. <\/a><\/p>\n<p>        Un nouvel espoir pour des milliers de patients    <strong>Leqembi, un m\u00e9dicament qui pourrait bien changer la vie des malades<\/strong>    <\/p>\n<p>Bref, ce 15 avril 2025 pourrait marquer un tournant dans la lutte contre la maladie, le nouveau<a href=\"https:\/\/ma-sante.news\/alzheimer-et-autres-demences-le-vaccin-contre-le-zona-pour-reduire-le-risque\/\" target=\"_blank\" rel=\"noopener\"> traitement contre Alzheimer <\/a>agissant directement sur l\u2019une des causes biologiques de la maladie : les plaques amylo\u00efdes dans le cerveau.<\/p>\n<p>L\u2019autorisation europ\u00e9enne concerne les personnes atteintes de troubles cognitifs l\u00e9gers ou aux<a href=\"https:\/\/ma-sante.news\/sante-maladie-alzheimer-troubles-memoire-comportements-vieillesse-seniors-signes-symptomes-rhone-alpes-lyon-hcl\/\" target=\"_blank\" rel=\"noopener\"> tout premiers stades de la maladie d\u2019Alzheimer<\/a>. Autrement dit, les malades encore autonomes mais dont la m\u00e9moire commence \u00e0 flancher. Et pour eux, l\u2019arriv\u00e9e du Leqembi pourrait bien tout changer.<\/p>\n<p>        <strong>Pourquoi ce traitement est-il si attendu ?<\/strong>    <\/p>\n<p>Contrairement aux m\u00e9dicaments actuels qui soulagent uniquement les sympt\u00f4mes, le Lecanemab s\u2019attaque directement aux d\u00e9p\u00f4ts de prot\u00e9ines amylo\u00efdes qui s\u2019accumulent anormalement dans le cerveau et perturbent la communication entre les neurones. Ces plaques sont l\u2019un <a href=\"https:\/\/ma-sante.news\/alzheimer-pertes-memoire-pas-seul-signe-avant-coureur-sommeil\/\" target=\"_blank\" rel=\"noopener\">des signes caract\u00e9ristiques de la maladie d\u2019Alzheimer.<\/a><\/p>\n<p>Selon les donn\u00e9es issues des essais cliniques, le Leqembi a permis de ralentir le d\u00e9clin cognitif de 27 % en 18 mois chez les patients trait\u00e9s par rapport \u00e0 ceux sous placebo. Cela signifie un maintien plus long de la m\u00e9moire, de l\u2019autonomie, des capacit\u00e9s d\u2019orientation et du lien social\u200b.<\/p>\n<p>        Un traitement encadr\u00e9 et r\u00e9serv\u00e9 \u00e0 certains profils    <strong>Qui peut en b\u00e9n\u00e9ficier ?<\/strong>    <\/p>\n<p>Attention toutefois : le Leqembi ne s\u2019adresse pas \u00e0 tous les patients. Son usage est strictement encadr\u00e9.<\/p>\n<ul class=\"wp-block-list\">\n<li>Les personnes porteuses d\u2019une seule copie ou aucune du g\u00e8ne ApoE4 (un facteur g\u00e9n\u00e9tique de risque),<\/li>\n<li>Les malades pr\u00e9sentant des d\u00e9p\u00f4ts amylo\u00efdes d\u00e9tect\u00e9s par imagerie c\u00e9r\u00e9brale.<\/li>\n<\/ul>\n<p>Les personnes porteuses de deux copies du g\u00e8ne ApoE4 (ApoE4\/ApoE4) sont exclues du traitement car elles pr\u00e9sentent un risque plus \u00e9lev\u00e9 d\u2019effets secondaires.<\/p>\n<p>        <strong>Des effets secondaires sous surveillance<\/strong>    <\/p>\n<p>Comme tout traitement innovant, le Lecanemab n\u2019est pas sans risques. Le principal danger identifi\u00e9 : les ARIA (amyloid-related imaging abnormalities), c\u2019est-\u00e0-dire des h\u00e9morragies ou des \u0153d\u00e8mes c\u00e9r\u00e9braux visibles \u00e0 l\u2019IRM.<\/p>\n<p>Ces effets secondaires sont g\u00e9n\u00e9ralement b\u00e9nins, mais dans certains cas, ils peuvent s\u2019aggraver. C\u2019est pourquoi <a href=\"https:\/\/ma-sante.news\/radiologie-scanner-irm-echo-radio-difference\/\" target=\"_blank\" rel=\"noopener\">une surveillance par imagerie c\u00e9r\u00e9brale<\/a> est indispensable tout au long du traitement\u200b.<\/p>\n<p>        Une disponibilit\u00e9 attendue en France    <\/p>\n<p>L\u2019autorisation europ\u00e9enne est une premi\u00e8re \u00e9tape. Pour que le Leqembi soit accessible en France, il faut encore obtenir une autorisation d\u2019acc\u00e8s pr\u00e9coce de la part de la Haute Autorit\u00e9 de Sant\u00e9 (HAS).<\/p>\n<p>Une demande est en cours, soutenue activement par la Fondation Vaincre Alzheimer.<\/p>\n<p>        Une avanc\u00e9e, mais pas une solution miracle    <\/p>\n<p>Il est important de souligner que le Leqembi ne gu\u00e9rit pas la maladie d\u2019Alzheimer. Cet immunoth\u00e9rapie anti-amylo\u00efde permet juste de ralentir son \u00e9volution en ciblant l\u2019une de ses causes. Mais c\u2019est d\u00e9j\u00e0 une lueur d\u2019espoir pour de nombreux malades et la recherche continue, car la maladie est multifactorielle et complexe.<\/p>\n<p>Enfin, ce nouveau traitement s\u2019ajoute aux autres pistes explor\u00e9es : <a href=\"https:\/\/ma-sante.news\/alzheimer-et-si-on-essayait-lequitherapie\/\" target=\"_blank\" rel=\"noopener\">stimulation cognitive<\/a>, <a href=\"https:\/\/ma-sante.news\/alzheimer-comment-ameliorer-le-quotidien-du-malade-et-de-son-aidant\/\" target=\"_blank\" rel=\"noopener\">hygi\u00e8ne de vie<\/a>, <a href=\"https:\/\/ma-sante.news\/alzheimer-un-test-sanguin-fiable-depister-bientot-dans-les-hopitaux\/\" target=\"_blank\" rel=\"noopener\">d\u00e9pistage pr\u00e9coce<\/a>\u2026 Et il ouvre surtout la voie \u00e0 des th\u00e9rapies plus personnalis\u00e9es et plus efficaces dans les ann\u00e9es \u00e0 venir.<\/p>\n<blockquote class=\"wp-block-quote is-layout-flow wp-block-quote-is-layout-flow\">\n<p><strong>\u00c0 SAVOIR<\/strong><\/p>\n<p>Le traitement baptis\u00e9 Leqembi\u00ae se fait par perfusions intraveineuses toutes les deux semaines. Cela n\u00e9cessite un suivi m\u00e9dical r\u00e9gulier, souvent en h\u00f4pital ou en centre sp\u00e9cialis\u00e9. Des versions plus simples \u00e0 utiliser, comme une injection sous-cutan\u00e9e, sont \u00e0 l\u2019\u00e9tude pour faciliter le quotidien des patients.<\/p>\n<\/blockquote>\n<p>  <a class=\"gofollow\" data-track=\"MTIsMCwxLDYw\" href=\"https:\/\/ma-sante.news\/annonceurs\/\" target=\"_blank\" rel=\"noopener\"><img loading=\"lazy\" decoding=\"async\" width=\"2560\" height=\"2133\" src=\"data:image\/svg+xml,%3Csvg%20xmlns=\" http:=\"\" data-lazy-src=\"https:\/\/www.europesays.com\/fr\/wp-content\/uploads\/2025\/03\/pub-annonceurs-4-scaled.jpg\"\/><\/a>    <img loading=\"lazy\" decoding=\"async\" width=\"755\" height=\"495\" src=\"data:image\/svg+xml,%3Csvg%20xmlns=\" http:=\"\" data-lazy-src=\"https:\/\/www.europesays.com\/fr\/wp-content\/uploads\/2025\/03\/Image1.jpg\"\/>Inscrivez-vous \u00e0 notre newsletter <br \/>Ma Sant\u00e9                      <\/p>\n","protected":false},"excerpt":{"rendered":"Avant l\u2019Europe, Leqembi\u00ae avait d\u00e9j\u00e0 \u00e9t\u00e9 approuv\u00e9 aux \u00c9tats-Unis, au Japon, en Cor\u00e9e du Sud, au Royaume-Uni et&hellip;\n","protected":false},"author":2,"featured_media":31249,"comment_status":"","ping_status":"","sticky":false,"template":"","format":"standard","meta":{"footnotes":""},"categories":[6],"tags":[772,35,231,33,34,1011,27,1094],"class_list":{"0":"post-31248","1":"post","2":"type-post","3":"status-publish","4":"format-standard","5":"has-post-thumbnail","7":"category-economie","8":"tag-alzheimer","9":"tag-business","10":"tag-cerveau","11":"tag-economie","12":"tag-economy","13":"tag-fr","14":"tag-france","15":"tag-maladies-neurodu00e9gu00e9nu00e9ratives"},"share_on_mastodon":{"url":"https:\/\/pubeurope.com\/@fr\/114352399655299418","error":""},"_links":{"self":[{"href":"https:\/\/www.europesays.com\/fr\/wp-json\/wp\/v2\/posts\/31248","targetHints":{"allow":["GET"]}}],"collection":[{"href":"https:\/\/www.europesays.com\/fr\/wp-json\/wp\/v2\/posts"}],"about":[{"href":"https:\/\/www.europesays.com\/fr\/wp-json\/wp\/v2\/types\/post"}],"author":[{"embeddable":true,"href":"https:\/\/www.europesays.com\/fr\/wp-json\/wp\/v2\/users\/2"}],"replies":[{"embeddable":true,"href":"https:\/\/www.europesays.com\/fr\/wp-json\/wp\/v2\/comments?post=31248"}],"version-history":[{"count":0,"href":"https:\/\/www.europesays.com\/fr\/wp-json\/wp\/v2\/posts\/31248\/revisions"}],"wp:featuredmedia":[{"embeddable":true,"href":"https:\/\/www.europesays.com\/fr\/wp-json\/wp\/v2\/media\/31249"}],"wp:attachment":[{"href":"https:\/\/www.europesays.com\/fr\/wp-json\/wp\/v2\/media?parent=31248"}],"wp:term":[{"taxonomy":"category","embeddable":true,"href":"https:\/\/www.europesays.com\/fr\/wp-json\/wp\/v2\/categories?post=31248"},{"taxonomy":"post_tag","embeddable":true,"href":"https:\/\/www.europesays.com\/fr\/wp-json\/wp\/v2\/tags?post=31248"}],"curies":[{"name":"wp","href":"https:\/\/api.w.org\/{rel}","templated":true}]}}