{"id":312491,"date":"2025-08-11T21:34:12","date_gmt":"2025-08-11T21:34:12","guid":{"rendered":"https:\/\/www.europesays.com\/fr\/312491\/"},"modified":"2025-08-11T21:34:12","modified_gmt":"2025-08-11T21:34:12","slug":"elle-a-tout-plaque-pour-produire-de-lhuile-dolive","status":"publish","type":"post","link":"https:\/\/www.europesays.com\/fr\/312491\/","title":{"rendered":"elle a tout plaqu\u00e9 pour produire de l\u2019huile d\u2019olive"},"content":{"rendered":"<p>Belfast m\u00e8ne \u00e0 tout et surtout au meilleur\u00a0! La Lyonnaise Philippine Mignot ne dira pas le contraire. Partie pour une ann\u00e9e Erasmus, alors qu\u2019elle \u00e9tudiait le droit europ\u00e9en \u00e0 Lyon, il y a une dizaine d\u2019ann\u00e9es, la jeune femme s\u2019est ouverte \u00e0 d\u2019autres cultures dans sa colocation d\u2019Irlande du Nord. \u00ab\u00a0Cela a \u00e9t\u00e9 l\u2019une des plus belles ann\u00e9es de ma vie, puisque j\u2019y ai rencontr\u00e9 mon conjoint. Une ann\u00e9e charni\u00e8re aussi.\u00a0\u00bb<\/p>\n<p>Rentr\u00e9e en France avec le moral dans les chaussettes, laissant son amoureux andalou s\u2019installer seul \u00e0 Londres, l\u2019\u00e9tudiante s\u2019est r\u00e9inscrite pour un master en droit du cin\u00e9ma audiovisuel et multim\u00e9dia. \u00ab\u00a0Mais une fois qu\u2019on est parti \u00e0 l\u2019\u00e9tranger et qu\u2019on rentre en France, on se rend compte de plein de choses. La mentalit\u00e9 qui finalement est un peu ferm\u00e9e, l\u2019esprit critique, le snobisme. \u00c0 Belfast, c\u2019\u00e9tait tout le contraire. Les gens \u00e9taient toujours tr\u00e8s chaleureux\u00a0\u00bb, relate-t-elle.<\/p>\n<p>\u00ab\u00a0Mo&#8230;                        <\/p>\n","protected":false},"excerpt":{"rendered":"Belfast m\u00e8ne \u00e0 tout et surtout au meilleur\u00a0! La Lyonnaise Philippine Mignot ne dira pas le contraire. Partie&hellip;\n","protected":false},"author":2,"featured_media":312492,"comment_status":"","ping_status":"","sticky":false,"template":"","format":"standard","meta":{"footnotes":""},"categories":[1889],"tags":[1111,11,327,2430,33,2757,1777,674,1011,27,2428,2756,12,25,2429,104],"class_list":{"0":"post-312491","1":"post","2":"type-post","3":"status-publish","4":"format-standard","5":"has-post-thumbnail","7":"category-lyon","8":"tag-actu","9":"tag-actualites","10":"tag-agriculture","11":"tag-auvergne-rhone-alpes","12":"tag-economie","13":"tag-edition-lyon-villeurbanne","14":"tag-eu","15":"tag-europe","16":"tag-fr","17":"tag-france","18":"tag-lyon","19":"tag-lyon-bassin","20":"tag-news","21":"tag-republique-francaise","22":"tag-rhone","23":"tag-societe"},"share_on_mastodon":{"url":"https:\/\/pubeurope.com\/@fr\/115012282865427222","error":""},"_links":{"self":[{"href":"https:\/\/www.europesays.com\/fr\/wp-json\/wp\/v2\/posts\/312491","targetHints":{"allow":["GET"]}}],"collection":[{"href":"https:\/\/www.europesays.com\/fr\/wp-json\/wp\/v2\/posts"}],"about":[{"href":"https:\/\/www.europesays.com\/fr\/wp-json\/wp\/v2\/types\/post"}],"author":[{"embeddable":true,"href":"https:\/\/www.europesays.com\/fr\/wp-json\/wp\/v2\/users\/2"}],"replies":[{"embeddable":true,"href":"https:\/\/www.europesays.com\/fr\/wp-json\/wp\/v2\/comments?post=312491"}],"version-history":[{"count":0,"href":"https:\/\/www.europesays.com\/fr\/wp-json\/wp\/v2\/posts\/312491\/revisions"}],"wp:featuredmedia":[{"embeddable":true,"href":"https:\/\/www.europesays.com\/fr\/wp-json\/wp\/v2\/media\/312492"}],"wp:attachment":[{"href":"https:\/\/www.europesays.com\/fr\/wp-json\/wp\/v2\/media?parent=312491"}],"wp:term":[{"taxonomy":"category","embeddable":true,"href":"https:\/\/www.europesays.com\/fr\/wp-json\/wp\/v2\/categories?post=312491"},{"taxonomy":"post_tag","embeddable":true,"href":"https:\/\/www.europesays.com\/fr\/wp-json\/wp\/v2\/tags?post=312491"}],"curies":[{"name":"wp","href":"https:\/\/api.w.org\/{rel}","templated":true}]}}