{"id":312497,"date":"2025-08-11T21:38:12","date_gmt":"2025-08-11T21:38:12","guid":{"rendered":"https:\/\/www.europesays.com\/fr\/312497\/"},"modified":"2025-08-11T21:38:12","modified_gmt":"2025-08-11T21:38:12","slug":"quand-les-marques-de-vetements-sadaptent-aux-fortes-chaleurs","status":"publish","type":"post","link":"https:\/\/www.europesays.com\/fr\/312497\/","title":{"rendered":"quand les marques de v\u00eatements s&rsquo;adaptent aux fortes chaleurs"},"content":{"rendered":"<p>            lire plus tard<\/p>\n<p id=\"dialog__title\" class=\"dialog__title\">Pour sauvegarder cet article, connectez-vous ou cr\u00e9ez un compte franceinfo<\/p>\n<p class=\"dialog__description\">Sans paiement. Sans abonnement.<\/p>\n<p>        Fermer la fen\u00eatre d\u2019activation des notifications France Info<\/p>\n<p>            cr\u00e9er votre compte<\/p>\n<p>            se connecter<\/p>\n<p>        Fermer la fen\u00eatre de pr\u00e9sentation<\/p>\n<p>    Publi\u00e9 le 11\/08\/2025 20:46<\/p>\n<p>      Mis \u00e0 jour le 11\/08\/2025 22:17<\/p>\n<p>        Temps de lecture : 2min &#8211; vid\u00e9o : 2min<\/p>\n<p>    <img decoding=\"async\" class=\"francetv-player-wrapper__image\" alt=\"Canicule : quand les marques de v\u00eatements s'adaptent aux fortes chaleurs\"  width=\"432\" height=\"243\" src=\"https:\/\/www.europesays.com\/fr\/wp-content\/uploads\/2025\/08\/chaleur-689a3a576778a435227908.png\" fetchpriority=\"high\"\/><\/p>\n<p>              Canicule : quand les marques de v\u00eatements s&rsquo;adaptent aux fortes chaleurs<br \/>\n                    (France 2)<\/p>\n<p>      2min<\/p>\n<p>\n  Pour aider le corps \u00e0 mieux supporter les chaleurs extr\u00eames, mieux vaut choisir les bons v\u00eatements. Depuis plusieurs ann\u00e9es, les marques se sont adapt\u00e9es au r\u00e9chauffement climatique.\u00a0 \u00a0\n<\/p>\n<p><strong>Ce texte correspond \u00e0 une partie de la retranscription du reportage ci-dessus. Cliquez sur la vid\u00e9o pour la regarder en int\u00e9gralit\u00e9.\u00a0<\/strong><\/p>\n<p>En <a target=\"_blank\" rel=\"noopener nofollow\" href=\"https:\/\/france3-regions.franceinfo.fr\/occitanie\/haute-garonne\/toulouse\/40-des-ce-jeudi-les-5-erreurs-a-ne-pas-commettre-pour-se-rafraichir-en-periode-de-fortes-chaleurs-3198135.html\">pleine vague de chaleur<\/a>, chacun sa tenue, ce lundi 11 ao\u00fbt. Il y a ceux qui optent pour le short, d&rsquo;autres pour le d\u00e9bardeur. Anne, elle, a choisi la robe. \u00ab\u00a0Je m&rsquo;habille le plus l\u00e9g\u00e8rement possible, donc g\u00e9n\u00e9ralement en robe, sans manches, avec des petites sandales ouvertes\u00a0\u00bb, d\u00e9taille-t-elle. \u00ab\u00a0Un pantalon un peu ample en tissu et puis une chemise en lin\u00a0\u00bb, d\u00e9crit de son c\u00f4t\u00e9 un homme.<\/p>\n<p>Depuis quelques ann\u00e9es, des v\u00eatements aux mati\u00e8res anti-chaleur gagnent du terrain dans les magasins. Chez Celio, on mise sur le lyocell, une nouvelle fibre \u00e0 base de pulpe de bois. \u00ab\u00a0Il va \u00eatre thermor\u00e9gulateur dans le sens o\u00f9 il ne va vraiment pas tenir chaud, il va \u00eatre thermorespirant, vraiment l\u00e9ger et agr\u00e9able \u00e0 porter\u00a0\u00bb, explique Sandra Barboteau, directrice de zone.<\/p>\n<p>De s\u00e9rieux atouts, selon un client venu s&rsquo;\u00e9quiper pour la canicule. \u00ab\u00a0C&rsquo;est hyper l\u00e9ger. (&#8230;) Il faut se sentir bien dans sa peau quand on s&rsquo;habille. M\u00eame quand il fait chaud\u00a0\u00bb, confie-t-il. Comme lui, les clients sont nombreux \u00e0 \u00eatre s\u00e9duits par ces mati\u00e8res innovantes : elles repr\u00e9sentent pr\u00e8s de la moiti\u00e9 des ventes cette ann\u00e9e. Un succ\u00e8s que la marque a bien compris, au point de faire durer la collection d&rsquo;\u00e9t\u00e9 plus longtemps.<\/p>\n<p>\u00ab\u00a0Il y a dix ans, juste apr\u00e8s les soldes, on aurait sorti beaucoup de nouveaux costumes avec des couleurs un peu plus sombres, des mati\u00e8res un peu plus \u00e9paisses. Et aujourd&rsquo;hui, on se rend compte que la m\u00e9t\u00e9o fait que nos clients ont encore besoin de produits qui sont tr\u00e8s l\u00e9gers\u00a0\u00bb, poursuit Sandra Barboteau.<\/p>\n<p>Innover, miser sur de nouvelles fibres ou bien revenir aux fondamentaux : dans un atelier de Normandie, tous les v\u00eatements sont en lin. R\u00e9put\u00e9s pour \u00eatre l\u00e9gers, les ventes s&rsquo;envolent comme les temp\u00e9ratures. Le chiffre d&rsquo;affaires de la marque a plus que doubl\u00e9 en seulement trois ans. \u00ab\u00a0On s&rsquo;attendait \u00e0 avoir, en effet, un pic un petit peu plus important sur cette p\u00e9riode \u00e0 partir d&rsquo;avril. J&rsquo;avoue que cette ann\u00e9e, \u00e7a a \u00e9t\u00e9 assez impressionnant\u00a0\u00bb, commente Chlo\u00e9 Vasseur, la responsable technique de Mijuin. Pour r\u00e9pondre \u00e0 la demande, elle a m\u00eame d\u00fb recruter une couturi\u00e8re suppl\u00e9mentaire.<\/p>\n","protected":false},"excerpt":{"rendered":"lire plus tard Pour sauvegarder cet article, connectez-vous ou cr\u00e9ez un compte franceinfo Sans paiement. Sans abonnement. Fermer&hellip;\n","protected":false},"author":2,"featured_media":312498,"comment_status":"","ping_status":"","sticky":false,"template":"","format":"standard","meta":{"footnotes":""},"categories":[1888],"tags":[1111,1928,11,1927,1777,674,1011,27,12,1926,626,1925,25],"class_list":{"0":"post-312497","1":"post","2":"type-post","3":"status-publish","4":"format-standard","5":"has-post-thumbnail","7":"category-paris","8":"tag-actu","9":"tag-actu-paris","10":"tag-actualites","11":"tag-actualites-paris","12":"tag-eu","13":"tag-europe","14":"tag-fr","15":"tag-france","16":"tag-news","17":"tag-news-paris","18":"tag-paris","19":"tag-paris-news","20":"tag-republique-francaise"},"share_on_mastodon":{"url":"https:\/\/pubeurope.com\/@fr\/115012298619562383","error":""},"_links":{"self":[{"href":"https:\/\/www.europesays.com\/fr\/wp-json\/wp\/v2\/posts\/312497","targetHints":{"allow":["GET"]}}],"collection":[{"href":"https:\/\/www.europesays.com\/fr\/wp-json\/wp\/v2\/posts"}],"about":[{"href":"https:\/\/www.europesays.com\/fr\/wp-json\/wp\/v2\/types\/post"}],"author":[{"embeddable":true,"href":"https:\/\/www.europesays.com\/fr\/wp-json\/wp\/v2\/users\/2"}],"replies":[{"embeddable":true,"href":"https:\/\/www.europesays.com\/fr\/wp-json\/wp\/v2\/comments?post=312497"}],"version-history":[{"count":0,"href":"https:\/\/www.europesays.com\/fr\/wp-json\/wp\/v2\/posts\/312497\/revisions"}],"wp:featuredmedia":[{"embeddable":true,"href":"https:\/\/www.europesays.com\/fr\/wp-json\/wp\/v2\/media\/312498"}],"wp:attachment":[{"href":"https:\/\/www.europesays.com\/fr\/wp-json\/wp\/v2\/media?parent=312497"}],"wp:term":[{"taxonomy":"category","embeddable":true,"href":"https:\/\/www.europesays.com\/fr\/wp-json\/wp\/v2\/categories?post=312497"},{"taxonomy":"post_tag","embeddable":true,"href":"https:\/\/www.europesays.com\/fr\/wp-json\/wp\/v2\/tags?post=312497"}],"curies":[{"name":"wp","href":"https:\/\/api.w.org\/{rel}","templated":true}]}}