{"id":312503,"date":"2025-08-11T21:41:17","date_gmt":"2025-08-11T21:41:17","guid":{"rendered":"https:\/\/www.europesays.com\/fr\/312503\/"},"modified":"2025-08-11T21:41:17","modified_gmt":"2025-08-11T21:41:17","slug":"si-on-ne-regule-pas-le-tourisme-a-paris-on-risque-detre-confrontes-a-un-rejet-de-la-population-liberation","status":"publish","type":"post","link":"https:\/\/www.europesays.com\/fr\/312503\/","title":{"rendered":"\u00abSi on ne r\u00e9gule pas le tourisme \u00e0 Paris, on risque d\u2019\u00eatre confront\u00e9s \u00e0 un rejet de la population\u00bb \u2013 Lib\u00e9ration"},"content":{"rendered":"<p class=\"sc-ksZaOG ehjQrN text-element\">Un an apr\u00e8s les <a href=\"https:\/\/www.liberation.fr\/sports\/jeux-olympiques\/jo-de-paris-2024-apres-la-liesse-les-fausses-promesses-20250724_ZCA3ICETBNA3NDSCCTMVNTFBNY\/\" target=\"_blank\" rel=\"nofollow noopener\" title=\"https:\/\/www.liberation.fr\/sports\/jeux-olympiques\/jo-de-paris-2024-apres-la-liesse-les-fausses-promesses-20250724_ZCA3ICETBNA3NDSCCTMVNTFBNY\/\">Jeux olympiques<\/a>, Fr\u00e9d\u00e9ric Hocquard, adjoint Les Ecologistes \u00e0 la mairie de Paris, charg\u00e9 du tourisme et de la vie nocturne, fait le constat d\u2019une attractivit\u00e9 transform\u00e9e. Plus jeunes, plus festifs, les visiteurs ne viennent plus seulement \u00e0 Paris pour voir les monuments historiques. Mais face \u00e0 l\u2019augmentation de la fr\u00e9quentation, l\u2019\u00e9lu alerte sur les risques \u00abd\u2019embolie\u00bb et appelle \u00e0 r\u00e9guler.<\/p>\n<p class=\"sc-ksZaOG ehjQrN text-element\"><b>Comment l\u2019organisation des Jeux olympiques a-t-elle transform\u00e9 le tourisme ?<\/b><\/p>\n<p class=\"sc-ksZaOG ehjQrN text-element\">On observe deux choses. La premi\u00e8re, c\u2019est que, comme pour n\u2019importe quelle ville qui accueille les JO, il y a une augmentation significative de la fr\u00e9quentation \u00e0 Paris de l\u2019ordre de 5 % \u00e0 10 % par rapport \u00e0 l\u2019ann\u00e9e derni\u00e8re, que l\u2019on consid\u00e8re comme li\u00e9e aux Jeux olympiques, notamment des touristes venant d\u2019Europe et d\u2019Am\u00e9rique du Nord. La deuxi\u00e8me, c\u2019est un impact sur le tourisme festif, nocturne, comme <a href=\"https:\/\/www.liberation.fr\/lifestyle\/a-paris-la-fete-de-la-musique-a-deborde-la-vasque-20250622_6OMYIBLCQJH2JG2UF5DR4MJ5OI\/\" target=\"_blank\" rel=\"nofollow noopener\" title=\"https:\/\/www.liberation.fr\/lifestyle\/a-paris-la-fete-de-la-musique-a-deborde-la-vasque-20250622_6OM&lt;\/p&gt;&lt;\/div&gt;&lt;\/article&gt;&lt;\/div&gt;&lt;div data-fusion-lazy-id=\" f0f8vgvlad832fw=\"\"><\/p>\n","protected":false},"excerpt":{"rendered":"Un an apr\u00e8s les Jeux olympiques, Fr\u00e9d\u00e9ric Hocquard, adjoint Les Ecologistes \u00e0 la mairie de Paris, charg\u00e9 du&hellip;\n","protected":false},"author":2,"featured_media":312504,"comment_status":"","ping_status":"","sticky":false,"template":"","format":"standard","meta":{"footnotes":""},"categories":[1888],"tags":[11,1777,674,1011,27,7941,12,626,25,602],"class_list":{"0":"post-312503","1":"post","2":"type-post","3":"status-publish","4":"format-standard","5":"has-post-thumbnail","7":"category-paris","8":"tag-actualites","9":"tag-eu","10":"tag-europe","11":"tag-fr","12":"tag-france","13":"tag-jo-paris-2024","14":"tag-news","15":"tag-paris","16":"tag-republique-francaise","17":"tag-tourisme"},"share_on_mastodon":{"url":"https:\/\/pubeurope.com\/@fr\/115012310460092247","error":""},"_links":{"self":[{"href":"https:\/\/www.europesays.com\/fr\/wp-json\/wp\/v2\/posts\/312503","targetHints":{"allow":["GET"]}}],"collection":[{"href":"https:\/\/www.europesays.com\/fr\/wp-json\/wp\/v2\/posts"}],"about":[{"href":"https:\/\/www.europesays.com\/fr\/wp-json\/wp\/v2\/types\/post"}],"author":[{"embeddable":true,"href":"https:\/\/www.europesays.com\/fr\/wp-json\/wp\/v2\/users\/2"}],"replies":[{"embeddable":true,"href":"https:\/\/www.europesays.com\/fr\/wp-json\/wp\/v2\/comments?post=312503"}],"version-history":[{"count":0,"href":"https:\/\/www.europesays.com\/fr\/wp-json\/wp\/v2\/posts\/312503\/revisions"}],"wp:featuredmedia":[{"embeddable":true,"href":"https:\/\/www.europesays.com\/fr\/wp-json\/wp\/v2\/media\/312504"}],"wp:attachment":[{"href":"https:\/\/www.europesays.com\/fr\/wp-json\/wp\/v2\/media?parent=312503"}],"wp:term":[{"taxonomy":"category","embeddable":true,"href":"https:\/\/www.europesays.com\/fr\/wp-json\/wp\/v2\/categories?post=312503"},{"taxonomy":"post_tag","embeddable":true,"href":"https:\/\/www.europesays.com\/fr\/wp-json\/wp\/v2\/tags?post=312503"}],"curies":[{"name":"wp","href":"https:\/\/api.w.org\/{rel}","templated":true}]}}