{"id":312507,"date":"2025-08-11T21:43:19","date_gmt":"2025-08-11T21:43:19","guid":{"rendered":"https:\/\/www.europesays.com\/fr\/312507\/"},"modified":"2025-08-11T21:43:19","modified_gmt":"2025-08-11T21:43:19","slug":"trump-espere-une-rencontre-constructive-avec-poutine-et-assure-quil-appellera-zelensky-dans-la-foulee-liberation","status":"publish","type":"post","link":"https:\/\/www.europesays.com\/fr\/312507\/","title":{"rendered":"Trump esp\u00e8re une rencontre \u00abconstructive\u00bb avec Poutine et assure qu\u2019il appellera Zelensky dans la foul\u00e9e \u2013 Lib\u00e9ration"},"content":{"rendered":"<p class=\"sc-ksZaOG ehjQrN text-element\">Donald Trump vise la lune. Le pr\u00e9sident am\u00e9ricain s\u2019est \u00e9panch\u00e9 ce lundi 11 ao\u00fbt sur <a href=\"https:\/\/www.liberation.fr\/international\/amerique\/donald-trump-pret-a-rencontrer-vladimir-poutine-des-la-semaine-prochaine-20250807_MV2FIVAAMRHJJFXVXXASQ7KVEU\/\" target=\"_blank\" rel=\"noreferrer noopener\" title=\"https:\/\/www.liberation.fr\/international\/amerique\/donald-trump-pret-a-rencontrer-vladimir-poutine-des-la-semaine-prochaine-20250807_MV2FIVAAMRHJJFXVXXASQ7KVEU\/\">sa rencontre pr\u00e9vue vendredi avec Vladimir Poutine<\/a> en Alaska : il esp\u00e8re une discussion \u00abconstructive\u00bb, quand bien m\u00eame son homologue russe a montr\u00e9 \u00e0 maintes reprises \u00e0 quel point il \u00e9tait peu ouvert \u00e0 la discussion quand il s\u2019agit de mettre fin \u00e0 la guerre en Ukraine. \u00abJe vais m\u2019entretenir avec Vladimir Poutine et je vais lui dire \u201cVous devez mettre fin \u00e0 cette guerre\u201d\u00bb, a martel\u00e9 Trump lors d\u2019une conf\u00e9rence de presse \u00e0 la Maison Blanche. \u00abJ\u2019aimerais voir un cessez-le-feu tr\u00e8s, tr\u00e8s rapidement.\u00bb<\/p>\n<p class=\"sc-ksZaOG ehjQrN text-element\">Des propos qui interviennent <a href=\"https:\/\/www.liberation.fr\/international\/europe\/sommet-trump-poutine-les-montagnes-russes-de-volodymyr-zelensky-20250810_MALKYQF35JFF3HFAF6BTDMYYJU\/\" target=\"_blank\" rel=\"noreferrer noopener\" title=\"https:\/\/www.liberation.fr\/international\/europe\/sommet-trump-poutine-les-montagnes-russes-de-volodymyr-zelensky-20250810_MALKYQF35JFF3HFAF6BTDMYYJU\/\">au moment o\u00f9 Volodymir Zelensky tire la sonnette d\u2019alarme<\/a> dans une d\u00e9claration vid\u00e9o publi\u00e9e ce lundi soir sur ses r\u00e9seaux sociaux. Il y assure que la Russie n\u2019envoie aucun signal pouvant indiquer une volont\u00e9 d\u2019aller vers la paix : \u00abAu contraire, ils d\u00e9placent leurs troupes et forces de fa\u00e7on \u00e0 lancer de nouvelles op\u00e9rations offensives.\u00bb<\/p>\n<p class=\"sc-ksZaOG ehjQrN text-element\">Le pr\u00e9sident ukrainien <a href=\"https:\/\/www.liberation.fr\/international\/europe\/zelensky-affiche-sa-fermete-apres-lannonce-du-sommet-trump-poutine-20250809_FBV2QSQ2BZGSFFSPFYVM764BSM\/\" target=\"_blank\" rel=\"noreferrer noopener\" title=\"https:\/\/www.liberation.fr\/international\/europe\/zelensky-affiche-sa-fermete-apres-lannonce-du-sommet-trump-poutine-20250809_FBV2QSQ2BZGSFFSPFYVM764BSM\/\">avait d\u00e9j\u00e0 d\u00e9clar\u00e9 samedi<\/a> : \u00abToute d\u00e9cision qui serait prise contre nous, toute d\u00e9cision qui serait prise sans l\u2019Ukraine, serait une d\u00e9cision contre la paix\u00bb Et d\u2019ajouter : \u00abLes Ukrainiens n\u2019abandonneront pas leur terre aux occupants.\u00bb L\u2019arm\u00e9e russe occupe actuellement environ 20 % du territoire ukrainien.<\/p>\n<p class=\"sc-ksZaOG ehjQrN text-element\">Donald Trump, qui a rompu avec la ligne de soutien sans faille \u00e0 l\u2019Ukraine de son pr\u00e9d\u00e9cesseur Joe Biden, s\u2019est dit \u00abun peu contrari\u00e9 que Zelensky dise \u201cJe dois avoir une autorisation constitutionnelle\u201d\u00bb pour c\u00e9der des territoires. \u00abIl a obtenu l\u2019autorisation d\u2019entrer en guerre et de tuer tout le monde mais il a besoin d\u2019une autorisation pour proc\u00e9der \u00e0 un \u00e9change de territoires ?\u00bb, a l\u00e2ch\u00e9 Donald Trump, avant d\u2019ajouter : \u00abCar il y aura des \u00e9changes de territoires.\u00bb Selon le r\u00e9publicain de 79 ans, la solution est toute trouv\u00e9e : \u00abAu bout du compte <a href=\"https:\/\/www.liberation.fr\/international\/europe\/guerre-en-ukraine-les-etats-unis-veulent-programmer-une-rencontre-trump-poutine-zelensky-pour-mettre-fin-au-conflit-20250811_7ISHX3AKWZAJRKOFSKUSQHJKVY\/\" target=\"_blank\" rel=\"noreferrer noopener\" title=\"https:\/\/www.liberation.fr\/international\/europe\/guerre-en-ukraine-les-etats-unis-veulent-programmer-une-rencontre-trump-poutine-zelensky-pour-mettre-fin-au-conflit-20250811_7ISHX3AKWZAJRKOFSKUSQHJKVY\/\">je vais les mettre tous deux [Zelensky et Poutine, ndlr] dans une pi\u00e8ce<\/a>, j\u2019y serai ou je n\u2019y serai pas, et je pense que cela va se r\u00e9gler.\u00bb<\/p>\n<p class=\"sc-ksZaOG ehjQrN text-element\">Le pr\u00e9sident am\u00e9ricain a malgr\u00e9 tout fait savoir qu\u2019il contactera imm\u00e9diatement Volodymyr Zelensky ainsi que les dirigeants europ\u00e9ens apr\u00e8s l\u2019entrevue de vendredi. Mais il a aussi laiss\u00e9 entendre, et ce n\u2019est pas la premi\u00e8re fois, qu\u2019il pourrait se d\u00e9sengager totalement. \u00abPeut-\u00eatre que je dirai \u201cBonne chance, continuez \u00e0 vous battre\u00bb. Ou peut-\u00eatre que je dirai \u201cNous pouvons trouver un accord\u201d.\u00bb<\/p>\n<p class=\"sc-ksZaOG ehjQrN text-element\">Donald Trump a rappel\u00e9 <a href=\"https:\/\/www.liberation.fr\/international\/amerique\/trump-et-la-guerre-en-ukraine-une-volte-face-qui-interroge-20250715_ZSZLA3ZEMZB4TPC5BRJUSQHHRI\/\" target=\"_blank\" rel=\"noreferrer noopener\" title=\"https:\/\/www.liberation.fr\/international\/amerique\/trump-et-la-guerre-en-ukraine-une-volte-face-qui-interroge-20250715_ZSZLA3ZEMZB4TPC5BRJUSQHHRI\/\">qu\u2019il avait \u00e9t\u00e9 \u00abd\u00e9\u00e7u\u00bb par Vladimir Poutine<\/a> r\u00e9cemment, \u00e0 cause de frappes russes meurtri\u00e8res contre l\u2019Ukraine, mais n\u2019a pas r\u00e9it\u00e9r\u00e9 les attaques tr\u00e8s virulentes qu\u2019il a pu lancer contre le pr\u00e9sident russe via son r\u00e9seau Truth Social.<\/p>\n<p class=\"sc-ksZaOG ehjQrN text-element\">Le lieu exact du sommet de vendredi, premi\u00e8re entrevue en personne entre Donald Trump et Vladimir Poutine depuis 2019, mais qui fait suite \u00e0 plusieurs conversations t\u00e9l\u00e9phoniques depuis le retour au pouvoir du r\u00e9publicain en janvier, <a href=\"https:\/\/www.liberation.fr\/international\/amerique\/ce-que-lon-sait-de-la-rencontre-trump-poutine-en-alaska-le-15-aout-20250809_7MV5KNWQDZFITOTE3LHY7CMFHI\/\" target=\"_blank\" rel=\"noreferrer noopener\" title=\"https:\/\/www.liberation.fr\/international\/amerique\/ce-que-lon-sait-de-la-rencontre-trump-poutine-en-alaska-le-15-aout-20250809_7MV5KNWQDZFITOTE3LHY7CMFHI\/\">n\u2019a pas encore \u00e9t\u00e9 rendu public<\/a>. \u00abJe pense que cela va bien se passer, mais cela pourrait mal se passer\u00bb, a aussi lanc\u00e9 le pr\u00e9sident am\u00e9ricain, jugeant \u00abtr\u00e8s respectueux\u00bb de la part de son homologue russe de venir pour ce sommet sur le sol am\u00e9ricain. Par deux fois, dans un lapsus, le pr\u00e9sident am\u00e9ricain a dit qu\u2019il se rendait vendredi \u00aben Russie\u00bb, et non en Alaska, ce vaste Etat am\u00e9ricain du nord-ouest achet\u00e9 \u00e0 la Russie au XIXe si\u00e8cle.<\/p>\n<p class=\"sc-ksZaOG ehjQrN text-element\">Le dernier sommet entre un pr\u00e9sident am\u00e9ricain et un pr\u00e9sident russe avait eu lieu \u00e0 Gen\u00e8ve en juin 2021. La rencontre entre le d\u00e9mocrate Joe Biden et Vladimir Poutine avait \u00e9t\u00e9 glaciale.<\/p>\n","protected":false},"excerpt":{"rendered":"Donald Trump vise la lune. Le pr\u00e9sident am\u00e9ricain s\u2019est \u00e9panch\u00e9 ce lundi 11 ao\u00fbt sur sa rencontre pr\u00e9vue&hellip;\n","protected":false},"author":2,"featured_media":312508,"comment_status":"","ping_status":"","sticky":false,"template":"","format":"standard","meta":{"footnotes":""},"categories":[1590],"tags":[11,75,73,1777,674,12,132,220,297,135],"class_list":{"0":"post-312507","1":"post","2":"type-post","3":"status-publish","4":"format-standard","5":"has-post-thumbnail","7":"category-ukraine","8":"tag-actualites","9":"tag-donald-trump","10":"tag-etats-unis","11":"tag-eu","12":"tag-europe","13":"tag-news","14":"tag-russie","15":"tag-ukraine","16":"tag-ukraine-la-crise","17":"tag-vladimir-poutine"},"share_on_mastodon":{"url":"https:\/\/pubeurope.com\/@fr\/115012318270267697","error":""},"_links":{"self":[{"href":"https:\/\/www.europesays.com\/fr\/wp-json\/wp\/v2\/posts\/312507","targetHints":{"allow":["GET"]}}],"collection":[{"href":"https:\/\/www.europesays.com\/fr\/wp-json\/wp\/v2\/posts"}],"about":[{"href":"https:\/\/www.europesays.com\/fr\/wp-json\/wp\/v2\/types\/post"}],"author":[{"embeddable":true,"href":"https:\/\/www.europesays.com\/fr\/wp-json\/wp\/v2\/users\/2"}],"replies":[{"embeddable":true,"href":"https:\/\/www.europesays.com\/fr\/wp-json\/wp\/v2\/comments?post=312507"}],"version-history":[{"count":0,"href":"https:\/\/www.europesays.com\/fr\/wp-json\/wp\/v2\/posts\/312507\/revisions"}],"wp:featuredmedia":[{"embeddable":true,"href":"https:\/\/www.europesays.com\/fr\/wp-json\/wp\/v2\/media\/312508"}],"wp:attachment":[{"href":"https:\/\/www.europesays.com\/fr\/wp-json\/wp\/v2\/media?parent=312507"}],"wp:term":[{"taxonomy":"category","embeddable":true,"href":"https:\/\/www.europesays.com\/fr\/wp-json\/wp\/v2\/categories?post=312507"},{"taxonomy":"post_tag","embeddable":true,"href":"https:\/\/www.europesays.com\/fr\/wp-json\/wp\/v2\/tags?post=312507"}],"curies":[{"name":"wp","href":"https:\/\/api.w.org\/{rel}","templated":true}]}}