{"id":312525,"date":"2025-08-11T21:54:13","date_gmt":"2025-08-11T21:54:13","guid":{"rendered":"https:\/\/www.europesays.com\/fr\/312525\/"},"modified":"2025-08-11T21:54:13","modified_gmt":"2025-08-11T21:54:13","slug":"rugby-premiere-historique-une-femme-devient-presidente-de-la-federation-dune-nation-majeure","status":"publish","type":"post","link":"https:\/\/www.europesays.com\/fr\/312525\/","title":{"rendered":"Rugby. Premi\u00e8re historique, une femme devient pr\u00e9sidente de la f\u00e9d\u00e9ration d&rsquo;une nation majeure !"},"content":{"rendered":"<p>C&rsquo;est une nouvelle historique qui vient de toucher le rugby. Pour la premi\u00e8re fois de son Histoire, <strong>la\u00a0<\/strong><strong>f\u00e9d\u00e9ration nationale de rugby, d&rsquo;une nation majeure, a nomin\u00e9 \u00e0 sa t\u00eate une femme<\/strong>.<\/p>\n<p><strong>La F\u00e9d\u00e9ration anglaise de rugby (RFU, rugby football union) vient, en effet, d&rsquo;\u00e9lire Deborah Griffin, une femme, en tant que pr\u00e9sidente<\/strong>. Elle succ\u00e8de \u00e0 Bil Beaumont, ancien directeur de World Rugby qui assurait l&rsquo;int\u00e9rim depuis d\u00e9cembre 2024.<\/p>\n<p><a class=\"inserer_lien_article\" href=\"https:\/\/www.lerugbynistere.fr\/news\/rugby-on-est-servi-le-xv-de-france-feminin-balaye-par-langleterre-1008251033.php\" data-id=\"45786\" data-route=\"app.article\" data-param=\"articleId\" ui-sref=\"app.article({articleId: 45786})\" alt=\"RUGBY. \u2018\u2018On est servi\u2019\u2019, le XV de France F\u00e9minin balay\u00e9 par l\u2019Angleterre\" title=\"RUGBY. \u2018\u2018On est servi\u2019\u2019, le XV de France F\u00e9minin balay\u00e9 par l\u2019Angleterre\" rel=\"nofollow noopener\" target=\"_blank\"><img decoding=\"async\" src=\"https:\/\/www.europesays.com\/fr\/wp-content\/uploads\/2025\/08\/xv-de-france-feminin-10-08-25-7075.jpg\" alt=\"RUGBY. \u2018\u2018On est servi\u2019\u2019, le XV de France F\u00e9minin balay\u00e9 par l\u2019Angleterre\"\/>RUGBY. \u2018\u2018On est servi\u2019\u2019, le XV de France F\u00e9minin balay\u00e9 par l\u2019Angleterre<\/a><\/p>\n<blockquote class=\"twitter-tweet\"><p>&#13;<\/p>\n<p lang=\"en\" dir=\"ltr\">A life dedicated to rugby \ud83c\udfc9 <\/p>\n<p>Deborah Griffin \u2013 who recently became the RFU\u2019s first female president in history \u2013 reflects on her unique journey through the sport, from discovering her passion at university to helping organise the first-ever Women\u2019s <a href=\"https:\/\/twitter.com\/rugbyworldcup?ref_src=twsrc%5Etfw\" rel=\"nofollow noopener\" target=\"_blank\">@rugbyworldcup<\/a> in 1991. <a href=\"https:\/\/t.co\/h03A4XdwA6\" rel=\"nofollow\">pic.twitter.com\/h03A4XdwA6<\/a><\/p>\n<p>&#13;<br \/>\n\u2014 England Rugby (@EnglandRugby) <a href=\"https:\/\/twitter.com\/EnglandRugby\/status\/1952770583143583861?ref_src=twsrc%5Etfw\" rel=\"nofollow noopener\" target=\"_blank\">August 5, 2025<\/a><\/p><\/blockquote>\n<p>Pionni\u00e8re de la 1\u00e8re CDM f\u00e9minine<\/p>\n<p>Si elle n&rsquo;est pas connue du grand public, elle l&rsquo;est cependant dans le monde du rugby, notamment f\u00e9minin. Griffin est une ancienne joueuse et <strong>son principal fait d&rsquo;arme a \u00e9t\u00e9 d&rsquo;\u00eatre \u00e0 l&rsquo;origine de la cr\u00e9ation de la premi\u00e8re <a href=\"https:\/\/www.lerugbynistere.fr\/international\/coupe-du-monde-rugby\/\" ui-sref=\"app.competition({competitionId: 9})\" alt=\"Coupe du monde\" data-route=\"app.competition\" data-param=\"competitionId\" data-id=\"9\" rel=\"nofollow noopener\" target=\"_blank\">Coupe du monde<\/a> f\u00e9minine<\/strong>.<\/p>\n<p>Sans l&rsquo;aval des instances, centr\u00e9es sur le rugby masculin, <strong>Deborah Griffin a cr\u00e9\u00e9, avec trois de ses co\u00e9quipi\u00e8res de l&rsquo;\u00e9poque au Richmond FC, la premi\u00e8re Coupe du monde f\u00e9minine de l&rsquo;Histoire<\/strong>. Cette derni\u00e8re s&rsquo;est d\u00e9roul\u00e9e en 1991.<\/p>\n<p>Pour cela notamment, elle a \u00e9t\u00e9 intronis\u00e9e au World Rugby Hall of Fame en 2022, une liste qui regroupe les noms des plus grands joueurs et acteurs du rugby de l&rsquo;Histoire. Et 10 \u00e9ditions plus tard, <strong>Deborah Griffin se retrouve \u00e0 la t\u00eate de la RFU, \u00e0 quelques semaines du coup d&rsquo;envoi du mondial 2025, qui se tient justement en Angleterre<\/strong>.<\/p>\n<p><a class=\"inserer_lien_article\" href=\"https:\/\/www.lerugbynistere.fr\/news\/top-14-jai-encore-plus-faim-zach-mercer-est-a-toulon-mais-pas-pour-faire-de-la-figuration-1108251310.php\" data-id=\"45793\" data-route=\"app.article\" data-param=\"articleId\" ui-sref=\"app.article({articleId: 45793})\" alt=\"TOP 14. &#039;&#039;J&#039;ai encore plus faim&#039;&#039; : Zach Mercer est \u00e0 Toulon, mais pas pour faire de la figuration\" title=\"TOP 14. &#039;&#039;J&#039;ai encore plus faim&#039;&#039; : Zach Mercer est \u00e0 Toulon, mais pas pour faire de la figuration\" rel=\"nofollow noopener\" target=\"_blank\"><img decoding=\"async\" src=\"https:\/\/www.europesays.com\/fr\/wp-content\/uploads\/2025\/08\/1754949253_352_zach-mercer-de-retour-a-toulon-11-08-25-3566.jpg\" alt=\"TOP 14. ''J'ai encore plus faim'' : Zach Mercer est \u00e0 Toulon, mais pas pour faire de la figuration\"\/>TOP 14. \u00a0\u00bbJ&rsquo;ai encore plus faim\u00a0\u00bb : Zach Mercer est \u00e0 Toulon, mais pas pour faire de la figuration<\/a><\/p>\n<p>Ancienne joueuse devenue actrice du rugby mondial<\/p>\n<p>Deborah Griffin est donc une ancienne joueuse, avant de se reconvertir dans les instances rugbystiques. <strong>Au sein de sa f\u00e9d\u00e9ration d&rsquo;abord en 2010, o\u00f9 elle int\u00e8gre le conseil administratif<\/strong>.<\/p>\n<p>Elle est ensuite \u00e9lue au bureau d&rsquo;administration de la RFU, en 2014, <strong>et est, en 2018, \u00e9lue au bureau d&rsquo;administration de World Rugby<\/strong>. Deborah Griffin a toujours pouss\u00e9 afin de d\u00e9velopper le rugby f\u00e9minin et se retrouve, maintenant, \u00e0 la t\u00eate de la f\u00e9d\u00e9ration de la meilleure \u00e9quipe mondiale f\u00e9mininee et favorite de la Coupe du monde.<\/p>\n<p><a class=\"inserer_lien_article\" href=\"https:\/\/www.lerugbynistere.fr\/news\/video-un-bronco-apres-43-jours-de-coupure-reprise-en-sueur-pour-le-stade-toulousain-1108251532.php\" data-id=\"45794\" data-route=\"app.article\" data-param=\"articleId\" ui-sref=\"app.article({articleId: 45794})\" alt=\"VIDEO. Un Bronco apr\u00e8s 43 jours de coupure : reprise en sueur pour le Stade Toulousain\" title=\"VIDEO. Un Bronco apr\u00e8s 43 jours de coupure : reprise en sueur pour le Stade Toulousain\" rel=\"nofollow noopener\" target=\"_blank\"><img decoding=\"async\" src=\"https:\/\/www.europesays.com\/fr\/wp-content\/uploads\/2025\/08\/yt-11-08-25-4331.jpg\" alt=\"VIDEO. Un Bronco apr\u00e8s 43 jours de coupure : reprise en sueur pour le Stade Toulousain\"\/>VIDEO. Un Bronco apr\u00e8s 43 jours de coupure : reprise en sueur pour le Stade Toulousain<\/a><\/p>\n<p>                            <script async src=\"https:\/\/platform.twitter.com\/widgets.js\" charset=\"utf-8\"><\/script><\/p>\n","protected":false},"excerpt":{"rendered":"C&rsquo;est une nouvelle historique qui vient de toucher le rugby. Pour la premi\u00e8re fois de son Histoire, la\u00a0f\u00e9d\u00e9ration&hellip;\n","protected":false},"author":2,"featured_media":312526,"comment_status":"","ping_status":"","sticky":false,"template":"","format":"standard","meta":{"footnotes":""},"categories":[1416],"tags":[1011,27,479,1468,60],"class_list":{"0":"post-312525","1":"post","2":"type-post","3":"status-publish","4":"format-standard","5":"has-post-thumbnail","7":"category-rugby","8":"tag-fr","9":"tag-france","10":"tag-rugby","11":"tag-rugby-football","12":"tag-sports"},"share_on_mastodon":{"url":"https:\/\/pubeurope.com\/@fr\/115012361573867848","error":""},"_links":{"self":[{"href":"https:\/\/www.europesays.com\/fr\/wp-json\/wp\/v2\/posts\/312525","targetHints":{"allow":["GET"]}}],"collection":[{"href":"https:\/\/www.europesays.com\/fr\/wp-json\/wp\/v2\/posts"}],"about":[{"href":"https:\/\/www.europesays.com\/fr\/wp-json\/wp\/v2\/types\/post"}],"author":[{"embeddable":true,"href":"https:\/\/www.europesays.com\/fr\/wp-json\/wp\/v2\/users\/2"}],"replies":[{"embeddable":true,"href":"https:\/\/www.europesays.com\/fr\/wp-json\/wp\/v2\/comments?post=312525"}],"version-history":[{"count":0,"href":"https:\/\/www.europesays.com\/fr\/wp-json\/wp\/v2\/posts\/312525\/revisions"}],"wp:featuredmedia":[{"embeddable":true,"href":"https:\/\/www.europesays.com\/fr\/wp-json\/wp\/v2\/media\/312526"}],"wp:attachment":[{"href":"https:\/\/www.europesays.com\/fr\/wp-json\/wp\/v2\/media?parent=312525"}],"wp:term":[{"taxonomy":"category","embeddable":true,"href":"https:\/\/www.europesays.com\/fr\/wp-json\/wp\/v2\/categories?post=312525"},{"taxonomy":"post_tag","embeddable":true,"href":"https:\/\/www.europesays.com\/fr\/wp-json\/wp\/v2\/tags?post=312525"}],"curies":[{"name":"wp","href":"https:\/\/api.w.org\/{rel}","templated":true}]}}