{"id":312528,"date":"2025-08-11T21:57:20","date_gmt":"2025-08-11T21:57:20","guid":{"rendered":"https:\/\/www.europesays.com\/fr\/312528\/"},"modified":"2025-08-11T21:57:20","modified_gmt":"2025-08-11T21:57:20","slug":"les-freres-marquez-dominent-un-grand-prix-dallemagne-chaotique-quartararo-au-pied-du-podium","status":"publish","type":"post","link":"https:\/\/www.europesays.com\/fr\/312528\/","title":{"rendered":"les fr\u00e8res Marquez dominent un Grand Prix d\u2019Allemagne chaotique, Quartararo au pied du podium"},"content":{"rendered":"<p>Sans trembler, Marc Marquez a triomph\u00e9 ce dimanche devant son fr\u00e8re cadet Alex. Seulement dix pilotes ont termin\u00e9 cette course apr\u00e8s une ribambelle d\u2019abandons.<\/p>\n<p class=\"fig-paragraph\">Doubl\u00e9 fraternel.\u00a0<a href=\"http:\/\/www.lefigaro.fr\/sports\/moto\/motogp-marc-marquez-arrache-la-victoire-sur-le-sprint-en-allemagne-quartararo-troisieme-20250712\" target=\"_blank\" data-fig-type=\"NewsFlash\" rel=\"noopener\" data-gtm-custom-categorie=\"navigation\" data-gtm-custom-action=\"crossclick\" data-gtm-custom-label=\"Contextuel\" data-gtm-event=\"customEventSPE\" data-fig-domain=\"LEFIGARO\">L&rsquo;Espagnol Marc Marquez<\/a>\u00a0(Ducati) a remport\u00e9 sans trembler le Grand Prix d&rsquo;Allemagne de MotoGP, devant son fr\u00e8re Alex (Ducati-Gresini) et l&rsquo;Italien Francesco Bagnaia (Ducati), alors que le Fran\u00e7ais Fabio Quartararo a pris la quatri\u00e8me place, dimanche au Sachsenring.<\/p>\n<p class=\"fig-paragraph\">Le sextuple champion du monde a encore prouv\u00e9 qu&rsquo;il \u00e9tait dans son jardin sur le trac\u00e9 allemand puisqu&rsquo;il y a d\u00e9croch\u00e9 sa neuvi\u00e8me victoire en dix GP dans la cat\u00e9gorie reine, un record.<\/p>\n<p>                                    <a class=\"fig-a11y-skip a11y-hidden\" href=\"#fig-a11y-skip-main-inarticle\"><br \/>\n        Passer la publicit\u00e9<br \/>\n    <\/a><\/p>\n<p class=\"fig-paragraph\">Marc Marquez, qui a \u00e9t\u00e9 en t\u00eate de bout en bout de la course, a finalement devanc\u00e9 ses deux poursuivants au championnat, son fr\u00e8re Alex et son co\u00e9quipier Bagnaia, qui sont d\u00e9sormais rel\u00e9gu\u00e9s respectivement \u00e0 83 et 147 longueurs \u00e0 mi-saison.<\/p>\n<p class=\"fig-paragraph\">\u00abLe Sachsenring est vraiment un circuit tr\u00e8s sp\u00e9cial pour moi. Je me suis senti en pleine confiance d\u00e8s le d\u00e9but de la course. C\u2019est un moment incroyable. On est \u00e0 mi-saison, pour l\u2019instant \u00e7a se passe tr\u00e8s bien mais il reste encore une moiti\u00e9 de saison et il faudra rester concentr\u00e9\u00bb, a soulign\u00e9 le Catalan.<\/p>\n<p>Seulement dix pilotes terminent la course, une premi\u00e8re depuis 2011<\/p>\n<p class=\"fig-paragraph\">La course a \u00e9t\u00e9 marqu\u00e9e par une h\u00e9catombe puisque seulement 10 pilotes sont all\u00e9s au bout, une premi\u00e8re depuis le GP d\u2019Australie en 2011\u00a0! Huit pilotes on en effet chut\u00e9 dimanche alors que deux autres \u00e9taient forfaits apr\u00e8s leurs chutes samedi, l\u2019Espagnol Maverick Vinales (KTM-Tech3) et l\u2019Italien Franco Morbidelli (Ducati-VR46).<\/p>\n<p class=\"fig-paragraph\">De plus, deux autres pilotes \u00e9taient absents sur blessure: le champion du monde en titre espagnol Jorge Martin, qui effectuera son retour la semaine prochaine en R\u00e9publique tch\u00e8que, et le Tha\u00eflandais Somkiat Chantra, bless\u00e9 \u00e0 un genou la semaine \u00e0 l\u2019entra\u00eenement et op\u00e9r\u00e9 dans la foul\u00e9e.<\/p>\n<p class=\"fig-paragraph\">Cela a permis au Fran\u00e7ais Fabio Quartararo (Yamaha) de prendre une inesp\u00e9r\u00e9e quatri\u00e8me place mais \u00e0 pr\u00e8s de vingt secondes du vainqueur apr\u00e8s avoir encore une fois manqu\u00e9 de rythme en course. \u00abJe n\u2019ai eu aucune sensation du premier au dernier tour, je n\u2019arrive pas \u00e0 prendre plaisir&#8230; On travaille dur mais on n\u2019y arrive pas, c\u2019est tr\u00e8s frustrant\u00bb, a l\u00e2ch\u00e9 le Ni\u00e7ois au micro de Canal+.<\/p>\n<p>                                    <a class=\"fig-a11y-skip a11y-hidden\" href=\"#fig-a11y-skip-main-inarticle_mtf\"><br \/>\n        Passer la publicit\u00e9<br \/>\n    <\/a><\/p>\n<p class=\"fig-paragraph\">L\u2019autre Fran\u00e7ais, Johann Zarco (Honda-LCR), est tomb\u00e9 au 18e des 30 tours alors qu\u2019il venait de grimper au cinqui\u00e8me rang apr\u00e8s la chute de Fabio Di Giannantonio (Ducati-VR46), qui \u00e9tait alors dauphin de Marc Marquez.<\/p>\n","protected":false},"excerpt":{"rendered":"Sans trembler, Marc Marquez a triomph\u00e9 ce dimanche devant son fr\u00e8re cadet Alex. Seulement dix pilotes ont termin\u00e9&hellip;\n","protected":false},"author":2,"featured_media":312529,"comment_status":"","ping_status":"","sticky":false,"template":"","format":"standard","meta":{"footnotes":""},"categories":[1413],"tags":[1011,27,1461,1457,1456,60],"class_list":{"0":"post-312528","1":"post","2":"type-post","3":"status-publish","4":"format-standard","5":"has-post-thumbnail","7":"category-moto","8":"tag-fr","9":"tag-france","10":"tag-marc-marquez","11":"tag-moto","12":"tag-motocycle","13":"tag-sports"},"share_on_mastodon":{"url":"https:\/\/pubeurope.com\/@fr\/115012373269528610","error":""},"_links":{"self":[{"href":"https:\/\/www.europesays.com\/fr\/wp-json\/wp\/v2\/posts\/312528","targetHints":{"allow":["GET"]}}],"collection":[{"href":"https:\/\/www.europesays.com\/fr\/wp-json\/wp\/v2\/posts"}],"about":[{"href":"https:\/\/www.europesays.com\/fr\/wp-json\/wp\/v2\/types\/post"}],"author":[{"embeddable":true,"href":"https:\/\/www.europesays.com\/fr\/wp-json\/wp\/v2\/users\/2"}],"replies":[{"embeddable":true,"href":"https:\/\/www.europesays.com\/fr\/wp-json\/wp\/v2\/comments?post=312528"}],"version-history":[{"count":0,"href":"https:\/\/www.europesays.com\/fr\/wp-json\/wp\/v2\/posts\/312528\/revisions"}],"wp:featuredmedia":[{"embeddable":true,"href":"https:\/\/www.europesays.com\/fr\/wp-json\/wp\/v2\/media\/312529"}],"wp:attachment":[{"href":"https:\/\/www.europesays.com\/fr\/wp-json\/wp\/v2\/media?parent=312528"}],"wp:term":[{"taxonomy":"category","embeddable":true,"href":"https:\/\/www.europesays.com\/fr\/wp-json\/wp\/v2\/categories?post=312528"},{"taxonomy":"post_tag","embeddable":true,"href":"https:\/\/www.europesays.com\/fr\/wp-json\/wp\/v2\/tags?post=312528"}],"curies":[{"name":"wp","href":"https:\/\/api.w.org\/{rel}","templated":true}]}}