{"id":312537,"date":"2025-08-11T22:02:38","date_gmt":"2025-08-11T22:02:38","guid":{"rendered":"https:\/\/www.europesays.com\/fr\/312537\/"},"modified":"2025-08-11T22:02:38","modified_gmt":"2025-08-11T22:02:38","slug":"un-elegant-appartement-parisien-pense-comme-une-maison-de-ville","status":"publish","type":"post","link":"https:\/\/www.europesays.com\/fr\/312537\/","title":{"rendered":"Un \u00e9l\u00e9gant appartement parisien pens\u00e9 comme une maison de ville"},"content":{"rendered":"<p>5 ao\u00fbt 2025<\/p>\n<p class=\"chapo\">Paris, 16e arrondissement. D\u2019un appartement bourgeois et d\u00e9contextualis\u00e9, l\u2019architecte d\u2019int\u00e9rieur et designer Rodolphe Parente a fait un pied-\u00e0-terre lumineux, largement ouvert sur le jardin qu\u2019il surplombe. Il fait la part belle aux savoir-faire, tant dans les pi\u00e8ces de mobilier sur mesure que dans les agencements structurels.<\/p>\n<p><img fetchpriority=\"high\" decoding=\"async\" width=\"1920\" height=\"1280\" src=\"https:\/\/www.europesays.com\/fr\/wp-content\/uploads\/2025\/08\/rpad-projetraphael-claireisrael-04-r.jpg\" alt=\"\" class=\"wp-image-24926\"  \/><\/p>\n<p class=\"has-drop-cap\">\u00ab\u00a0C\u2019 <\/p>\n<p>est comme une petite maison suspendue au-dessus des jardins du Ranelagh\u201d, explique l\u2019architecte d\u2019int\u00e9rieur et designer parisien <strong><a href=\"https:\/\/www.milkdecoration.com\/tag\/rodolphe-parente\/\" target=\"_blank\" rel=\"noreferrer noopener\">Rodolphe Parente<\/a><\/strong>. Lorsqu\u2019il prend possession du projet, l\u2019appartement est neuf, habitable, mais assez \u00e9loign\u00e9 de l\u2019esprit du b\u00e2timent ann\u00e9es 1940 qui l\u2019abrite. Avec ses moulures et sa cuisine \u00e0 l\u2019ancienne, il en \u00e9mane un caract\u00e8re bourgeois d\u00e9cal\u00e9. Charg\u00e9 de faire de l\u2019espace un pied-\u00e0-terre pour un couple d\u2019artistes, Rodolphe imagine un projet d\u2019une extr\u00eame fluidit\u00e9, tant de fa\u00e7on transversale que verticale, un espace \u00e0 vivre \u00e9vident, libre et fonctionnel, aux usages simples, qui fait la part belle \u00e0 la lumi\u00e8re et au jardin alentour. En t\u00e9moigne le salon-s\u00e9jour avec ses forts cadrages sur l\u2019ext\u00e9rieur et ses jeux de miroirs qui apportent des vues hors champ un peu partout dans l\u2019appartement, de telle sorte que l\u2019on peut sentir le jardin presque en permanence autour de soi. <\/p>\n<p>\n                    Colonne vert\u00e9brale de l\u2019appartement, l\u2019escalier dessin\u00e9 par Rodolphe est pens\u00e9 comme une sculpture avec ses marches en travertin \u00e9voquant des touches de piano, son socle vertical en onyx compl\u00e9t\u00e9 d\u2019un bloc de verre r\u00e9alis\u00e9 par Florent<br \/>\nBoissonnet, sa rampe en bronze martel\u00e9 et ses incursions de bronze dans chaque marche, con\u00e7ues avec la maison Pouenat.                <\/p>\n<p>\n                    Ci-dessus, les panneaux muraux sont en travertin gris. Les agencements en bois ont \u00e9t\u00e9 r\u00e9alis\u00e9s avec la manufacture Lamellux. La table basse dessin\u00e9e par Rodolphe se compose d\u2019une structure en noyer et d\u2019un plateau textur\u00e9 en lave \u00e9maill\u00e9e. Les fauteuils sont en \u00e9pic\u00e9a bross\u00e9 lasur\u00e9 habill\u00e9 de textile M\u00e9taphores.                <\/p>\n<p>Ici, l\u2019architecte d\u2019int\u00e9rieur designer a eu \u00e0 coeur de travailler un projet aussi expressif que graphique dans les mati\u00e8res, en s\u2019amusant \u00e0 cr\u00e9er des dialogues. \u201cDans cette bo\u00eete majestueuse, baign\u00e9e de lumi\u00e8re et tr\u00e8s architectur\u00e9e, j\u2019avais cette volont\u00e9 de parler des savoir-faire, d\u2019apporter la main de l\u2019artisan, c\u2019est pour cela qu\u2019on y retrouve des bois qui sont bross\u00e9s, des bronzes qui sont textur\u00e9s, martel\u00e9s \u00e0 la main, des pierres qui ne sont pas rebouch\u00e9es. C\u2019\u00e9tait important pour moi d\u2019avoir tous ces assemblages, d\u2019exprimer une forme de tension entre les savoir-faire, des mati\u00e8res tr\u00e8s expressives et une architecture tendue et \u00e9vidente. \u201d Plein de subtilit\u00e9s et riche en d\u00e9tails, l\u2019appartement a \u00e9t\u00e9 largement meubl\u00e9 avec du mobilier dessin\u00e9 par Rodolphe. \u201cDans notre esth\u00e9tique singuli\u00e8re de lignes assez tendues, on souhaitait ramener de la douceur avec du mobilier et des mati\u00e8res enveloppantes, de la souplesse et de la rondeur. \u201d \u201cJ\u2019ai une vraie passion aujourd\u2019hui pour les savoir-faire , compl\u00e8te-t-il, mais il faut y faire appel de mani\u00e8re coh\u00e9rente. Et ce qui me pla\u00eet dans le savoir-faire, c\u2019est quand il va plus loin, quand il apporte quelque chose \u00e0 la cr\u00e9ation, \u00e0 la cr\u00e9ativit\u00e9. Les personnes avec qui nous avons collabor\u00e9 ici ont toutes cette volont\u00e9 de d\u00e9placer les lignes. \u201d<\/p>\n<p>\n                    Dans la chambre, les murs sont recouverts d\u2019une paille japonaise avec des encadrements en noyer enti\u00e8rement mis sous tension, comme un paravent qui viendrait envelopper la pi\u00e8ce. Le pouf en c\u00e9ramique est de Damien Gernay (galerie Gosserez).                <\/p>\n<p>\n                    Ci-dessus, la lampe de chevet, en verre de Murano, stri\u00e9 et sabl\u00e9, a \u00e9t\u00e9 dessin\u00e9e par Rodolphe et r\u00e9alis\u00e9e sur mesure avec Veronese, maison de luminaires et de miroirs fond\u00e9e \u00e0 Paris en 1931.La t\u00eate de lit est en cuir tress\u00e9 par Lily Alcaraz et L\u00e9a Berlier, qui ont fond\u00e9 leur studio de design textile et atelier de tissage \u00e0 Paris en 2009. Le cerclage en bronze a \u00e9t\u00e9 r\u00e9alis\u00e9 par la maison Pouenat.                <\/p>\n","protected":false},"excerpt":{"rendered":"5 ao\u00fbt 2025 Paris, 16e arrondissement. D\u2019un appartement bourgeois et d\u00e9contextualis\u00e9, l\u2019architecte d\u2019int\u00e9rieur et designer Rodolphe Parente a&hellip;\n","protected":false},"author":2,"featured_media":312538,"comment_status":"","ping_status":"","sticky":false,"template":"","format":"standard","meta":{"footnotes":""},"categories":[1358],"tags":[1350,1348,1384,1385,8117,4397,1386,58,59,1011,27,16978,8886,626],"class_list":{"0":"post-312537","1":"post","2":"type-post","3":"status-publish","4":"format-standard","5":"has-post-thumbnail","7":"category-arts-et-design","8":"tag-architecture","9":"tag-arts","10":"tag-arts-and-design","11":"tag-arts-et-design","12":"tag-deco","13":"tag-decoration","14":"tag-design","15":"tag-divertissement","16":"tag-entertainment","17":"tag-fr","18":"tag-france","19":"tag-interieur","20":"tag-mobilier","21":"tag-paris"},"share_on_mastodon":{"url":"https:\/\/pubeurope.com\/@fr\/115012393209730723","error":""},"_links":{"self":[{"href":"https:\/\/www.europesays.com\/fr\/wp-json\/wp\/v2\/posts\/312537","targetHints":{"allow":["GET"]}}],"collection":[{"href":"https:\/\/www.europesays.com\/fr\/wp-json\/wp\/v2\/posts"}],"about":[{"href":"https:\/\/www.europesays.com\/fr\/wp-json\/wp\/v2\/types\/post"}],"author":[{"embeddable":true,"href":"https:\/\/www.europesays.com\/fr\/wp-json\/wp\/v2\/users\/2"}],"replies":[{"embeddable":true,"href":"https:\/\/www.europesays.com\/fr\/wp-json\/wp\/v2\/comments?post=312537"}],"version-history":[{"count":0,"href":"https:\/\/www.europesays.com\/fr\/wp-json\/wp\/v2\/posts\/312537\/revisions"}],"wp:featuredmedia":[{"embeddable":true,"href":"https:\/\/www.europesays.com\/fr\/wp-json\/wp\/v2\/media\/312538"}],"wp:attachment":[{"href":"https:\/\/www.europesays.com\/fr\/wp-json\/wp\/v2\/media?parent=312537"}],"wp:term":[{"taxonomy":"category","embeddable":true,"href":"https:\/\/www.europesays.com\/fr\/wp-json\/wp\/v2\/categories?post=312537"},{"taxonomy":"post_tag","embeddable":true,"href":"https:\/\/www.europesays.com\/fr\/wp-json\/wp\/v2\/tags?post=312537"}],"curies":[{"name":"wp","href":"https:\/\/api.w.org\/{rel}","templated":true}]}}