{"id":312541,"date":"2025-08-11T22:04:28","date_gmt":"2025-08-11T22:04:28","guid":{"rendered":"https:\/\/www.europesays.com\/fr\/312541\/"},"modified":"2025-08-11T22:04:28","modified_gmt":"2025-08-11T22:04:28","slug":"akim-est-forcement-triste-mais-aissam-medhem-reagit-a-la-mort-de-liam-dans-lepisode-du-lundi-11-aout-2025","status":"publish","type":"post","link":"https:\/\/www.europesays.com\/fr\/312541\/","title":{"rendered":"\u00ab\u00a0Akim est forc\u00e9ment triste mais&#8230;\u00a0\u00bb, A\u00efssam Medhem r\u00e9agit \u00e0 la mort de Liam dans l&rsquo;\u00e9pisode du lundi 11 ao\u00fbt 2025"},"content":{"rendered":"<p>T\u00e9l\u00e9-Loisirs s&rsquo;est entretenu avec A\u00efssam Medhem, dont le personnage d&rsquo;Akim dans Un si grand soleil r\u00e9chappe de justesse \u00e0 la mort dans l&rsquo;\u00e9pisode diffus\u00e9 ce lundi 11 ao\u00fbt 2025 sur France 3. Mais ce miracle s&rsquo;accompagne aussi d&rsquo;un drame : la mort de Liam.<\/p>\n<p>L&rsquo;\u00e9pisode d&rsquo;Un si grand soleil diffus\u00e9 ce lundi 11 ao\u00fbt 2025 sur France 3 risque de marquer les t\u00e9l\u00e9spectateurs. D&rsquo;une part pour sa violence &#8211; <a href=\"https:\/\/www.programme-tv.net\/news\/series-tv\/384979-un-si-grand-soleil-pourquoi-l-episode-inedit-de-ce-vendredi-8-aout-2025-est-deconseille-aux-moins-de-10-ans-on-a-la-reponse\/\" data-api-deeplink=\"teleloisirs:\/\/news\/384979\" target=\"_blank\" rel=\"noopener\">c&rsquo;est d&rsquo;ailleurs pour cela que, comme celui programm\u00e9 vendredi 8 ao\u00fbt, il est d\u00e9conseill\u00e9 aux moins de 10 ans<\/a> &#8211; et d&rsquo;autre part pour un \u00e9v\u00e9nement tragique : <a href=\"https:\/\/www.programme-tv.net\/news\/series-tv\/384753-un-si-grand-soleil-en-avance-liam-est-mort-akim-est-sauve-in-extremis-par-la-police-le-resume-de-l-episode-1724-du-lundi-11-aout-2025\/\" data-api-deeplink=\"teleloisirs:\/\/news\/384753\" target=\"_blank\" rel=\"noopener\">si Akim est sauv\u00e9 in extremis, Liam est de son c\u00f4t\u00e9 tu\u00e9<\/a>. D&rsquo;une balle dans le dos. Par l&rsquo;effroyable Didier, l&rsquo;organisateur du go fast ayant servi \u00e0 r\u00e9cup\u00e9rer des armes en Italie. Une issue tragique pour <a href=\"https:\/\/www.programme-tv.net\/news\/series-tv\/382676-un-si-grand-soleil-en-avance-thais-embrasse-liam-claudine-fait-du-chantage-a-margot-les-resumes-des-episodes-1702-et-1703-du-vendredi-11-juillet-2025\/\" data-api-deeplink=\"teleloisirs:\/\/news\/382676\" target=\"_blank\" rel=\"noopener\">celui qui entretenait une relation avec Tha\u00efs<\/a>. Une conclusion dramatique pour Akim, aussi, qui \u00e9tait en infiltration depuis des semaines au sein de ce gang, et qui ne doit son salut qu&rsquo;\u00e0 <a href=\"https:\/\/www.programme-tv.net\/news\/series-tv\/384846-un-si-grand-soleil-en-avance-johanna-demasque-florent-liam-va-t-il-tuer-akim-pour-se-sauver-le-resume-de-l-episode-1723-du-vendredi-8-aout-2025\/\" data-api-deeplink=\"teleloisirs:\/\/news\/384846\" target=\"_blank\" rel=\"noopener\">Liam, ce dernier ayant refus\u00e9 de le tuer pour se disculper<\/a>. T\u00e9l\u00e9-Loisirs s&rsquo;est entretenu avec l&rsquo;interpr\u00e8te d&rsquo;Akim, A\u00efssam Medhem. Et le com\u00e9dien a r\u00e9agi \u00e0 la mort tragique de Liam.<\/p>\n<p>                        Un si grand soleil : A\u00efssam Medhem r\u00e9agit \u00e0 la mort de Liam dans l&rsquo;\u00e9pisode du lundi 11 ao\u00fbt 2025<\/p>\n<p>La mort, soudaine et violente, de Liam a \u00e9t\u00e9 amen\u00e9e de mani\u00e8re efficace qu&rsquo;inattendue, sa dimension tragique et son impact \u00e9motionnel n&rsquo;en sont que plus forts. Pour A\u00efssam Medhem, ce rebondissement est forc\u00e9ment vu diff\u00e9remment par Akim. \u00ab\u00a0M\u00eame si c&rsquo;\u00e9tait une op\u00e9ration d&rsquo;infiltration et qu&rsquo;il connaissait les risques, Akim a tout de m\u00eame ressenti une forme d&rsquo;attachement, de reconnaissance [envers Liam, ndlr], surtout par rapport \u00e0 toute l&rsquo;aide qu&rsquo;il lui a apport\u00e9e. Il est donc forc\u00e9ment triste pour lui\u00a0\u00bb commente ainsi le com\u00e9dien avant de poursuivre avec une analyse plus froide, une v\u00e9ritable plong\u00e9e dans l&rsquo;esprit de son personnage, \u00ab\u00a0Mais Akim est aussi un flic. Il a conscience du risque. Il sait qu&rsquo;il y a parfois malheureusement des dommages collat\u00e9raux.\u00a0\u00bb Reste d\u00e9sormais \u00e0 savoir quelles cons\u00e9quences cette mort va avoir pour Tha\u00efs et si Margot va r\u00e9ussir \u00e0 pardonner C\u00e9cile de lui avoir cach\u00e9e la mission d&rsquo;infiltration d&rsquo;Akim&#8230;<\/p>\n<p>            Un si grand soleil : Ulysse et Bilal en danger ?<\/p>\n<p>L&rsquo;autre intrigue en cours actuellement dans Un si grand soleil, c&rsquo;est celle concernant <a href=\"https:\/\/www.programme-tv.net\/news\/series-tv\/384518-un-si-grand-soleil-en-avance-thais-decouvre-le-trafic-de-liam-ulysse-trompe-bilal-le-resume-de-l-episode-1720-du-mardi-5-aout-2025\/\" data-api-deeplink=\"teleloisirs:\/\/news\/384518\" target=\"_blank\" rel=\"noopener\">le couple Ulysse \/ Bilal, le premier ayant tromp\u00e9 le second<\/a>. Se pourrait-il que des nuages viennent obscurcir leur relation ? R\u00e9ponse dans les prochains \u00e9pisodes d&rsquo;USGS. Vous \u00eates pr\u00e9venus : cela va beaucoup secouer et vous ne vous attendez certainement pas \u00e0 ce qui va arriver&#8230;<\/p>\n","protected":false},"excerpt":{"rendered":"T\u00e9l\u00e9-Loisirs s&rsquo;est entretenu avec A\u00efssam Medhem, dont le personnage d&rsquo;Akim dans Un si grand soleil r\u00e9chappe de justesse&hellip;\n","protected":false},"author":2,"featured_media":312542,"comment_status":"","ping_status":"","sticky":false,"template":"","format":"standard","meta":{"footnotes":""},"categories":[1356],"tags":[244,58,59,1011,27,876,2173,252,1364,9766],"class_list":{"0":"post-312541","1":"post","2":"type-post","3":"status-publish","4":"format-standard","5":"has-post-thumbnail","7":"category-television","8":"tag-commentaire","9":"tag-divertissement","10":"tag-entertainment","11":"tag-fr","12":"tag-france","13":"tag-france-3","14":"tag-interview","15":"tag-television","16":"tag-tv","17":"tag-un-si-grand-soleil"},"share_on_mastodon":{"url":"https:\/\/pubeurope.com\/@fr\/115012400839095084","error":""},"_links":{"self":[{"href":"https:\/\/www.europesays.com\/fr\/wp-json\/wp\/v2\/posts\/312541","targetHints":{"allow":["GET"]}}],"collection":[{"href":"https:\/\/www.europesays.com\/fr\/wp-json\/wp\/v2\/posts"}],"about":[{"href":"https:\/\/www.europesays.com\/fr\/wp-json\/wp\/v2\/types\/post"}],"author":[{"embeddable":true,"href":"https:\/\/www.europesays.com\/fr\/wp-json\/wp\/v2\/users\/2"}],"replies":[{"embeddable":true,"href":"https:\/\/www.europesays.com\/fr\/wp-json\/wp\/v2\/comments?post=312541"}],"version-history":[{"count":0,"href":"https:\/\/www.europesays.com\/fr\/wp-json\/wp\/v2\/posts\/312541\/revisions"}],"wp:featuredmedia":[{"embeddable":true,"href":"https:\/\/www.europesays.com\/fr\/wp-json\/wp\/v2\/media\/312542"}],"wp:attachment":[{"href":"https:\/\/www.europesays.com\/fr\/wp-json\/wp\/v2\/media?parent=312541"}],"wp:term":[{"taxonomy":"category","embeddable":true,"href":"https:\/\/www.europesays.com\/fr\/wp-json\/wp\/v2\/categories?post=312541"},{"taxonomy":"post_tag","embeddable":true,"href":"https:\/\/www.europesays.com\/fr\/wp-json\/wp\/v2\/tags?post=312541"}],"curies":[{"name":"wp","href":"https:\/\/api.w.org\/{rel}","templated":true}]}}