{"id":312543,"date":"2025-08-11T22:05:10","date_gmt":"2025-08-11T22:05:10","guid":{"rendered":"https:\/\/www.europesays.com\/fr\/312543\/"},"modified":"2025-08-11T22:05:10","modified_gmt":"2025-08-11T22:05:10","slug":"eric-charden-et-gilbert-montagne-prennent-un-vrai-coup-de-chaud","status":"publish","type":"post","link":"https:\/\/www.europesays.com\/fr\/312543\/","title":{"rendered":"\u00c9ric Charden et Gilbert Montagn\u00e9 prennent un vrai coup de chaud"},"content":{"rendered":"<p>LE MATCH DES TUBES (27-40) &#8211; Les deux chanteurs ont cr\u00e9\u00e9 des tubes dansants et chauds qui n\u2019ont pas pris une ride. Surtout en temps caniculaire.<\/p>\n<p><a href=\"https:\/\/www.parismatch.com\/Actu\/Environnement\/canicule-et-temperature-record-pourquoi-dexter-est-le-coupable-255455\" target=\"_blank\" rel=\"noopener\">Depuis quelques jours, la temp\u00e9rature monte dans le pays.<\/a> \u00ab\u00a0Il y a du soleil sur la France.\u00a0\u00bb <a href=\"https:\/\/www.parismatch.com\/Actu\/Environnement\/vous-avez-chaud-cinq-lieux-pour-se-rafraichir-sans-clim-255462\" target=\"_blank\" rel=\"noopener\">Une p\u00e9riode caniculaire s\u2019ouvre et l\u2019atmosph\u00e8re devient irrespirable.<\/a> La chanson aime ces temps estivaux o\u00f9 tout est possible. Si certaines n\u2019ont pas la sensualit\u00e9 de \u00ab\u00a0Boys, boys boys\u00a0\u00bb de Sabrina, elles permettent de passer du bon temps. Pour ce 27e duel, place \u00e0 \u00ab\u00a0L\u2019\u00c9t\u00e9 s\u2019ra chaud\u00a0\u00bb <a href=\"https:\/\/www.parismatch.com\/Culture\/Musique\/Deces-du-chanteur-Eric-Charden-du-duo-Stone-et-Charden-a-69-ans-ce-dimanche-156065\" target=\"_blank\" rel=\"noopener\">d\u2019\u00c9ric Charden<\/a> face au <a href=\"https:\/\/www.parismatch.com\/people\/gilbert-montagne-le-telephone-change-ma-vie-243443\" target=\"_blank\" rel=\"noopener\">\u00ab\u00a0Sunlight des tropiques\u00a0\u00bb de Gilbert Montagn\u00e9.<\/a><\/p>\n<p>En 1979, \u00c9ric Charden doit se relancer. L\u2019aventure de Stone et Charden s\u2019est termin\u00e9e et le compositeur s\u2019associe \u00e0 Didier Barbelivien pour \u00e9crire une chanson \u00e0 la mani\u00e8re \u00ab\u00a0Italo-disco\u00a0\u00bb, \u00e9lectro voire rock. Apr\u00e8s une intro musicalement grandiloquente, inspir\u00e9e d\u2019Electric Light Orchestra (\u00ab\u00a0Turn to stone\u00a0\u00bb, \u00ab\u00a0The Diary of Horace Wimp\u00a0\u00bb), le titre commence par une question obsessionnelle\u00a0: \u00ab\u00a0O\u00f9 vais-je aller\u00a0?\u00a0\u00bb \u00ab\u00a0O\u00f9 vais-je aller\u00a0? Qui vais-je aimer h\u00e9 h\u00e9, h\u00e9\u00a0? Dans quel \u00e9t\u00e9, je vais plonger h\u00e9 h\u00e9, h\u00e9\u00a0? O\u00f9 vais-je aller\u00a0? La rencontrer h\u00e9 h\u00e9, h\u00e9\u00a0\u00bb. Le rythme est soutenu et ent\u00eatant. Pas autant que le refrain\u00a0: \u00ab\u00a0L\u2019\u00e9t\u00e9 s\u2019ra chaud l\u2019\u00e9t\u00e9 s\u2019ra chaud dans les t-shirts dans les maillots. L\u2019\u00e9t\u00e9 s\u2019ra chaud l\u2019\u00e9t\u00e9 s\u2019ra chaud d\u2019la C\u00f4te d&rsquo;Azur \u00e0 Saint-Malo.\u00a0\u00bb \u00c9ric Charden, un compositeur au talent m\u00e9connu, envoie un tube de l\u2019\u00e9t\u00e9 comme on les aime\u00a0: simple, dansant, obs\u00e9dant. Pr\u00e8s de 500\u00a0000 personnes se pr\u00e9cipitent sur ce titre aux sonorit\u00e9s vari\u00e9es &#8211; le morceau se termine presque comme un slow.<\/p>\n<p>    La suite apr\u00e8s cette publicit\u00e9<\/p>\n<p>\u00ab\u00a0La classe, c\u2019est pas fait pour les nuls\u00a0\u00bb<\/p>\n<p>Le m\u00eame Didier Barbelivien remet le couvert en 1984. Cette fois-ci, il s\u2019agit d\u2019une commande de Gilbert Montagn\u00e9. Le chanteur, connu pour \u00ab\u00a0The Fool\u00a0\u00bb, monument pop incroyable, joue gros avec son album. Il compose une m\u00e9lodie avec l\u2019Italien Dario Farina. Montagn\u00e9 appelle en pleine nuit Barbelivien. Au t\u00e9l\u00e9phone, il lui fredonne la musique. Le parolier joue les impressionnistes g\u00e9ographiques \u00e0 partir de \u00ab\u00a0Viens danser\u00a0\u00bb lanc\u00e9 par Montagn\u00e9. \u00ab\u00a0Viens danser, sous les sunlights des tropiques. L\u2019amour se raconte en musique. On a toute la nuit pour s\u2019aimer. En attendant viens danser. J\u2019aime l\u2019oc\u00e9an pacifique, \u00e7a m\u2019fait quelque chose de magique.\u00a0\u00bb \u00c0 noter, une \u00e9norme erreur\u00a0: il situe l\u2019\u00e9quateur au Br\u00e9sil et place Manille \u00e0 c\u00f4t\u00e9 de Cuba. \u00ab\u00a0La classe, c\u2019est pas fait pour les nuls\u00a0\u00bb, tacle gentiment son ami Michel Sardou. V\u00e9ritable bombe dansante, \u00ab\u00a0Les Sunlights des tropiques\u00a0\u00bb fonctionne toujours autant dans les soir\u00e9es de mariage ou d\u2019anniversaire. Quelque chose de magique, on vous a dit.<\/p>\n<p>    La suite apr\u00e8s cette publicit\u00e9<\/p>\n<p>Alors qui l\u2019emporte dans ce duel au soleil\u00a0? La folie g\u00e9niale d\u2019\u00c9ric Charden ou le classique de Montagn\u00e9\u00a0? Choix corn\u00e9lien, mais il faut rendre hommage aux talents de Charden qui, d\u2019un tube de l\u2019\u00e9t\u00e9 semblant tr\u00e8s classique, rec\u00e8le d\u2019influences et de zigzags m\u00e9lodiques. On en redemande. Surtout en pleine canicule. En 2025, \u00ab\u00a0L\u2019\u00c9t\u00e9 s\u2019ra chaud\u00a0\u00bb.<\/p>\n","protected":false},"excerpt":{"rendered":"LE MATCH DES TUBES (27-40) &#8211; Les deux chanteurs ont cr\u00e9\u00e9 des tubes dansants et chauds qui n\u2019ont&hellip;\n","protected":false},"author":2,"featured_media":312544,"comment_status":"","ping_status":"","sticky":false,"template":"","format":"standard","meta":{"footnotes":""},"categories":[1355],"tags":[58,59,1011,27,1361,873],"class_list":{"0":"post-312543","1":"post","2":"type-post","3":"status-publish","4":"format-standard","5":"has-post-thumbnail","7":"category-musique","8":"tag-divertissement","9":"tag-entertainment","10":"tag-fr","11":"tag-france","12":"tag-music","13":"tag-musique"},"share_on_mastodon":{"url":"https:\/\/pubeurope.com\/@fr\/115012404761260931","error":""},"_links":{"self":[{"href":"https:\/\/www.europesays.com\/fr\/wp-json\/wp\/v2\/posts\/312543","targetHints":{"allow":["GET"]}}],"collection":[{"href":"https:\/\/www.europesays.com\/fr\/wp-json\/wp\/v2\/posts"}],"about":[{"href":"https:\/\/www.europesays.com\/fr\/wp-json\/wp\/v2\/types\/post"}],"author":[{"embeddable":true,"href":"https:\/\/www.europesays.com\/fr\/wp-json\/wp\/v2\/users\/2"}],"replies":[{"embeddable":true,"href":"https:\/\/www.europesays.com\/fr\/wp-json\/wp\/v2\/comments?post=312543"}],"version-history":[{"count":0,"href":"https:\/\/www.europesays.com\/fr\/wp-json\/wp\/v2\/posts\/312543\/revisions"}],"wp:featuredmedia":[{"embeddable":true,"href":"https:\/\/www.europesays.com\/fr\/wp-json\/wp\/v2\/media\/312544"}],"wp:attachment":[{"href":"https:\/\/www.europesays.com\/fr\/wp-json\/wp\/v2\/media?parent=312543"}],"wp:term":[{"taxonomy":"category","embeddable":true,"href":"https:\/\/www.europesays.com\/fr\/wp-json\/wp\/v2\/categories?post=312543"},{"taxonomy":"post_tag","embeddable":true,"href":"https:\/\/www.europesays.com\/fr\/wp-json\/wp\/v2\/tags?post=312543"}],"curies":[{"name":"wp","href":"https:\/\/api.w.org\/{rel}","templated":true}]}}