{"id":312555,"date":"2025-08-11T22:11:08","date_gmt":"2025-08-11T22:11:08","guid":{"rendered":"https:\/\/www.europesays.com\/fr\/312555\/"},"modified":"2025-08-11T22:11:08","modified_gmt":"2025-08-11T22:11:08","slug":"airbags-takata-la-pression-sur-les-constructeurs-cest-fait-mais-faut-il-aussi-sinquieter-des-automobilistes-sud-ouest","status":"publish","type":"post","link":"https:\/\/www.europesays.com\/fr\/312555\/","title":{"rendered":"Airbags Takata : la pression sur les constructeurs, c\u2019est fait, mais faut-il aussi s\u2019inqui\u00e9ter des automobilistes ? &#8211; Sud Ouest"},"content":{"rendered":"<ol>\n<li><a href=\"https:\/\/news.google.com\/rss\/articles\/CBMi-AFBVV95cUxNbkROYXVRM3pvVHNxRE9Td3FudHg3ZmgwYUxzRmlLaS13VDhsVUtQVGpBblJmemdkcXVucEhOOS1uSzNzcWx0dkRLQTIyQWdBdUg0emxNWTR0RU1rd2hMQWlWMGt2ZUEzTXRtZ0lxR05LV3NRVThORlozVFM1c3ZXMXl1YWY5THBaV0pmZUU1cTNaOFpvMVJ4UTh2bE9Kb0JIQVB1SVhKbV9rQ3ZqNm44eUxsMEFmejNadlRWcGJIckthLW5xazk0ajRjdlZOci1aZ1g0Sy1CMmRPVk5HUWVvS29iSmhBZEJhRDB3V25TNjRTdVp0VW9Leg?oc=5\" target=\"_blank\" rel=\"nofollow noopener\">Airbags Takata : la pression sur les constructeurs, c\u2019est fait, mais faut-il aussi s\u2019inqui\u00e9ter des automobilistes ?<\/a>&nbsp;&nbsp;Sud Ouest<\/li>\n<li><a href=\"https:\/\/news.google.com\/rss\/articles\/CBMi9AFBVV95cUxPdGZhcGM5S2lFVzM5TXhfSU45dDViZTdnZ1c5UWVTQmFVcWoyUzFJR3p2LS03NG1UMWpOMXltNXo3MEJNa213WHlEREs1aGdxMUJSVDVSR29qX2diWWhld09YYlI5VVI4bG52Snp4SldrS0tRRGhLT3A4bVFoaV91WlkzQU9YV3BhV0ZCVDEycDB0endXVl9jdy05WGhHNGFZU00yb2U4MXpBOXA2WXU5S19RM21VY2x4blFkWm1BYm9IX0EzdERIZnotNmowRzdkOWg0N0JvcUYwOG1ScXdJRUxWaEQ0dmtPbndNTGZMR25pMTAx?oc=5\" target=\"_blank\" rel=\"nofollow noopener\">Elle ach\u00e8te une Volkswagen Golf chez un concessionnaire, et d\u00e9couvre que le rappel d\u2019airbag Takata n\u2019a pas \u00e9t\u00e9 effectu\u00e9<\/a>&nbsp;&nbsp;Le Figaro<\/li>\n<li><a href=\"https:\/\/news.google.com\/rss\/articles\/CBMi2wFBVV95cUxPclR0UFp5RHZJSklxOTJaZExKS2lTLWFLa1BUNDNnam1sTHRlR1YxOTdXekJQMnhUc0xOTVl0OTIxUGkzcVo1aDE1eUQ4NzlvNkNmS1dpbTRPZUY2STdSR0I2YVBXZkt2ZUVGdmlhQWxkMkJjYnFyN0FCNXU0TEtvdWpkUmtkNDVuUmY1YU1Ld1ZsWFBMMWUwOE5PU3RmZzRkS09nSWpYcEcwdFphTWFoMUtaNmJKclQxUmc0ZTNjX0V3ekZ1OG9jZlM2UG5KUVFCbVBIRFFJOGFLWnM?oc=5\" target=\"_blank\" rel=\"nofollow noopener\">Speedy, Feu Vert, Norauto&#8230; Pourquoi des centres autos refusent les clients avec des airbags Takata<\/a>&nbsp;&nbsp;BFMTV<\/li>\n<li><a href=\"https:\/\/news.google.com\/rss\/articles\/CBMizgFBVV95cUxQaGVPRmltMFlfVW1UVjdha2RPaUppNC1FREc0R0J2eFFhTmFFbi1lRVpoWm5tTmZNZ3FEZkJBMm1fMGFJaFIxT0Z2Z0U1N2k4T01GUHpxSHJfVVQtVjdSRkxYNV9JM243WkhGbkRmUVFxdmgzZ1hDaGFxbElXT1JCc1dKX05kS1ozOUxfSmIwcF9aTXFMRHRGVWhTUVZrQk5WLXAzM2VzTzVwMjNUYTFGRGNyZXgtVlMwbkxLendCNHBJbVM0VzhXRGI0NlNxZw?oc=5\" target=\"_blank\" rel=\"nofollow noopener\">Speedy, Feu Vert\u2026 pourquoi ces garages refusent de r\u00e9parer les voitures \u00e9quip\u00e9es d\u2019airbags Takata<\/a>&nbsp;&nbsp;Actu.fr<\/li>\n<li><a href=\"https:\/\/news.google.com\/rss\/articles\/CBMiuAFBVV95cUxQZzZqbWhHVHBiREpzSlctUWlKdHFLcm12bEVDdExLSzliVXNXQmdYOEhHQU9KR0hmRThISHB1UnFNdXBhd2R6Q3pZZ3Z2UzJEVWlxWXl1eHRVNmRFNkF3MGV0b0NRQzVzc2RjZUtqYWRVbF9ORlhHTksxNGQta0l3LUdxNWJpTENPbmN0bXZDbHp1OTFac2huOFBQMTVMeGR0eWdGYzd6WVlNbmFmRXRsN2FpUFk4UTE1?oc=5\" target=\"_blank\" rel=\"nofollow noopener\">Airbags Takata : quelle prise en charge en Indre-et-Loire ?<\/a>&nbsp;&nbsp;lanouvellerepublique.fr<\/li>\n<\/ol>\n","protected":false},"excerpt":{"rendered":"Airbags Takata : la pression sur les constructeurs, c\u2019est fait, mais faut-il aussi s\u2019inqui\u00e9ter des automobilistes ?&nbsp;&nbsp;Sud Ouest&hellip;\n","protected":false},"author":2,"featured_media":1445,"comment_status":"","ping_status":"","sticky":false,"template":"","format":"standard","meta":{"footnotes":""},"categories":[6],"tags":[35,33,34,1011,27],"class_list":{"0":"post-312555","1":"post","2":"type-post","3":"status-publish","4":"format-standard","5":"has-post-thumbnail","7":"category-economie","8":"tag-business","9":"tag-economie","10":"tag-economy","11":"tag-fr","12":"tag-france"},"share_on_mastodon":{"url":"https:\/\/pubeurope.com\/@fr\/115012428324937585","error":""},"_links":{"self":[{"href":"https:\/\/www.europesays.com\/fr\/wp-json\/wp\/v2\/posts\/312555","targetHints":{"allow":["GET"]}}],"collection":[{"href":"https:\/\/www.europesays.com\/fr\/wp-json\/wp\/v2\/posts"}],"about":[{"href":"https:\/\/www.europesays.com\/fr\/wp-json\/wp\/v2\/types\/post"}],"author":[{"embeddable":true,"href":"https:\/\/www.europesays.com\/fr\/wp-json\/wp\/v2\/users\/2"}],"replies":[{"embeddable":true,"href":"https:\/\/www.europesays.com\/fr\/wp-json\/wp\/v2\/comments?post=312555"}],"version-history":[{"count":0,"href":"https:\/\/www.europesays.com\/fr\/wp-json\/wp\/v2\/posts\/312555\/revisions"}],"wp:featuredmedia":[{"embeddable":true,"href":"https:\/\/www.europesays.com\/fr\/wp-json\/wp\/v2\/media\/1445"}],"wp:attachment":[{"href":"https:\/\/www.europesays.com\/fr\/wp-json\/wp\/v2\/media?parent=312555"}],"wp:term":[{"taxonomy":"category","embeddable":true,"href":"https:\/\/www.europesays.com\/fr\/wp-json\/wp\/v2\/categories?post=312555"},{"taxonomy":"post_tag","embeddable":true,"href":"https:\/\/www.europesays.com\/fr\/wp-json\/wp\/v2\/tags?post=312555"}],"curies":[{"name":"wp","href":"https:\/\/api.w.org\/{rel}","templated":true}]}}