{"id":312556,"date":"2025-08-11T22:12:12","date_gmt":"2025-08-11T22:12:12","guid":{"rendered":"https:\/\/www.europesays.com\/fr\/312556\/"},"modified":"2025-08-11T22:12:12","modified_gmt":"2025-08-11T22:12:12","slug":"le-celebre-journaliste-dal-jazeera-anas-al-sharif-tue-a-gaza-liberation","status":"publish","type":"post","link":"https:\/\/www.europesays.com\/fr\/312556\/","title":{"rendered":"le c\u00e9l\u00e8bre journaliste d\u2019Al-Jazeera Anas al-Sharif tu\u00e9 \u00e0 Gaza \u2013 Lib\u00e9ration"},"content":{"rendered":"<p class=\"sc-ksZaOG ehjQrN text-element\">Le sourire d\u2019Anas al-Sharif traverse son visage. Ses cheveux sont proprement peign\u00e9s. Sa barbe est ras\u00e9e de pr\u00e8s. Il tient ses deux enfants, Sham et Salah, sur ses genoux. Eux aussi sourient. La photo appara\u00eet sur<a href=\"https:\/\/www.instagram.com\/p\/DFIQVv1sfsY\/\" target=\"_blank\" rel=\"nofollow noopener\" title=\"https:\/\/www.instagram.com\/p\/DFIQVv1sfsY\/\"> son compte Instagram<\/a>, juste au-dessus de son testament, publi\u00e9 dimanche 10 ao\u00fbt. Un texte qu\u2019il avait \u00e9crit en avril, dans l\u2019\u00e9ventualit\u00e9 o\u00f9 il mourrait sous les bombes, \u00e0 Gaza. <a href=\"https:\/\/www.liberation.fr\/international\/moyen-orient\/guerre-a-gaza-cinq-journalistes-dal-jazeera-dont-anas-al-sharif-tues-dans-une-frappe-israelienne-20250811_TV3VXZLUF5H3PKCDEYF7Z6RMKU\/\" target=\"_blank\" rel=\"nofollow noopener\" title=\"https:\/\/www.liberation.fr\/international\/moyen-orient\/guerre-a-gaza-cinq-journalistes-dal-jazeera-dont-anas-al-sharif-tues-dans-une-frappe-israelienne-20250811_TV3VXZLUF5H3PKCDEYF7Z6RMKU\/\">Ce jour est arriv\u00e9.<\/a><\/p>\n<p class=\"sc-ksZaOG ehjQrN text-element\">\u00abSi ces mots vous parviennent, sachez qu\u2019Isra\u00ebl a r\u00e9ussi \u00e0 me tuer et \u00e0 faire taire ma voix\u00bb, dit-il de mani\u00e8re posthume \u00e0 ses 1,6 million d\u2019abonn\u00e9s. Anas al-Sharif \u00e9tait correspondant pour la cha\u00eene d\u2019information Al-Jazeera et faisait partie des derniers journalistes \u00e0 raconter la vie dans le nord de l\u2019enclave palestinienne. Il se trouvait dans une tente \u00e0 proximit\u00e9 du complexe m\u00e9dical Al-Shifa, \u00e0 Gaza City, lorsqu\u2019il a \u00e9t\u00e9 pris pour cible par l\u2019arm\u00e9e isra\u00e9lienne. Quelques minutes avant sa mort, Anas al-Sharif couvrait pour sa ch<\/p>\n<p><script async src=\"\/\/www.instagram.com\/embed.js\"><\/script><\/p>\n","protected":false},"excerpt":{"rendered":"Le sourire d\u2019Anas al-Sharif traverse son visage. Ses cheveux sont proprement peign\u00e9s. Sa barbe est ras\u00e9e de pr\u00e8s.&hellip;\n","protected":false},"author":2,"featured_media":312557,"comment_status":"","ping_status":"","sticky":false,"template":"","format":"standard","meta":{"footnotes":""},"categories":[5],"tags":[11,1011,27,3517,3522,14,3523,10402,45232,12,3520,28],"class_list":{"0":"post-312556","1":"post","2":"type-post","3":"status-publish","4":"format-standard","5":"has-post-thumbnail","7":"category-international","8":"tag-actualites","9":"tag-fr","10":"tag-france","11":"tag-gaza-l-escalade","12":"tag-guerre-hamas-israel","13":"tag-international","14":"tag-israel-palestine-conflit","15":"tag-liberte-de-la-presse","16":"tag-liberte-d-expression","17":"tag-news","18":"tag-tsahal","19":"tag-world"},"share_on_mastodon":{"url":"https:\/\/pubeurope.com\/@fr\/115012432287792383","error":""},"_links":{"self":[{"href":"https:\/\/www.europesays.com\/fr\/wp-json\/wp\/v2\/posts\/312556","targetHints":{"allow":["GET"]}}],"collection":[{"href":"https:\/\/www.europesays.com\/fr\/wp-json\/wp\/v2\/posts"}],"about":[{"href":"https:\/\/www.europesays.com\/fr\/wp-json\/wp\/v2\/types\/post"}],"author":[{"embeddable":true,"href":"https:\/\/www.europesays.com\/fr\/wp-json\/wp\/v2\/users\/2"}],"replies":[{"embeddable":true,"href":"https:\/\/www.europesays.com\/fr\/wp-json\/wp\/v2\/comments?post=312556"}],"version-history":[{"count":0,"href":"https:\/\/www.europesays.com\/fr\/wp-json\/wp\/v2\/posts\/312556\/revisions"}],"wp:featuredmedia":[{"embeddable":true,"href":"https:\/\/www.europesays.com\/fr\/wp-json\/wp\/v2\/media\/312557"}],"wp:attachment":[{"href":"https:\/\/www.europesays.com\/fr\/wp-json\/wp\/v2\/media?parent=312556"}],"wp:term":[{"taxonomy":"category","embeddable":true,"href":"https:\/\/www.europesays.com\/fr\/wp-json\/wp\/v2\/categories?post=312556"},{"taxonomy":"post_tag","embeddable":true,"href":"https:\/\/www.europesays.com\/fr\/wp-json\/wp\/v2\/tags?post=312556"}],"curies":[{"name":"wp","href":"https:\/\/api.w.org\/{rel}","templated":true}]}}